{"id":1299,"date":"2024-03-04T14:02:03","date_gmt":"2024-03-04T14:02:03","guid":{"rendered":"https:\/\/www.weberlaw.de\/?p=1299"},"modified":"2026-03-31T17:14:46","modified_gmt":"2026-03-31T17:14:46","slug":"haftung-des-steuerberaters-und-wirtschaftspruefers-fuer-steuerschulden-nach-%c2%a7-71-ao-%cb%83","status":"publish","type":"post","link":"https:\/\/www.weberlaw.de\/de\/haftung-des-steuerberaters-und-wirtschaftspruefers-fuer-steuerschulden-nach-%c2%a7-71-ao-%cb%83\/","title":{"rendered":"Haftung des Steuerberaters und Wirtschaftspr\u00fcfers f\u00fcr Steuerschulden nach \u00a7 71 AO [\u2026] \u02c3"},"content":{"rendered":"<p style=\"text-align: left;\">Besprechung des <strong><a href=\"https:\/\/www.bundesfinanzhof.de\/de\/entscheidung\/entscheidungen-online\/detail\/STRE202350124\/\">BFH-Beschlusses v. 28.2.2023 &#8211; VII R 29\/18 <\/a><\/strong>mit Praxishinweisen <strong>in NWB-Ausgabe (Steuer- und Wirtschaftsrecht) Nr. 9\/2024, S.603-611<\/strong>:<\/p>\n<p style=\"text-align: left;\">Die Einstellung des eingeleiteten Steuerstrafverfahrens nach \u00a7 170 Abs.2 StPO bzw. nach \u00a7 153a StPO oder die wirksam erstattete Selbstanzeige nach \u00a7 371 AO in der Zeit vor dem Erlass des Haftungsbescheids nach \u00a7 71 AO f\u00fchren nicht dazu, dass der Haftungsschuldner nicht in Anspruch genommen wird.<\/p>\n<p style=\"text-align: left;\">Dabei haben die Finanzbeh\u00f6rden und die Finanzgerichte einen eigenen Beurteilungs- und Entscheidungsspielraum, so dass sie sich einerseits die Feststellungen des Strafgerichts im Fall der Verurteilung zu eigen machen und andererseits aufgrund eigener Feststellungen zur vollen \u00dcberzeugung einer Steuerhinterziehung im Fall des Freispruchs gelangen k\u00f6nnen.<\/p>\n<p style=\"text-align: left;\">Die Finanzbeh\u00f6rden k\u00f6nnen sich insoweit auch auf die Ermittlungsergebnisse einer anderen Finanzbeh\u00f6rde (z.\u00a0B. der Steuerfahndung) st\u00fctzen. Die Ermittlungsergebnisse der anderen Beh\u00f6rde m\u00fcssen lediglich in sich nachvollziehbar sein und erkennen lassen, worauf sie im Einzelnen beruhen.<\/p>\n<p style=\"text-align: left;\">Rechtsanw\u00e4lte, Steuerberater und Wirtschaftspr\u00fcfer sind gut beraten, im Rahmen ihrer steuerberatenden T\u00e4tigkeiten lediglich ihre berufstypischen oder neutralen Handlungen auszu\u00fcben.<\/p>\n<p style=\"text-align: left;\">Ein professionell Handelnder wie ein Rechtsanwalt, Steuerberater oder Wirtschaftspr\u00fcfer darf wegen der \u201eberuflichen Normalit\u00e4t\u201c seines Handelns auf die Legalit\u00e4t des fremden Tuns seiner Mandanten vertrauen, es sei denn, das von dem Berater erkannte Risiko strafbaren Verhaltens des von ihm Unterst\u00fctzten ist derart hoch, dass er sich mit seiner Hilfeleistung \u201edie F\u00f6rderung eines erkennbar tatgeneigten T\u00e4ters angelegen sein l\u00e4sst\u201c.<\/p>\n<p style=\"text-align: left;\"><strong>Der ganze Beitrag ist im folgenden Link kostenlos zu lesen:<\/strong><\/p>\n<p style=\"text-align: left;\"><strong><a href=\"https:\/\/datenbank.nwb.de\/Dokument\/1037524\/\">Haftung des Steuerberaters und Wirtschaftspr\u00fcfers f\u00fcr Steuerschulden nach \u00a7\u00a071 AO &#8211; NWB Zeitschriften<\/a><\/strong><\/p>\n<p style=\"text-align: left;\">Ansprechpartner f\u00fcr Steuerstrafrecht, Wirtschaftsstrafrecht, Steuerstreitrecht und Umsatzsteuerrecht, Seminare und Inhouse-Schulungen: Konstantin Weber, Rechtsanwalt und Fachanwalt f\u00fcr Steuerrecht, Karlsruhe, Bruchsal, Rastatt, Ettlingen, Offenburg, Pforzheim, Baden-Baden, Speyer, B\u00fchl, Gaggenau, Freudenstadt, Nagold, Horb am Neckar, Rheinstetten, Bretten, Wagh\u00e4usel, Landau in der Pfalz, Germersheim, Neustadt an der Weinstra\u00dfe, Ludwigshafen am Rhein, Frankenthal (Pfalz), Ludwigshafen am Rhein, Mannheim, Schwetzingen, Heidelberg, Hockenheim, Wiesloch, Sinsheim, Mosbach, Neckargm\u00fcnd, Bad Rappenau, Eppingen, Heilbronn, Ludwigsburg, Stuttgart<\/p>\n<p style=\"text-align: left;\">Kontakt:\u00a0<a href=\"https:\/\/www.weberlaw.de\/de\/\"><strong>https:\/\/www.weberlaw.de\/de\/<\/strong><\/a><\/p>\n<p style=\"text-align: left;\">\n","protected":false},"excerpt":{"rendered":"<p>Besprechung des BFH-Beschlusses v. 28.2.2023 &#8211; VII R 29\/18 mit Praxishinweisen in NWB-Ausgabe (Steuer- und Wirtschaftsrecht) Nr. 9\/2024, S.603-611: Die Einstellung des eingeleiteten Steuerstrafverfahrens nach \u00a7 170 Abs.2 StPO bzw. nach \u00a7 153a StPO oder die wirksam erstattete Selbstanzeige nach \u00a7 371 AO in der Zeit vor dem Erlass des Haftungsbescheids nach \u00a7 71 AO [&hellip;]<\/p>\n","protected":false},"author":2,"featured_media":0,"comment_status":"closed","ping_status":"closed","sticky":false,"template":"","format":"standard","meta":{"footnotes":""},"categories":[1],"tags":[],"class_list":["post-1299","post","type-post","status-publish","format-standard","hentry","category-newsletter"],"yoast_head":"<!-- This site is optimized with the Yoast SEO plugin v27.3 - https:\/\/yoast.com\/product\/yoast-seo-wordpress\/ -->\n<title>Haftung des Steuerberaters f\u00fcr Steuerschulden<\/title>\n<meta name=\"description\" content=\"Haftung des Steuerberaters f\u00fcr Steuerschulden \u00a7 71 AO, Einstellung des Steuerstrafverfahren \u00a7 170 StPO, \u00a7 153a StPO, Selbstanzeige \u00a7 371 AO\" \/>\n<meta name=\"robots\" content=\"index, follow, max-snippet:-1, max-image-preview:large, max-video-preview:-1\" \/>\n<link rel=\"canonical\" href=\"https:\/\/www.weberlaw.de\/de\/haftung-des-steuerberaters-und-wirtschaftspruefers-fuer-steuerschulden-nach-\u00a7-71-ao-\u02c3\/\" \/>\n<meta property=\"og:locale\" content=\"de_DE\" \/>\n<meta property=\"og:type\" content=\"article\" \/>\n<meta property=\"og:title\" content=\"Haftung des Steuerberaters f\u00fcr Steuerschulden\" \/>\n<meta property=\"og:description\" content=\"Haftung des Steuerberaters f\u00fcr Steuerschulden \u00a7 71 AO, Einstellung des Steuerstrafverfahren \u00a7 170 StPO, \u00a7 153a StPO, Selbstanzeige \u00a7 371 AO\" \/>\n<meta property=\"og:url\" content=\"https:\/\/www.weberlaw.de\/de\/haftung-des-steuerberaters-und-wirtschaftspruefers-fuer-steuerschulden-nach-\u00a7-71-ao-\u02c3\/\" \/>\n<meta property=\"og:site_name\" content=\"Weber | Recht &amp; Steuern\" \/>\n<meta property=\"article:published_time\" content=\"2024-03-04T14:02:03+00:00\" \/>\n<meta property=\"article:modified_time\" content=\"2026-03-31T17:14:46+00:00\" \/>\n<meta name=\"author\" content=\"Konstantin Weber\" \/>\n<meta name=\"twitter:card\" content=\"summary_large_image\" \/>\n<meta name=\"twitter:label1\" content=\"Verfasst von\" \/>\n\t<meta name=\"twitter:data1\" content=\"Konstantin Weber\" \/>\n\t<meta name=\"twitter:label2\" content=\"Gesch\u00e4tzte Lesezeit\" \/>\n\t<meta name=\"twitter:data2\" content=\"2\u00a0Minuten\" \/>\n<script type=\"application\/ld+json\" class=\"yoast-schema-graph\">{\"@context\":\"https:\\\/\\\/schema.org\",\"@graph\":[{\"@type\":\"Article\",\"@id\":\"https:\\\/\\\/www.weberlaw.de\\\/de\\\/haftung-des-steuerberaters-und-wirtschaftspruefers-fuer-steuerschulden-nach-%c2%a7-71-ao-%cb%83\\\/#article\",\"isPartOf\":{\"@id\":\"https:\\\/\\\/www.weberlaw.de\\\/de\\\/haftung-des-steuerberaters-und-wirtschaftspruefers-fuer-steuerschulden-nach-%c2%a7-71-ao-%cb%83\\\/\"},\"author\":{\"name\":\"Konstantin Weber\",\"@id\":\"https:\\\/\\\/www.weberlaw.de\\\/de\\\/#\\\/schema\\\/person\\\/aa3de834799230a63dfdf264ad0a9f09\"},\"headline\":\"Haftung des Steuerberaters und Wirtschaftspr\u00fcfers f\u00fcr Steuerschulden nach \u00a7 71 AO [\u2026] \u02c3\",\"datePublished\":\"2024-03-04T14:02:03+00:00\",\"dateModified\":\"2026-03-31T17:14:46+00:00\",\"mainEntityOfPage\":{\"@id\":\"https:\\\/\\\/www.weberlaw.de\\\/de\\\/haftung-des-steuerberaters-und-wirtschaftspruefers-fuer-steuerschulden-nach-%c2%a7-71-ao-%cb%83\\\/\"},\"wordCount\":347,\"publisher\":{\"@id\":\"https:\\\/\\\/www.weberlaw.de\\\/de\\\/#organization\"},\"articleSection\":[\"Newsletter\"],\"inLanguage\":\"de\"},{\"@type\":\"WebPage\",\"@id\":\"https:\\\/\\\/www.weberlaw.de\\\/de\\\/haftung-des-steuerberaters-und-wirtschaftspruefers-fuer-steuerschulden-nach-%c2%a7-71-ao-%cb%83\\\/\",\"url\":\"https:\\\/\\\/www.weberlaw.de\\\/de\\\/haftung-des-steuerberaters-und-wirtschaftspruefers-fuer-steuerschulden-nach-%c2%a7-71-ao-%cb%83\\\/\",\"name\":\"Haftung des Steuerberaters f\u00fcr Steuerschulden\",\"isPartOf\":{\"@id\":\"https:\\\/\\\/www.weberlaw.de\\\/de\\\/#website\"},\"datePublished\":\"2024-03-04T14:02:03+00:00\",\"dateModified\":\"2026-03-31T17:14:46+00:00\",\"description\":\"Haftung des Steuerberaters f\u00fcr Steuerschulden \u00a7 71 AO, Einstellung des Steuerstrafverfahren \u00a7 170 StPO, \u00a7 153a StPO, Selbstanzeige \u00a7 371 AO\",\"breadcrumb\":{\"@id\":\"https:\\\/\\\/www.weberlaw.de\\\/de\\\/haftung-des-steuerberaters-und-wirtschaftspruefers-fuer-steuerschulden-nach-%c2%a7-71-ao-%cb%83\\\/#breadcrumb\"},\"inLanguage\":\"de\",\"potentialAction\":[{\"@type\":\"ReadAction\",\"target\":[\"https:\\\/\\\/www.weberlaw.de\\\/de\\\/haftung-des-steuerberaters-und-wirtschaftspruefers-fuer-steuerschulden-nach-%c2%a7-71-ao-%cb%83\\\/\"]}]},{\"@type\":\"BreadcrumbList\",\"@id\":\"https:\\\/\\\/www.weberlaw.de\\\/de\\\/haftung-des-steuerberaters-und-wirtschaftspruefers-fuer-steuerschulden-nach-%c2%a7-71-ao-%cb%83\\\/#breadcrumb\",\"itemListElement\":[{\"@type\":\"ListItem\",\"position\":1,\"name\":\"Kanzlei f\u00fcr Recht &amp; Steuern\",\"item\":\"https:\\\/\\\/www.weberlaw.de\\\/de\\\/fachanwalt-fuer-steuerrecht-in-karlsruhe-ettlingen-kanzlei-weber\\\/\"},{\"@type\":\"ListItem\",\"position\":2,\"name\":\"Haftung des Steuerberaters und Wirtschaftspr\u00fcfers f\u00fcr Steuerschulden nach \u00a7 71 AO [\u2026] \u02c3\"}]},{\"@type\":\"WebSite\",\"@id\":\"https:\\\/\\\/www.weberlaw.de\\\/de\\\/#website\",\"url\":\"https:\\\/\\\/www.weberlaw.de\\\/de\\\/\",\"name\":\"Weber | Recht &amp; Steuern\",\"description\":\"Kanzlei f\u00fcr Wirtschafts- und Steuerrecht\",\"publisher\":{\"@id\":\"https:\\\/\\\/www.weberlaw.de\\\/de\\\/#organization\"},\"potentialAction\":[{\"@type\":\"SearchAction\",\"target\":{\"@type\":\"EntryPoint\",\"urlTemplate\":\"https:\\\/\\\/www.weberlaw.de\\\/de\\\/?s={search_term_string}\"},\"query-input\":{\"@type\":\"PropertyValueSpecification\",\"valueRequired\":true,\"valueName\":\"search_term_string\"}}],\"inLanguage\":\"de\"},{\"@type\":\"Organization\",\"@id\":\"https:\\\/\\\/www.weberlaw.de\\\/de\\\/#organization\",\"name\":\"Weber Recht & Steuern Kanzlei\",\"url\":\"https:\\\/\\\/www.weberlaw.de\\\/de\\\/\",\"logo\":{\"@type\":\"ImageObject\",\"inLanguage\":\"de\",\"@id\":\"https:\\\/\\\/www.weberlaw.de\\\/de\\\/#\\\/schema\\\/logo\\\/image\\\/\",\"url\":\"https:\\\/\\\/www.weberlaw.de\\\/wp-content\\\/uploads\\\/2020\\\/05\\\/weber-recht-steuern-karlsruhe-baden-baden-3.png\",\"contentUrl\":\"https:\\\/\\\/www.weberlaw.de\\\/wp-content\\\/uploads\\\/2020\\\/05\\\/weber-recht-steuern-karlsruhe-baden-baden-3.png\",\"width\":890,\"height\":200,\"caption\":\"Weber Recht & Steuern Kanzlei\"},\"image\":{\"@id\":\"https:\\\/\\\/www.weberlaw.de\\\/de\\\/#\\\/schema\\\/logo\\\/image\\\/\"},\"sameAs\":[\"https:\\\/\\\/de.linkedin.com\\\/in\\\/konstantinweber\"]},{\"@type\":\"Person\",\"@id\":\"https:\\\/\\\/www.weberlaw.de\\\/de\\\/#\\\/schema\\\/person\\\/aa3de834799230a63dfdf264ad0a9f09\",\"name\":\"Konstantin Weber\",\"image\":{\"@type\":\"ImageObject\",\"inLanguage\":\"de\",\"@id\":\"https:\\\/\\\/secure.gravatar.com\\\/avatar\\\/c729da3aba19b03c8c704e97d38ca7d4f52fc7a904621d45b197baee2c1ce0e0?s=96&d=mm&r=g\",\"url\":\"https:\\\/\\\/secure.gravatar.com\\\/avatar\\\/c729da3aba19b03c8c704e97d38ca7d4f52fc7a904621d45b197baee2c1ce0e0?s=96&d=mm&r=g\",\"contentUrl\":\"https:\\\/\\\/secure.gravatar.com\\\/avatar\\\/c729da3aba19b03c8c704e97d38ca7d4f52fc7a904621d45b197baee2c1ce0e0?s=96&d=mm&r=g\",\"caption\":\"Konstantin Weber\"},\"description\":\"Vita Studiert in Heidelberg, Rechtsreferendariat in Karlsruhe, Stuttgart und Providence (USA) abgeschlossen, lebend und arbeitend in Karlsruhe und Baden-Baden. Verheiratet und zwei Kinder, Fachautor und Vortragender im Umsatzsteuerrecht, Steuerstrafrecht, Steuerstreitrecht und Wirtschaftsstrafrecht. Mehr Information..\"}]}<\/script>\n<!-- \/ Yoast SEO plugin. -->","yoast_head_json":{"title":"Haftung des Steuerberaters f\u00fcr Steuerschulden","description":"Haftung des Steuerberaters f\u00fcr Steuerschulden \u00a7 71 AO, Einstellung des Steuerstrafverfahren \u00a7 170 StPO, \u00a7 153a StPO, Selbstanzeige \u00a7 371 AO","robots":{"index":"index","follow":"follow","max-snippet":"max-snippet:-1","max-image-preview":"max-image-preview:large","max-video-preview":"max-video-preview:-1"},"canonical":"https:\/\/www.weberlaw.de\/de\/haftung-des-steuerberaters-und-wirtschaftspruefers-fuer-steuerschulden-nach-\u00a7-71-ao-\u02c3\/","og_locale":"de_DE","og_type":"article","og_title":"Haftung des Steuerberaters f\u00fcr Steuerschulden","og_description":"Haftung des Steuerberaters f\u00fcr Steuerschulden \u00a7 71 AO, Einstellung des Steuerstrafverfahren \u00a7 170 StPO, \u00a7 153a StPO, Selbstanzeige \u00a7 371 AO","og_url":"https:\/\/www.weberlaw.de\/de\/haftung-des-steuerberaters-und-wirtschaftspruefers-fuer-steuerschulden-nach-\u00a7-71-ao-\u02c3\/","og_site_name":"Weber | Recht &amp; Steuern","article_published_time":"2024-03-04T14:02:03+00:00","article_modified_time":"2026-03-31T17:14:46+00:00","author":"Konstantin Weber","twitter_card":"summary_large_image","twitter_misc":{"Verfasst von":"Konstantin Weber","Gesch\u00e4tzte Lesezeit":"2\u00a0Minuten"},"schema":{"@context":"https:\/\/schema.org","@graph":[{"@type":"Article","@id":"https:\/\/www.weberlaw.de\/de\/haftung-des-steuerberaters-und-wirtschaftspruefers-fuer-steuerschulden-nach-%c2%a7-71-ao-%cb%83\/#article","isPartOf":{"@id":"https:\/\/www.weberlaw.de\/de\/haftung-des-steuerberaters-und-wirtschaftspruefers-fuer-steuerschulden-nach-%c2%a7-71-ao-%cb%83\/"},"author":{"name":"Konstantin Weber","@id":"https:\/\/www.weberlaw.de\/de\/#\/schema\/person\/aa3de834799230a63dfdf264ad0a9f09"},"headline":"Haftung des Steuerberaters und Wirtschaftspr\u00fcfers f\u00fcr Steuerschulden nach \u00a7 71 AO [\u2026] \u02c3","datePublished":"2024-03-04T14:02:03+00:00","dateModified":"2026-03-31T17:14:46+00:00","mainEntityOfPage":{"@id":"https:\/\/www.weberlaw.de\/de\/haftung-des-steuerberaters-und-wirtschaftspruefers-fuer-steuerschulden-nach-%c2%a7-71-ao-%cb%83\/"},"wordCount":347,"publisher":{"@id":"https:\/\/www.weberlaw.de\/de\/#organization"},"articleSection":["Newsletter"],"inLanguage":"de"},{"@type":"WebPage","@id":"https:\/\/www.weberlaw.de\/de\/haftung-des-steuerberaters-und-wirtschaftspruefers-fuer-steuerschulden-nach-%c2%a7-71-ao-%cb%83\/","url":"https:\/\/www.weberlaw.de\/de\/haftung-des-steuerberaters-und-wirtschaftspruefers-fuer-steuerschulden-nach-%c2%a7-71-ao-%cb%83\/","name":"Haftung des Steuerberaters f\u00fcr Steuerschulden","isPartOf":{"@id":"https:\/\/www.weberlaw.de\/de\/#website"},"datePublished":"2024-03-04T14:02:03+00:00","dateModified":"2026-03-31T17:14:46+00:00","description":"Haftung des Steuerberaters f\u00fcr Steuerschulden \u00a7 71 AO, Einstellung des Steuerstrafverfahren \u00a7 170 StPO, \u00a7 153a StPO, Selbstanzeige \u00a7 371 AO","breadcrumb":{"@id":"https:\/\/www.weberlaw.de\/de\/haftung-des-steuerberaters-und-wirtschaftspruefers-fuer-steuerschulden-nach-%c2%a7-71-ao-%cb%83\/#breadcrumb"},"inLanguage":"de","potentialAction":[{"@type":"ReadAction","target":["https:\/\/www.weberlaw.de\/de\/haftung-des-steuerberaters-und-wirtschaftspruefers-fuer-steuerschulden-nach-%c2%a7-71-ao-%cb%83\/"]}]},{"@type":"BreadcrumbList","@id":"https:\/\/www.weberlaw.de\/de\/haftung-des-steuerberaters-und-wirtschaftspruefers-fuer-steuerschulden-nach-%c2%a7-71-ao-%cb%83\/#breadcrumb","itemListElement":[{"@type":"ListItem","position":1,"name":"Kanzlei f\u00fcr Recht &amp; Steuern","item":"https:\/\/www.weberlaw.de\/de\/fachanwalt-fuer-steuerrecht-in-karlsruhe-ettlingen-kanzlei-weber\/"},{"@type":"ListItem","position":2,"name":"Haftung des Steuerberaters und Wirtschaftspr\u00fcfers f\u00fcr Steuerschulden nach \u00a7 71 AO [\u2026] \u02c3"}]},{"@type":"WebSite","@id":"https:\/\/www.weberlaw.de\/de\/#website","url":"https:\/\/www.weberlaw.de\/de\/","name":"Weber | Recht &amp; Steuern","description":"Kanzlei f\u00fcr Wirtschafts- und Steuerrecht","publisher":{"@id":"https:\/\/www.weberlaw.de\/de\/#organization"},"potentialAction":[{"@type":"SearchAction","target":{"@type":"EntryPoint","urlTemplate":"https:\/\/www.weberlaw.de\/de\/?s={search_term_string}"},"query-input":{"@type":"PropertyValueSpecification","valueRequired":true,"valueName":"search_term_string"}}],"inLanguage":"de"},{"@type":"Organization","@id":"https:\/\/www.weberlaw.de\/de\/#organization","name":"Weber Recht & Steuern Kanzlei","url":"https:\/\/www.weberlaw.de\/de\/","logo":{"@type":"ImageObject","inLanguage":"de","@id":"https:\/\/www.weberlaw.de\/de\/#\/schema\/logo\/image\/","url":"https:\/\/www.weberlaw.de\/wp-content\/uploads\/2020\/05\/weber-recht-steuern-karlsruhe-baden-baden-3.png","contentUrl":"https:\/\/www.weberlaw.de\/wp-content\/uploads\/2020\/05\/weber-recht-steuern-karlsruhe-baden-baden-3.png","width":890,"height":200,"caption":"Weber Recht & Steuern Kanzlei"},"image":{"@id":"https:\/\/www.weberlaw.de\/de\/#\/schema\/logo\/image\/"},"sameAs":["https:\/\/de.linkedin.com\/in\/konstantinweber"]},{"@type":"Person","@id":"https:\/\/www.weberlaw.de\/de\/#\/schema\/person\/aa3de834799230a63dfdf264ad0a9f09","name":"Konstantin Weber","image":{"@type":"ImageObject","inLanguage":"de","@id":"https:\/\/secure.gravatar.com\/avatar\/c729da3aba19b03c8c704e97d38ca7d4f52fc7a904621d45b197baee2c1ce0e0?s=96&d=mm&r=g","url":"https:\/\/secure.gravatar.com\/avatar\/c729da3aba19b03c8c704e97d38ca7d4f52fc7a904621d45b197baee2c1ce0e0?s=96&d=mm&r=g","contentUrl":"https:\/\/secure.gravatar.com\/avatar\/c729da3aba19b03c8c704e97d38ca7d4f52fc7a904621d45b197baee2c1ce0e0?s=96&d=mm&r=g","caption":"Konstantin Weber"},"description":"Vita Studiert in Heidelberg, Rechtsreferendariat in Karlsruhe, Stuttgart und Providence (USA) abgeschlossen, lebend und arbeitend in Karlsruhe und Baden-Baden. Verheiratet und zwei Kinder, Fachautor und Vortragender im Umsatzsteuerrecht, Steuerstrafrecht, Steuerstreitrecht und Wirtschaftsstrafrecht. Mehr Information.."}]}},"_links":{"self":[{"href":"https:\/\/www.weberlaw.de\/de\/wp-json\/wp\/v2\/posts\/1299","targetHints":{"allow":["GET"]}}],"collection":[{"href":"https:\/\/www.weberlaw.de\/de\/wp-json\/wp\/v2\/posts"}],"about":[{"href":"https:\/\/www.weberlaw.de\/de\/wp-json\/wp\/v2\/types\/post"}],"author":[{"embeddable":true,"href":"https:\/\/www.weberlaw.de\/de\/wp-json\/wp\/v2\/users\/2"}],"replies":[{"embeddable":true,"href":"https:\/\/www.weberlaw.de\/de\/wp-json\/wp\/v2\/comments?post=1299"}],"version-history":[{"count":6,"href":"https:\/\/www.weberlaw.de\/de\/wp-json\/wp\/v2\/posts\/1299\/revisions"}],"predecessor-version":[{"id":2581,"href":"https:\/\/www.weberlaw.de\/de\/wp-json\/wp\/v2\/posts\/1299\/revisions\/2581"}],"wp:attachment":[{"href":"https:\/\/www.weberlaw.de\/de\/wp-json\/wp\/v2\/media?parent=1299"}],"wp:term":[{"taxonomy":"category","embeddable":true,"href":"https:\/\/www.weberlaw.de\/de\/wp-json\/wp\/v2\/categories?post=1299"},{"taxonomy":"post_tag","embeddable":true,"href":"https:\/\/www.weberlaw.de\/de\/wp-json\/wp\/v2\/tags?post=1299"}],"curies":[{"name":"wp","href":"https:\/\/api.w.org\/{rel}","templated":true}]}}