{"id":1307,"date":"2024-03-21T17:26:01","date_gmt":"2024-03-21T17:26:01","guid":{"rendered":"https:\/\/www.weberlaw.de\/?p=1307"},"modified":"2026-03-31T17:12:25","modified_gmt":"2026-03-31T17:12:25","slug":"extremfaelle-strafrechtliche-verfolgungsverjaehrung-im-steuerstrafrecht-%cb%83","status":"publish","type":"post","link":"https:\/\/www.weberlaw.de\/de\/extremfaelle-strafrechtliche-verfolgungsverjaehrung-im-steuerstrafrecht-%cb%83\/","title":{"rendered":"Strafrechtliche Verfolgungsverj\u00e4hrung im Steuerstrafrecht [\u2026] \u02c3"},"content":{"rendered":"<p style=\"text-align: left;\"><strong>Extremfall 1: Strafrechtliche Verfolgungsverj\u00e4hrung nach 37,5 Jahren<\/strong><\/p>\n<p style=\"text-align: left;\">Durch die Rechts\u00e4nderung und zwar durch das Zweite Corona-Steuerhilfegesetz v. 29.6.2020 (BGBl I 2020,1512=BStBl. I 2020,563) wurde \u00a7 376 Abs. 3 AO neu eingef\u00fchrt. Dieser Vorschrift ist zu entnehmen, dass die Verfolgungsverj\u00e4hrung der Steuerhinterziehung in besonders schweren F\u00e4llen der Steuerhinterziehung nach \u00a7 370 Abs. 3 Satz 2 Nr.1-Nr.6 AO sp\u00e4testens nach Ablauf des Zweieinhalbfachen der gesetzlichen Verj\u00e4hrungsfrist eintritt.<\/p>\n<p style=\"text-align: left;\">Weil die regul\u00e4re Verj\u00e4hrungsfrist in solchen F\u00e4llen 15 Jahre betr\u00e4gt, betr\u00e4gt das Zweieinhalbfache der Verj\u00e4hrungsfrist 37,5 Jahre. Die Verfolgungsverj\u00e4hrung tritt somit sp\u00e4testens nach 37,5 Jahren ein.<\/p>\n<p>Dies betrifft vor allem die F\u00e4lle der Steuerhinterziehung in gro\u00dfem Ausma\u00df nach \u00a7 370 Abs. 3 Satz 2 Nr.1 AO, bei denen der Ma\u00dfstab f\u00fcr die Anwendung dieser Gesetze ein Steuerhinterziehungsbetrag von mehr als 50.000,00 \u20ac pro Tat gilt (vgl. BGH, Urteil v. 27.10.2015 \u2013 1 StR 373\/15, BGHSt 61, 28).<\/p>\n<p style=\"text-align: left;\"><strong>Extremfall 2: Strafrechtliche Verfolgungsverj\u00e4hrung nach 42,5 Jahren<\/strong><\/p>\n<p style=\"text-align: left;\">Wenn das Gesetz strafsch\u00e4rfend f\u00fcr besonders schwere F\u00e4lle der Steuerhinterziehung von mehr als 5 Jahren zum Beispiel in den F\u00e4llen der \u00a7 370 Abs. 3 Satz 2 Nr.1-Nr.6 AO androht und das Hauptverfahren vor dem Landgericht er\u00f6ffnet worden ist, ruht die Verj\u00e4hrung nach \u00a7 78b Abs. 4 StGB in den F\u00e4llen des 78 Abs. 3 Nummer 4 StGB ab Er\u00f6ffnung des Hauptverfahrens, h\u00f6chstens f\u00fcr einen Zeitraum von 5 Jahren.<\/p>\n<p style=\"text-align: left;\">Dies f\u00fchrt dazu, dass die Verj\u00e4hrung in einem Fall der besonders schweren Steuerhinterziehung sp\u00e4testens nach 42,5 Jahren eintritt.<\/p>\n<p>Dies betrifft vor allem die F\u00e4lle der Steuerhinterziehung in gro\u00dfem Ausma\u00df nach \u00a7 370 Abs. 3 Satz 2 Nr.1 AO, bei denen der Ma\u00dfstab f\u00fcr die Anwendung dieser Gesetze ein Steuerhinterziehungsbetrag von mehr als 50.000,00 \u20ac pro Tat gilt (vgl. BGH, Urteil v. 27.10.2015 \u2013 1 StR 373\/15, BGHSt 61, 28).<\/p>\n<p style=\"text-align: left;\">Ansprechpartner f\u00fcr Steuerstrafrecht, Wirtschaftsstrafrecht, Steuerstreitrecht, Umsatzsteuerrecht und Beraterhaftungsrecht, Seminare und Inhouse-Schulungen: Konstantin Weber, Rechtsanwalt und Fachanwalt f\u00fcr Steuerrecht, Karlsruhe, Bruchsal, Rastatt, Ettlingen, Offenburg, Pforzheim, Baden-Baden, Speyer, B\u00fchl, Gaggenau, Freudenstadt, Nagold, Horb am Neckar, Rheinstetten, Bretten, Wagh\u00e4usel, Landau in der Pfalz, Germersheim, Neustadt an der Weinstra\u00dfe, Ludwigshafen am Rhein, Frankenthal (Pfalz), Ludwigshafen am Rhein, Mannheim, Schwetzingen, Heidelberg, Hockenheim, Wiesloch, Sinsheim, Mosbach, Neckargm\u00fcnd, Bad Rappenau, Eppingen, Heilbronn, Ludwigsburg, Stuttgart<\/p>\n<p style=\"text-align: left;\">Kontakt:\u00a0<a href=\"https:\/\/www.weberlaw.de\/de\/\"><strong style=\"font-style: inherit;\">https:\/\/www.weberlaw.de\/de\/<\/strong><\/a><\/p>\n<p>&nbsp;<\/p>\n","protected":false},"excerpt":{"rendered":"<p>Extremfall 1: Strafrechtliche Verfolgungsverj\u00e4hrung nach 37,5 Jahren Durch die Rechts\u00e4nderung und zwar durch das Zweite Corona-Steuerhilfegesetz v. 29.6.2020 (BGBl I 2020,1512=BStBl. I 2020,563) wurde \u00a7 376 Abs. 3 AO neu eingef\u00fchrt. Dieser Vorschrift ist zu entnehmen, dass die Verfolgungsverj\u00e4hrung der Steuerhinterziehung in besonders schweren F\u00e4llen der Steuerhinterziehung nach \u00a7 370 Abs. 3 Satz 2 Nr.1-Nr.6 [&hellip;]<\/p>\n","protected":false},"author":2,"featured_media":0,"comment_status":"closed","ping_status":"closed","sticky":false,"template":"","format":"standard","meta":{"footnotes":""},"categories":[1],"tags":[],"class_list":["post-1307","post","type-post","status-publish","format-standard","hentry","category-newsletter"],"yoast_head":"<!-- This site is optimized with the Yoast SEO plugin v27.3 - https:\/\/yoast.com\/product\/yoast-seo-wordpress\/ -->\n<title>Strafrechtliche Verfolgungsverj\u00e4hrung im Steuerstrafrecht<\/title>\n<meta name=\"description\" content=\"Steuerstrafrecht: Strafrechtliche Verfolgungsverj\u00e4hrung in besonders schweren F\u00e4llen der Steuerhinterziehung\" \/>\n<meta name=\"robots\" content=\"index, follow, max-snippet:-1, max-image-preview:large, max-video-preview:-1\" \/>\n<link rel=\"canonical\" href=\"https:\/\/www.weberlaw.de\/de\/extremfaelle-strafrechtliche-verfolgungsverjaehrung-im-steuerstrafrecht-\u02c3\/\" \/>\n<meta property=\"og:locale\" content=\"de_DE\" \/>\n<meta property=\"og:type\" content=\"article\" \/>\n<meta property=\"og:title\" content=\"Strafrechtliche Verfolgungsverj\u00e4hrung im Steuerstrafrecht\" \/>\n<meta property=\"og:description\" content=\"Steuerstrafrecht: Strafrechtliche Verfolgungsverj\u00e4hrung in besonders schweren F\u00e4llen der Steuerhinterziehung\" \/>\n<meta property=\"og:url\" content=\"https:\/\/www.weberlaw.de\/de\/extremfaelle-strafrechtliche-verfolgungsverjaehrung-im-steuerstrafrecht-\u02c3\/\" \/>\n<meta property=\"og:site_name\" content=\"Weber | Recht &amp; Steuern\" \/>\n<meta property=\"article:published_time\" content=\"2024-03-21T17:26:01+00:00\" \/>\n<meta property=\"article:modified_time\" content=\"2026-03-31T17:12:25+00:00\" \/>\n<meta name=\"author\" content=\"Konstantin Weber\" \/>\n<meta name=\"twitter:card\" content=\"summary_large_image\" \/>\n<meta name=\"twitter:label1\" content=\"Verfasst von\" \/>\n\t<meta name=\"twitter:data1\" content=\"Konstantin Weber\" \/>\n\t<meta name=\"twitter:label2\" content=\"Gesch\u00e4tzte Lesezeit\" \/>\n\t<meta name=\"twitter:data2\" content=\"2\u00a0Minuten\" \/>\n<script type=\"application\/ld+json\" class=\"yoast-schema-graph\">{\"@context\":\"https:\\\/\\\/schema.org\",\"@graph\":[{\"@type\":\"Article\",\"@id\":\"https:\\\/\\\/www.weberlaw.de\\\/de\\\/extremfaelle-strafrechtliche-verfolgungsverjaehrung-im-steuerstrafrecht-%cb%83\\\/#article\",\"isPartOf\":{\"@id\":\"https:\\\/\\\/www.weberlaw.de\\\/de\\\/extremfaelle-strafrechtliche-verfolgungsverjaehrung-im-steuerstrafrecht-%cb%83\\\/\"},\"author\":{\"name\":\"Konstantin Weber\",\"@id\":\"https:\\\/\\\/www.weberlaw.de\\\/de\\\/#\\\/schema\\\/person\\\/aa3de834799230a63dfdf264ad0a9f09\"},\"headline\":\"Strafrechtliche Verfolgungsverj\u00e4hrung im Steuerstrafrecht [\u2026] \u02c3\",\"datePublished\":\"2024-03-21T17:26:01+00:00\",\"dateModified\":\"2026-03-31T17:12:25+00:00\",\"mainEntityOfPage\":{\"@id\":\"https:\\\/\\\/www.weberlaw.de\\\/de\\\/extremfaelle-strafrechtliche-verfolgungsverjaehrung-im-steuerstrafrecht-%cb%83\\\/\"},\"wordCount\":359,\"publisher\":{\"@id\":\"https:\\\/\\\/www.weberlaw.de\\\/de\\\/#organization\"},\"articleSection\":[\"Newsletter\"],\"inLanguage\":\"de\"},{\"@type\":\"WebPage\",\"@id\":\"https:\\\/\\\/www.weberlaw.de\\\/de\\\/extremfaelle-strafrechtliche-verfolgungsverjaehrung-im-steuerstrafrecht-%cb%83\\\/\",\"url\":\"https:\\\/\\\/www.weberlaw.de\\\/de\\\/extremfaelle-strafrechtliche-verfolgungsverjaehrung-im-steuerstrafrecht-%cb%83\\\/\",\"name\":\"Strafrechtliche Verfolgungsverj\u00e4hrung im Steuerstrafrecht\",\"isPartOf\":{\"@id\":\"https:\\\/\\\/www.weberlaw.de\\\/de\\\/#website\"},\"datePublished\":\"2024-03-21T17:26:01+00:00\",\"dateModified\":\"2026-03-31T17:12:25+00:00\",\"description\":\"Steuerstrafrecht: Strafrechtliche Verfolgungsverj\u00e4hrung in besonders schweren F\u00e4llen der Steuerhinterziehung\",\"breadcrumb\":{\"@id\":\"https:\\\/\\\/www.weberlaw.de\\\/de\\\/extremfaelle-strafrechtliche-verfolgungsverjaehrung-im-steuerstrafrecht-%cb%83\\\/#breadcrumb\"},\"inLanguage\":\"de\",\"potentialAction\":[{\"@type\":\"ReadAction\",\"target\":[\"https:\\\/\\\/www.weberlaw.de\\\/de\\\/extremfaelle-strafrechtliche-verfolgungsverjaehrung-im-steuerstrafrecht-%cb%83\\\/\"]}]},{\"@type\":\"BreadcrumbList\",\"@id\":\"https:\\\/\\\/www.weberlaw.de\\\/de\\\/extremfaelle-strafrechtliche-verfolgungsverjaehrung-im-steuerstrafrecht-%cb%83\\\/#breadcrumb\",\"itemListElement\":[{\"@type\":\"ListItem\",\"position\":1,\"name\":\"Kanzlei f\u00fcr Recht &amp; Steuern\",\"item\":\"https:\\\/\\\/www.weberlaw.de\\\/de\\\/fachanwalt-fuer-steuerrecht-in-karlsruhe-ettlingen-kanzlei-weber\\\/\"},{\"@type\":\"ListItem\",\"position\":2,\"name\":\"Strafrechtliche Verfolgungsverj\u00e4hrung im Steuerstrafrecht [\u2026] \u02c3\"}]},{\"@type\":\"WebSite\",\"@id\":\"https:\\\/\\\/www.weberlaw.de\\\/de\\\/#website\",\"url\":\"https:\\\/\\\/www.weberlaw.de\\\/de\\\/\",\"name\":\"Weber | Recht &amp; Steuern\",\"description\":\"Kanzlei f\u00fcr Wirtschafts- und Steuerrecht\",\"publisher\":{\"@id\":\"https:\\\/\\\/www.weberlaw.de\\\/de\\\/#organization\"},\"potentialAction\":[{\"@type\":\"SearchAction\",\"target\":{\"@type\":\"EntryPoint\",\"urlTemplate\":\"https:\\\/\\\/www.weberlaw.de\\\/de\\\/?s={search_term_string}\"},\"query-input\":{\"@type\":\"PropertyValueSpecification\",\"valueRequired\":true,\"valueName\":\"search_term_string\"}}],\"inLanguage\":\"de\"},{\"@type\":\"Organization\",\"@id\":\"https:\\\/\\\/www.weberlaw.de\\\/de\\\/#organization\",\"name\":\"Weber Recht & Steuern Kanzlei\",\"url\":\"https:\\\/\\\/www.weberlaw.de\\\/de\\\/\",\"logo\":{\"@type\":\"ImageObject\",\"inLanguage\":\"de\",\"@id\":\"https:\\\/\\\/www.weberlaw.de\\\/de\\\/#\\\/schema\\\/logo\\\/image\\\/\",\"url\":\"https:\\\/\\\/www.weberlaw.de\\\/wp-content\\\/uploads\\\/2020\\\/05\\\/weber-recht-steuern-karlsruhe-baden-baden-3.png\",\"contentUrl\":\"https:\\\/\\\/www.weberlaw.de\\\/wp-content\\\/uploads\\\/2020\\\/05\\\/weber-recht-steuern-karlsruhe-baden-baden-3.png\",\"width\":890,\"height\":200,\"caption\":\"Weber Recht & Steuern Kanzlei\"},\"image\":{\"@id\":\"https:\\\/\\\/www.weberlaw.de\\\/de\\\/#\\\/schema\\\/logo\\\/image\\\/\"},\"sameAs\":[\"https:\\\/\\\/de.linkedin.com\\\/in\\\/konstantinweber\"]},{\"@type\":\"Person\",\"@id\":\"https:\\\/\\\/www.weberlaw.de\\\/de\\\/#\\\/schema\\\/person\\\/aa3de834799230a63dfdf264ad0a9f09\",\"name\":\"Konstantin Weber\",\"image\":{\"@type\":\"ImageObject\",\"inLanguage\":\"de\",\"@id\":\"https:\\\/\\\/secure.gravatar.com\\\/avatar\\\/c729da3aba19b03c8c704e97d38ca7d4f52fc7a904621d45b197baee2c1ce0e0?s=96&d=mm&r=g\",\"url\":\"https:\\\/\\\/secure.gravatar.com\\\/avatar\\\/c729da3aba19b03c8c704e97d38ca7d4f52fc7a904621d45b197baee2c1ce0e0?s=96&d=mm&r=g\",\"contentUrl\":\"https:\\\/\\\/secure.gravatar.com\\\/avatar\\\/c729da3aba19b03c8c704e97d38ca7d4f52fc7a904621d45b197baee2c1ce0e0?s=96&d=mm&r=g\",\"caption\":\"Konstantin Weber\"},\"description\":\"Vita Studiert in Heidelberg, Rechtsreferendariat in Karlsruhe, Stuttgart und Providence (USA) abgeschlossen, lebend und arbeitend in Karlsruhe und Baden-Baden. Verheiratet und zwei Kinder, Fachautor und Vortragender im Umsatzsteuerrecht, Steuerstrafrecht, Steuerstreitrecht und Wirtschaftsstrafrecht. Mehr Information..\"}]}<\/script>\n<!-- \/ Yoast SEO plugin. -->","yoast_head_json":{"title":"Strafrechtliche Verfolgungsverj\u00e4hrung im Steuerstrafrecht","description":"Steuerstrafrecht: Strafrechtliche Verfolgungsverj\u00e4hrung in besonders schweren F\u00e4llen der Steuerhinterziehung","robots":{"index":"index","follow":"follow","max-snippet":"max-snippet:-1","max-image-preview":"max-image-preview:large","max-video-preview":"max-video-preview:-1"},"canonical":"https:\/\/www.weberlaw.de\/de\/extremfaelle-strafrechtliche-verfolgungsverjaehrung-im-steuerstrafrecht-\u02c3\/","og_locale":"de_DE","og_type":"article","og_title":"Strafrechtliche Verfolgungsverj\u00e4hrung im Steuerstrafrecht","og_description":"Steuerstrafrecht: Strafrechtliche Verfolgungsverj\u00e4hrung in besonders schweren F\u00e4llen der Steuerhinterziehung","og_url":"https:\/\/www.weberlaw.de\/de\/extremfaelle-strafrechtliche-verfolgungsverjaehrung-im-steuerstrafrecht-\u02c3\/","og_site_name":"Weber | Recht &amp; Steuern","article_published_time":"2024-03-21T17:26:01+00:00","article_modified_time":"2026-03-31T17:12:25+00:00","author":"Konstantin Weber","twitter_card":"summary_large_image","twitter_misc":{"Verfasst von":"Konstantin Weber","Gesch\u00e4tzte Lesezeit":"2\u00a0Minuten"},"schema":{"@context":"https:\/\/schema.org","@graph":[{"@type":"Article","@id":"https:\/\/www.weberlaw.de\/de\/extremfaelle-strafrechtliche-verfolgungsverjaehrung-im-steuerstrafrecht-%cb%83\/#article","isPartOf":{"@id":"https:\/\/www.weberlaw.de\/de\/extremfaelle-strafrechtliche-verfolgungsverjaehrung-im-steuerstrafrecht-%cb%83\/"},"author":{"name":"Konstantin Weber","@id":"https:\/\/www.weberlaw.de\/de\/#\/schema\/person\/aa3de834799230a63dfdf264ad0a9f09"},"headline":"Strafrechtliche Verfolgungsverj\u00e4hrung im Steuerstrafrecht [\u2026] \u02c3","datePublished":"2024-03-21T17:26:01+00:00","dateModified":"2026-03-31T17:12:25+00:00","mainEntityOfPage":{"@id":"https:\/\/www.weberlaw.de\/de\/extremfaelle-strafrechtliche-verfolgungsverjaehrung-im-steuerstrafrecht-%cb%83\/"},"wordCount":359,"publisher":{"@id":"https:\/\/www.weberlaw.de\/de\/#organization"},"articleSection":["Newsletter"],"inLanguage":"de"},{"@type":"WebPage","@id":"https:\/\/www.weberlaw.de\/de\/extremfaelle-strafrechtliche-verfolgungsverjaehrung-im-steuerstrafrecht-%cb%83\/","url":"https:\/\/www.weberlaw.de\/de\/extremfaelle-strafrechtliche-verfolgungsverjaehrung-im-steuerstrafrecht-%cb%83\/","name":"Strafrechtliche Verfolgungsverj\u00e4hrung im Steuerstrafrecht","isPartOf":{"@id":"https:\/\/www.weberlaw.de\/de\/#website"},"datePublished":"2024-03-21T17:26:01+00:00","dateModified":"2026-03-31T17:12:25+00:00","description":"Steuerstrafrecht: Strafrechtliche Verfolgungsverj\u00e4hrung in besonders schweren F\u00e4llen der Steuerhinterziehung","breadcrumb":{"@id":"https:\/\/www.weberlaw.de\/de\/extremfaelle-strafrechtliche-verfolgungsverjaehrung-im-steuerstrafrecht-%cb%83\/#breadcrumb"},"inLanguage":"de","potentialAction":[{"@type":"ReadAction","target":["https:\/\/www.weberlaw.de\/de\/extremfaelle-strafrechtliche-verfolgungsverjaehrung-im-steuerstrafrecht-%cb%83\/"]}]},{"@type":"BreadcrumbList","@id":"https:\/\/www.weberlaw.de\/de\/extremfaelle-strafrechtliche-verfolgungsverjaehrung-im-steuerstrafrecht-%cb%83\/#breadcrumb","itemListElement":[{"@type":"ListItem","position":1,"name":"Kanzlei f\u00fcr Recht &amp; Steuern","item":"https:\/\/www.weberlaw.de\/de\/fachanwalt-fuer-steuerrecht-in-karlsruhe-ettlingen-kanzlei-weber\/"},{"@type":"ListItem","position":2,"name":"Strafrechtliche Verfolgungsverj\u00e4hrung im Steuerstrafrecht [\u2026] \u02c3"}]},{"@type":"WebSite","@id":"https:\/\/www.weberlaw.de\/de\/#website","url":"https:\/\/www.weberlaw.de\/de\/","name":"Weber | Recht &amp; Steuern","description":"Kanzlei f\u00fcr Wirtschafts- und Steuerrecht","publisher":{"@id":"https:\/\/www.weberlaw.de\/de\/#organization"},"potentialAction":[{"@type":"SearchAction","target":{"@type":"EntryPoint","urlTemplate":"https:\/\/www.weberlaw.de\/de\/?s={search_term_string}"},"query-input":{"@type":"PropertyValueSpecification","valueRequired":true,"valueName":"search_term_string"}}],"inLanguage":"de"},{"@type":"Organization","@id":"https:\/\/www.weberlaw.de\/de\/#organization","name":"Weber Recht & Steuern Kanzlei","url":"https:\/\/www.weberlaw.de\/de\/","logo":{"@type":"ImageObject","inLanguage":"de","@id":"https:\/\/www.weberlaw.de\/de\/#\/schema\/logo\/image\/","url":"https:\/\/www.weberlaw.de\/wp-content\/uploads\/2020\/05\/weber-recht-steuern-karlsruhe-baden-baden-3.png","contentUrl":"https:\/\/www.weberlaw.de\/wp-content\/uploads\/2020\/05\/weber-recht-steuern-karlsruhe-baden-baden-3.png","width":890,"height":200,"caption":"Weber Recht & Steuern Kanzlei"},"image":{"@id":"https:\/\/www.weberlaw.de\/de\/#\/schema\/logo\/image\/"},"sameAs":["https:\/\/de.linkedin.com\/in\/konstantinweber"]},{"@type":"Person","@id":"https:\/\/www.weberlaw.de\/de\/#\/schema\/person\/aa3de834799230a63dfdf264ad0a9f09","name":"Konstantin Weber","image":{"@type":"ImageObject","inLanguage":"de","@id":"https:\/\/secure.gravatar.com\/avatar\/c729da3aba19b03c8c704e97d38ca7d4f52fc7a904621d45b197baee2c1ce0e0?s=96&d=mm&r=g","url":"https:\/\/secure.gravatar.com\/avatar\/c729da3aba19b03c8c704e97d38ca7d4f52fc7a904621d45b197baee2c1ce0e0?s=96&d=mm&r=g","contentUrl":"https:\/\/secure.gravatar.com\/avatar\/c729da3aba19b03c8c704e97d38ca7d4f52fc7a904621d45b197baee2c1ce0e0?s=96&d=mm&r=g","caption":"Konstantin Weber"},"description":"Vita Studiert in Heidelberg, Rechtsreferendariat in Karlsruhe, Stuttgart und Providence (USA) abgeschlossen, lebend und arbeitend in Karlsruhe und Baden-Baden. Verheiratet und zwei Kinder, Fachautor und Vortragender im Umsatzsteuerrecht, Steuerstrafrecht, Steuerstreitrecht und Wirtschaftsstrafrecht. Mehr Information.."}]}},"_links":{"self":[{"href":"https:\/\/www.weberlaw.de\/de\/wp-json\/wp\/v2\/posts\/1307","targetHints":{"allow":["GET"]}}],"collection":[{"href":"https:\/\/www.weberlaw.de\/de\/wp-json\/wp\/v2\/posts"}],"about":[{"href":"https:\/\/www.weberlaw.de\/de\/wp-json\/wp\/v2\/types\/post"}],"author":[{"embeddable":true,"href":"https:\/\/www.weberlaw.de\/de\/wp-json\/wp\/v2\/users\/2"}],"replies":[{"embeddable":true,"href":"https:\/\/www.weberlaw.de\/de\/wp-json\/wp\/v2\/comments?post=1307"}],"version-history":[{"count":9,"href":"https:\/\/www.weberlaw.de\/de\/wp-json\/wp\/v2\/posts\/1307\/revisions"}],"predecessor-version":[{"id":2579,"href":"https:\/\/www.weberlaw.de\/de\/wp-json\/wp\/v2\/posts\/1307\/revisions\/2579"}],"wp:attachment":[{"href":"https:\/\/www.weberlaw.de\/de\/wp-json\/wp\/v2\/media?parent=1307"}],"wp:term":[{"taxonomy":"category","embeddable":true,"href":"https:\/\/www.weberlaw.de\/de\/wp-json\/wp\/v2\/categories?post=1307"},{"taxonomy":"post_tag","embeddable":true,"href":"https:\/\/www.weberlaw.de\/de\/wp-json\/wp\/v2\/tags?post=1307"}],"curies":[{"name":"wp","href":"https:\/\/api.w.org\/{rel}","templated":true}]}}