{"id":1328,"date":"2024-05-09T16:20:42","date_gmt":"2024-05-09T16:20:42","guid":{"rendered":"https:\/\/www.weberlaw.de\/?p=1328"},"modified":"2026-04-01T15:14:07","modified_gmt":"2026-04-01T15:14:07","slug":"benachrichtigung-des-steuerberaters-ueber-erlass-des-strafbefehls","status":"publish","type":"post","link":"https:\/\/www.weberlaw.de\/de\/benachrichtigung-des-steuerberaters-ueber-erlass-des-strafbefehls\/","title":{"rendered":"Benachrichtigung des Steuerberaters \u00fcber den Erlass des Strafbefehls [\u2026] \u02c3"},"content":{"rendered":"<h3>Benachrichtigung des Steuerberaters \u00fcber den Erlass des Strafbefehls:<\/h3>\n<p style=\"text-align: left;\"><strong>Dem Angeklagten ist gem\u00e4\u00df \u00a7 44 S. 1 StPO Wiedereinsetzung in den vorigen Stand hinsichtlich der Einspruchsfrist gegen den Strafbefehl zu gew\u00e4hren.<\/strong><\/p>\n<p style=\"text-align: left;\">Der Angeklagte war unverschuldet verhindert, die Einspruchsfrist gegen den Strafbefehl zu wahren.<\/p>\n<p style=\"text-align: left;\">Der Angeklagte durfte sich darauf verlassen, dass sein Verteidiger von der Zustellung des Strafbefehls Kenntnis erh\u00e4lt und in der Folge auch die Frist f\u00fcr einen Einspruch selbst\u00e4ndig \u00fcberwacht.<\/p>\n<p style=\"text-align: left;\">Die diesem Zweck dienende und gem\u00e4\u00df \u00a7 145 Abs. 3 S. 2 StPO vorgeschriebene Unterrichtung des damaligen Verteidigers des Angeklagten, des Steuerberaters, \u00fcber den Erlass des Strafbefehls ist nicht erfolgt.<\/p>\n<p style=\"text-align: left;\">Der Strafbefehl ist dem Verteidiger vom Amtsgericht nicht bekannt gemacht worden.<\/p>\n<p style=\"text-align: left;\">Der Steuerberater des Angeklagten war beim Erlass des Strafbefehls Verteidiger im Sinne von \u00a7 145a Abs. 3 S. 2 StPO. Gem\u00e4\u00df \u00a7 138 Abs. 1 StPO i.V.m. \u00a7 392 Abs. 1, 1.Hs AO k\u00f6nnen im selbst\u00e4ndigen Verfahren der Finanzbeh\u00f6rden Steuerberater zu Verteidigern gew\u00e4hlt werden.<\/p>\n<p style=\"text-align: left;\">Ein solches Verfahren war vorliegend jedenfalls beim Erlass des Strafbefehls durch das Amtsgericht gegeben.<\/p>\n<p style=\"text-align: left;\">Es handelte sich zum Zeitpunkt des Erlasses des Strafbefehls noch um einen Teil des selbst\u00e4ndigen Verfahrens der Finanzbeh\u00f6rden im Sinne von \u00a7 392 Abs. 1, 1. Hs. AO.<\/p>\n<p style=\"text-align: left;\">Gem\u00e4\u00df \u00a7 400 AO kann die Finanzbeh\u00f6rde bei zum Strafbefehlsverfahren geeigneten Sachen selbst\u00e4ndig beim Amtsgericht den Erlass eines Strafbefehls beantragen.<\/p>\n<p style=\"text-align: left;\">Dies hat das zust\u00e4ndige Finanzamt f\u00fcr Steuerstrafsachen und Steuerfahndung getan und das Verfahren nicht gem\u00e4\u00df \u00a7 400 Var. 2 AO an die Staatsanwaltschaft abgegeben.<\/p>\n<p style=\"text-align: left;\">Unabh\u00e4ngig von der Streitfrage, ob der Steuerberater nach Erlass eines Strafbefehls nicht mehr berechtigt w\u00e4re, als alleiniger Verteidiger aufzutreten, und damit wirksam Einspruch gegen einen von der Finanzbeh\u00f6rde selbst\u00e4ndig beantragten Strafbefehl einzulegen, w\u00e4re er jedenfalls \u00fcber dessen Erlass zu informieren.<\/p>\n<p style=\"text-align: left;\"><strong>LG K\u00f6ln, Beschluss v. 17.4.2023 \u2013 116 Qs 2\/23<\/strong><\/p>\n<p style=\"text-align: left;\">Ansprechpartner f\u00fcr Steuerstrafrecht, Wirtschaftsstrafrecht, Steuerstreitrecht, Umsatzsteuerrecht und Beraterhaftungsrecht, Seminare und Inhouse-Schulungen: Konstantin Weber, Rechtsanwalt und Fachanwalt f\u00fcr Steuerrecht, Karlsruhe, Bruchsal, Rastatt, Ettlingen, Offenburg, Pforzheim, Baden-Baden, Speyer, B\u00fchl, Gaggenau, Freudenstadt, Nagold, Horb am Neckar, Rheinstetten, Bretten, Wagh\u00e4usel, Landau in der Pfalz, Germersheim, Neustadt an der Weinstra\u00dfe, Ludwigshafen am Rhein, Frankenthal (Pfalz), Ludwigshafen am Rhein, Mannheim, Schwetzingen, Heidelberg, Hockenheim, Wiesloch, Sinsheim, Mosbach, Neckargm\u00fcnd, Bad Rappenau, Eppingen, Heilbronn, Ludwigsburg, Stuttgart<\/p>\n<p style=\"text-align: left;\">Kontakt:\u00a0<a href=\"https:\/\/www.weberlaw.de\/de\/\"><strong>https:\/\/www.weberlaw.de\/de\/<\/strong><\/a><\/p>\n","protected":false},"excerpt":{"rendered":"<p>Benachrichtigung des Steuerberaters \u00fcber den Erlass des Strafbefehls: Dem Angeklagten ist gem\u00e4\u00df \u00a7 44 S. 1 StPO Wiedereinsetzung in den vorigen Stand hinsichtlich der Einspruchsfrist gegen den Strafbefehl zu gew\u00e4hren. Der Angeklagte war unverschuldet verhindert, die Einspruchsfrist gegen den Strafbefehl zu wahren. Der Angeklagte durfte sich darauf verlassen, dass sein Verteidiger von der Zustellung des [&hellip;]<\/p>\n","protected":false},"author":2,"featured_media":0,"comment_status":"closed","ping_status":"closed","sticky":false,"template":"","format":"standard","meta":{"footnotes":""},"categories":[1],"tags":[],"class_list":["post-1328","post","type-post","status-publish","format-standard","hentry","category-newsletter"],"yoast_head":"<!-- This site is optimized with the Yoast SEO plugin v27.3 - https:\/\/yoast.com\/product\/yoast-seo-wordpress\/ -->\n<title>Benachrichtigung des Steuerberaters \u00fcber Erlass des Strafbefehls<\/title>\n<meta name=\"description\" content=\"Benachrichtigung des Steuerberaters \u00fcber Erlass des Strafbefehls, Wiedereinsetzung in vorigen Stand, Gew\u00e4hrung der Einspruchsfrist\" \/>\n<meta name=\"robots\" content=\"index, follow, max-snippet:-1, max-image-preview:large, max-video-preview:-1\" \/>\n<link rel=\"canonical\" href=\"https:\/\/www.weberlaw.de\/de\/benachrichtigung-des-steuerberaters-ueber-erlass-des-strafbefehls\/\" \/>\n<meta property=\"og:locale\" content=\"de_DE\" \/>\n<meta property=\"og:type\" content=\"article\" \/>\n<meta property=\"og:title\" content=\"Benachrichtigung des Steuerberaters \u00fcber Erlass des Strafbefehls\" \/>\n<meta property=\"og:description\" content=\"Benachrichtigung des Steuerberaters \u00fcber Erlass des Strafbefehls, Wiedereinsetzung in vorigen Stand, Gew\u00e4hrung der Einspruchsfrist\" \/>\n<meta property=\"og:url\" content=\"https:\/\/www.weberlaw.de\/de\/benachrichtigung-des-steuerberaters-ueber-erlass-des-strafbefehls\/\" \/>\n<meta property=\"og:site_name\" content=\"Weber | Recht &amp; Steuern\" \/>\n<meta property=\"article:published_time\" content=\"2024-05-09T16:20:42+00:00\" \/>\n<meta property=\"article:modified_time\" content=\"2026-04-01T15:14:07+00:00\" \/>\n<meta name=\"author\" content=\"Konstantin Weber\" \/>\n<meta name=\"twitter:card\" content=\"summary_large_image\" \/>\n<meta name=\"twitter:label1\" content=\"Verfasst von\" \/>\n\t<meta name=\"twitter:data1\" content=\"Konstantin Weber\" \/>\n\t<meta name=\"twitter:label2\" content=\"Gesch\u00e4tzte Lesezeit\" \/>\n\t<meta name=\"twitter:data2\" content=\"2\u00a0Minuten\" \/>\n<script type=\"application\/ld+json\" class=\"yoast-schema-graph\">{\"@context\":\"https:\\\/\\\/schema.org\",\"@graph\":[{\"@type\":\"Article\",\"@id\":\"https:\\\/\\\/www.weberlaw.de\\\/de\\\/benachrichtigung-des-steuerberaters-ueber-erlass-des-strafbefehls\\\/#article\",\"isPartOf\":{\"@id\":\"https:\\\/\\\/www.weberlaw.de\\\/de\\\/benachrichtigung-des-steuerberaters-ueber-erlass-des-strafbefehls\\\/\"},\"author\":{\"name\":\"Konstantin Weber\",\"@id\":\"https:\\\/\\\/www.weberlaw.de\\\/de\\\/#\\\/schema\\\/person\\\/aa3de834799230a63dfdf264ad0a9f09\"},\"headline\":\"Benachrichtigung des Steuerberaters \u00fcber den Erlass des Strafbefehls [\u2026] \u02c3\",\"datePublished\":\"2024-05-09T16:20:42+00:00\",\"dateModified\":\"2026-04-01T15:14:07+00:00\",\"mainEntityOfPage\":{\"@id\":\"https:\\\/\\\/www.weberlaw.de\\\/de\\\/benachrichtigung-des-steuerberaters-ueber-erlass-des-strafbefehls\\\/\"},\"wordCount\":370,\"publisher\":{\"@id\":\"https:\\\/\\\/www.weberlaw.de\\\/de\\\/#organization\"},\"articleSection\":[\"Newsletter\"],\"inLanguage\":\"de\"},{\"@type\":\"WebPage\",\"@id\":\"https:\\\/\\\/www.weberlaw.de\\\/de\\\/benachrichtigung-des-steuerberaters-ueber-erlass-des-strafbefehls\\\/\",\"url\":\"https:\\\/\\\/www.weberlaw.de\\\/de\\\/benachrichtigung-des-steuerberaters-ueber-erlass-des-strafbefehls\\\/\",\"name\":\"Benachrichtigung des Steuerberaters \u00fcber Erlass des Strafbefehls\",\"isPartOf\":{\"@id\":\"https:\\\/\\\/www.weberlaw.de\\\/de\\\/#website\"},\"datePublished\":\"2024-05-09T16:20:42+00:00\",\"dateModified\":\"2026-04-01T15:14:07+00:00\",\"description\":\"Benachrichtigung des Steuerberaters \u00fcber Erlass des Strafbefehls, Wiedereinsetzung in vorigen Stand, Gew\u00e4hrung der Einspruchsfrist\",\"breadcrumb\":{\"@id\":\"https:\\\/\\\/www.weberlaw.de\\\/de\\\/benachrichtigung-des-steuerberaters-ueber-erlass-des-strafbefehls\\\/#breadcrumb\"},\"inLanguage\":\"de\",\"potentialAction\":[{\"@type\":\"ReadAction\",\"target\":[\"https:\\\/\\\/www.weberlaw.de\\\/de\\\/benachrichtigung-des-steuerberaters-ueber-erlass-des-strafbefehls\\\/\"]}]},{\"@type\":\"BreadcrumbList\",\"@id\":\"https:\\\/\\\/www.weberlaw.de\\\/de\\\/benachrichtigung-des-steuerberaters-ueber-erlass-des-strafbefehls\\\/#breadcrumb\",\"itemListElement\":[{\"@type\":\"ListItem\",\"position\":1,\"name\":\"Kanzlei f\u00fcr Recht &amp; Steuern\",\"item\":\"https:\\\/\\\/www.weberlaw.de\\\/de\\\/fachanwalt-fuer-steuerrecht-in-karlsruhe-ettlingen-kanzlei-weber\\\/\"},{\"@type\":\"ListItem\",\"position\":2,\"name\":\"Benachrichtigung des Steuerberaters \u00fcber den Erlass des Strafbefehls [\u2026] \u02c3\"}]},{\"@type\":\"WebSite\",\"@id\":\"https:\\\/\\\/www.weberlaw.de\\\/de\\\/#website\",\"url\":\"https:\\\/\\\/www.weberlaw.de\\\/de\\\/\",\"name\":\"Weber | Recht &amp; Steuern\",\"description\":\"Kanzlei f\u00fcr Wirtschafts- und Steuerrecht\",\"publisher\":{\"@id\":\"https:\\\/\\\/www.weberlaw.de\\\/de\\\/#organization\"},\"potentialAction\":[{\"@type\":\"SearchAction\",\"target\":{\"@type\":\"EntryPoint\",\"urlTemplate\":\"https:\\\/\\\/www.weberlaw.de\\\/de\\\/?s={search_term_string}\"},\"query-input\":{\"@type\":\"PropertyValueSpecification\",\"valueRequired\":true,\"valueName\":\"search_term_string\"}}],\"inLanguage\":\"de\"},{\"@type\":\"Organization\",\"@id\":\"https:\\\/\\\/www.weberlaw.de\\\/de\\\/#organization\",\"name\":\"Weber Recht & Steuern Kanzlei\",\"url\":\"https:\\\/\\\/www.weberlaw.de\\\/de\\\/\",\"logo\":{\"@type\":\"ImageObject\",\"inLanguage\":\"de\",\"@id\":\"https:\\\/\\\/www.weberlaw.de\\\/de\\\/#\\\/schema\\\/logo\\\/image\\\/\",\"url\":\"https:\\\/\\\/www.weberlaw.de\\\/wp-content\\\/uploads\\\/2020\\\/05\\\/weber-recht-steuern-karlsruhe-baden-baden-3.png\",\"contentUrl\":\"https:\\\/\\\/www.weberlaw.de\\\/wp-content\\\/uploads\\\/2020\\\/05\\\/weber-recht-steuern-karlsruhe-baden-baden-3.png\",\"width\":890,\"height\":200,\"caption\":\"Weber Recht & Steuern Kanzlei\"},\"image\":{\"@id\":\"https:\\\/\\\/www.weberlaw.de\\\/de\\\/#\\\/schema\\\/logo\\\/image\\\/\"},\"sameAs\":[\"https:\\\/\\\/de.linkedin.com\\\/in\\\/konstantinweber\"]},{\"@type\":\"Person\",\"@id\":\"https:\\\/\\\/www.weberlaw.de\\\/de\\\/#\\\/schema\\\/person\\\/aa3de834799230a63dfdf264ad0a9f09\",\"name\":\"Konstantin Weber\",\"image\":{\"@type\":\"ImageObject\",\"inLanguage\":\"de\",\"@id\":\"https:\\\/\\\/secure.gravatar.com\\\/avatar\\\/c729da3aba19b03c8c704e97d38ca7d4f52fc7a904621d45b197baee2c1ce0e0?s=96&d=mm&r=g\",\"url\":\"https:\\\/\\\/secure.gravatar.com\\\/avatar\\\/c729da3aba19b03c8c704e97d38ca7d4f52fc7a904621d45b197baee2c1ce0e0?s=96&d=mm&r=g\",\"contentUrl\":\"https:\\\/\\\/secure.gravatar.com\\\/avatar\\\/c729da3aba19b03c8c704e97d38ca7d4f52fc7a904621d45b197baee2c1ce0e0?s=96&d=mm&r=g\",\"caption\":\"Konstantin Weber\"},\"description\":\"Vita Studiert in Heidelberg, Rechtsreferendariat in Karlsruhe, Stuttgart und Providence (USA) abgeschlossen, lebend und arbeitend in Karlsruhe und Baden-Baden. Verheiratet und zwei Kinder, Fachautor und Vortragender im Umsatzsteuerrecht, Steuerstrafrecht, Steuerstreitrecht und Wirtschaftsstrafrecht. Mehr Information..\"}]}<\/script>\n<!-- \/ Yoast SEO plugin. -->","yoast_head_json":{"title":"Benachrichtigung des Steuerberaters \u00fcber Erlass des Strafbefehls","description":"Benachrichtigung des Steuerberaters \u00fcber Erlass des Strafbefehls, Wiedereinsetzung in vorigen Stand, Gew\u00e4hrung der Einspruchsfrist","robots":{"index":"index","follow":"follow","max-snippet":"max-snippet:-1","max-image-preview":"max-image-preview:large","max-video-preview":"max-video-preview:-1"},"canonical":"https:\/\/www.weberlaw.de\/de\/benachrichtigung-des-steuerberaters-ueber-erlass-des-strafbefehls\/","og_locale":"de_DE","og_type":"article","og_title":"Benachrichtigung des Steuerberaters \u00fcber Erlass des Strafbefehls","og_description":"Benachrichtigung des Steuerberaters \u00fcber Erlass des Strafbefehls, Wiedereinsetzung in vorigen Stand, Gew\u00e4hrung der Einspruchsfrist","og_url":"https:\/\/www.weberlaw.de\/de\/benachrichtigung-des-steuerberaters-ueber-erlass-des-strafbefehls\/","og_site_name":"Weber | Recht &amp; Steuern","article_published_time":"2024-05-09T16:20:42+00:00","article_modified_time":"2026-04-01T15:14:07+00:00","author":"Konstantin Weber","twitter_card":"summary_large_image","twitter_misc":{"Verfasst von":"Konstantin Weber","Gesch\u00e4tzte Lesezeit":"2\u00a0Minuten"},"schema":{"@context":"https:\/\/schema.org","@graph":[{"@type":"Article","@id":"https:\/\/www.weberlaw.de\/de\/benachrichtigung-des-steuerberaters-ueber-erlass-des-strafbefehls\/#article","isPartOf":{"@id":"https:\/\/www.weberlaw.de\/de\/benachrichtigung-des-steuerberaters-ueber-erlass-des-strafbefehls\/"},"author":{"name":"Konstantin Weber","@id":"https:\/\/www.weberlaw.de\/de\/#\/schema\/person\/aa3de834799230a63dfdf264ad0a9f09"},"headline":"Benachrichtigung des Steuerberaters \u00fcber den Erlass des Strafbefehls [\u2026] \u02c3","datePublished":"2024-05-09T16:20:42+00:00","dateModified":"2026-04-01T15:14:07+00:00","mainEntityOfPage":{"@id":"https:\/\/www.weberlaw.de\/de\/benachrichtigung-des-steuerberaters-ueber-erlass-des-strafbefehls\/"},"wordCount":370,"publisher":{"@id":"https:\/\/www.weberlaw.de\/de\/#organization"},"articleSection":["Newsletter"],"inLanguage":"de"},{"@type":"WebPage","@id":"https:\/\/www.weberlaw.de\/de\/benachrichtigung-des-steuerberaters-ueber-erlass-des-strafbefehls\/","url":"https:\/\/www.weberlaw.de\/de\/benachrichtigung-des-steuerberaters-ueber-erlass-des-strafbefehls\/","name":"Benachrichtigung des Steuerberaters \u00fcber Erlass des Strafbefehls","isPartOf":{"@id":"https:\/\/www.weberlaw.de\/de\/#website"},"datePublished":"2024-05-09T16:20:42+00:00","dateModified":"2026-04-01T15:14:07+00:00","description":"Benachrichtigung des Steuerberaters \u00fcber Erlass des Strafbefehls, Wiedereinsetzung in vorigen Stand, Gew\u00e4hrung der Einspruchsfrist","breadcrumb":{"@id":"https:\/\/www.weberlaw.de\/de\/benachrichtigung-des-steuerberaters-ueber-erlass-des-strafbefehls\/#breadcrumb"},"inLanguage":"de","potentialAction":[{"@type":"ReadAction","target":["https:\/\/www.weberlaw.de\/de\/benachrichtigung-des-steuerberaters-ueber-erlass-des-strafbefehls\/"]}]},{"@type":"BreadcrumbList","@id":"https:\/\/www.weberlaw.de\/de\/benachrichtigung-des-steuerberaters-ueber-erlass-des-strafbefehls\/#breadcrumb","itemListElement":[{"@type":"ListItem","position":1,"name":"Kanzlei f\u00fcr Recht &amp; Steuern","item":"https:\/\/www.weberlaw.de\/de\/fachanwalt-fuer-steuerrecht-in-karlsruhe-ettlingen-kanzlei-weber\/"},{"@type":"ListItem","position":2,"name":"Benachrichtigung des Steuerberaters \u00fcber den Erlass des Strafbefehls [\u2026] \u02c3"}]},{"@type":"WebSite","@id":"https:\/\/www.weberlaw.de\/de\/#website","url":"https:\/\/www.weberlaw.de\/de\/","name":"Weber | Recht &amp; Steuern","description":"Kanzlei f\u00fcr Wirtschafts- und Steuerrecht","publisher":{"@id":"https:\/\/www.weberlaw.de\/de\/#organization"},"potentialAction":[{"@type":"SearchAction","target":{"@type":"EntryPoint","urlTemplate":"https:\/\/www.weberlaw.de\/de\/?s={search_term_string}"},"query-input":{"@type":"PropertyValueSpecification","valueRequired":true,"valueName":"search_term_string"}}],"inLanguage":"de"},{"@type":"Organization","@id":"https:\/\/www.weberlaw.de\/de\/#organization","name":"Weber Recht & Steuern Kanzlei","url":"https:\/\/www.weberlaw.de\/de\/","logo":{"@type":"ImageObject","inLanguage":"de","@id":"https:\/\/www.weberlaw.de\/de\/#\/schema\/logo\/image\/","url":"https:\/\/www.weberlaw.de\/wp-content\/uploads\/2020\/05\/weber-recht-steuern-karlsruhe-baden-baden-3.png","contentUrl":"https:\/\/www.weberlaw.de\/wp-content\/uploads\/2020\/05\/weber-recht-steuern-karlsruhe-baden-baden-3.png","width":890,"height":200,"caption":"Weber Recht & Steuern Kanzlei"},"image":{"@id":"https:\/\/www.weberlaw.de\/de\/#\/schema\/logo\/image\/"},"sameAs":["https:\/\/de.linkedin.com\/in\/konstantinweber"]},{"@type":"Person","@id":"https:\/\/www.weberlaw.de\/de\/#\/schema\/person\/aa3de834799230a63dfdf264ad0a9f09","name":"Konstantin Weber","image":{"@type":"ImageObject","inLanguage":"de","@id":"https:\/\/secure.gravatar.com\/avatar\/c729da3aba19b03c8c704e97d38ca7d4f52fc7a904621d45b197baee2c1ce0e0?s=96&d=mm&r=g","url":"https:\/\/secure.gravatar.com\/avatar\/c729da3aba19b03c8c704e97d38ca7d4f52fc7a904621d45b197baee2c1ce0e0?s=96&d=mm&r=g","contentUrl":"https:\/\/secure.gravatar.com\/avatar\/c729da3aba19b03c8c704e97d38ca7d4f52fc7a904621d45b197baee2c1ce0e0?s=96&d=mm&r=g","caption":"Konstantin Weber"},"description":"Vita Studiert in Heidelberg, Rechtsreferendariat in Karlsruhe, Stuttgart und Providence (USA) abgeschlossen, lebend und arbeitend in Karlsruhe und Baden-Baden. Verheiratet und zwei Kinder, Fachautor und Vortragender im Umsatzsteuerrecht, Steuerstrafrecht, Steuerstreitrecht und Wirtschaftsstrafrecht. Mehr Information.."}]}},"_links":{"self":[{"href":"https:\/\/www.weberlaw.de\/de\/wp-json\/wp\/v2\/posts\/1328","targetHints":{"allow":["GET"]}}],"collection":[{"href":"https:\/\/www.weberlaw.de\/de\/wp-json\/wp\/v2\/posts"}],"about":[{"href":"https:\/\/www.weberlaw.de\/de\/wp-json\/wp\/v2\/types\/post"}],"author":[{"embeddable":true,"href":"https:\/\/www.weberlaw.de\/de\/wp-json\/wp\/v2\/users\/2"}],"replies":[{"embeddable":true,"href":"https:\/\/www.weberlaw.de\/de\/wp-json\/wp\/v2\/comments?post=1328"}],"version-history":[{"count":5,"href":"https:\/\/www.weberlaw.de\/de\/wp-json\/wp\/v2\/posts\/1328\/revisions"}],"predecessor-version":[{"id":2738,"href":"https:\/\/www.weberlaw.de\/de\/wp-json\/wp\/v2\/posts\/1328\/revisions\/2738"}],"wp:attachment":[{"href":"https:\/\/www.weberlaw.de\/de\/wp-json\/wp\/v2\/media?parent=1328"}],"wp:term":[{"taxonomy":"category","embeddable":true,"href":"https:\/\/www.weberlaw.de\/de\/wp-json\/wp\/v2\/categories?post=1328"},{"taxonomy":"post_tag","embeddable":true,"href":"https:\/\/www.weberlaw.de\/de\/wp-json\/wp\/v2\/tags?post=1328"}],"curies":[{"name":"wp","href":"https:\/\/api.w.org\/{rel}","templated":true}]}}