{"id":1657,"date":"2024-07-08T13:56:23","date_gmt":"2024-07-08T13:56:23","guid":{"rendered":"https:\/\/www.weberlaw.de\/?p=1657"},"modified":"2026-04-01T15:03:19","modified_gmt":"2026-04-01T15:03:19","slug":"geschaeftsfuehrerhaftung-fuer-steuerschulden-einer-gmbh","status":"publish","type":"post","link":"https:\/\/www.weberlaw.de\/de\/geschaeftsfuehrerhaftung-fuer-steuerschulden-einer-gmbh\/","title":{"rendered":"Gesch\u00e4ftsf\u00fchrerhaftung f\u00fcr Steuerschulden einer GmbH [\u2026] \u00bb"},"content":{"rendered":"<p style=\"text-align: left;\">Durch Haftungsbescheid kann derjenige gem\u00e4\u00df \u00a7 191 Abs. 1 S. 1 AO in Anspruch genommen werden, wer kraft Gesetzes f\u00fcr eine Steuer haftet.<\/p>\n<p style=\"text-align: left;\">GmbH-Gesch\u00e4ftsf\u00fchrer haften als gesetzliche Vertreter der GmbH f\u00fcr die Steuerschulden der GmbH gem\u00e4\u00df \u00a7 69 S. 1 AO, \u00a7\u00a7 34 Abs.1 S.1, 35 Abs. S.1 69 S.1 AO, soweit Anspr\u00fcche aus dem Steuerschuldverh\u00e4ltnis in Folge vors\u00e4tzlicher oder grob fahrl\u00e4ssiger Verletzung der ihnen auferlegten Pflichten nicht oder nicht rechtzeitig festgesetzt oder erf\u00fcllt werden.<\/p>\n<p style=\"text-align: left;\">Gesch\u00e4ftsf\u00fchrer k\u00f6nnen sich nicht darauf berufen, aufgrund ihrer pers\u00f6nlichen F\u00e4higkeiten oder des Alters nicht mehr in der Lage zu sein, den auferlegten Pflichten nachzukommen.<\/p>\n<p style=\"text-align: left;\">Eine Inanspruchnahme scheitert auch nicht daran, dass der Betroffene nur als faktischer Gesch\u00e4ftsf\u00fchrer oder Strohmann agiert.<\/p>\n<p style=\"text-align: left;\">Beim eigenen Unverm\u00f6gen des Gesch\u00e4ftsf\u00fchrers beziehungsweise beim \u00dcberwachungsverschulden des Gesch\u00e4ftsf\u00fchrers muss er sein Amt als Gesch\u00e4ftsf\u00fchrer niederlegen beziehungsweise sich von der \u00dcbernahme der Gesch\u00e4ftsf\u00fchrung absehen.<\/p>\n<p style=\"text-align: left;\">Die Haftung entf\u00e4llt nach \u00a7 36 AO f\u00fcr den Gesch\u00e4ftsf\u00fchrer nicht r\u00fcckwirkend, sondern erst ab dem Zeitpunkt, zudem seine Vertreterstellung endet (vgl. FG M\u00fcnster Urteil vom 19.12.2022 &#8211; 4 K 1158\/20 L (nicht rechtskr\u00e4ftig), Revision beim BFH unter Az. VII R 4\/23; und FG D\u00fcsseldorf, Urteil vom 07.03.2023 \u2013 7 K 883\/20 H).<\/p>\n<p style=\"text-align: left;\"><strong>BFH-Beschluss vom 15.11.2022 \u2013 VII R 23\/19 und Urteil (Vorinstanz) des Finanzgerichts M\u00fcnster, Urteil vom 30.04.2019 \u2013 12 K 620\/15 EFG 2019, 1257<\/strong><\/p>\n<p>Mehr dazu ist im aktuellen Beitrag von Rechtsanwalt Weber,\u00a0Fachanwalt f\u00fcr Steuerrecht, im Datev-Magazin (2024\/07) nachfolgend und kostenlos zu lesen:<\/p>\n<p style=\"text-align: left;\"><a href=\"https:\/\/www.datev-magazin.de\/praxis\/steuerberatung\/haftung-fuer-die-gmbh-126530\"><strong>Haftung f\u00fcr die GmbH \u2013 DATEV magazin (datev-magazin.de)<\/strong><\/a><\/p>\n<p style=\"text-align: left;\">Ansprechpartner f\u00fcr Steuerstrafrecht, Wirtschaftsstrafrecht, Steuerstreitrecht (Einspruchs- und Finanzgerichtsverfahren), Seminare und Inhouse-Schulungen: Konstantin Weber, Rechtsanwalt und Fachanwalt f\u00fcr Steuerrecht, Karlsruhe, Bruchsal, Rastatt, Ettlingen, Offenburg, Pforzheim, Baden-Baden, Speyer, B\u00fchl, Gaggenau, Freudenstadt, Nagold, Horb am Neckar, Rheinstetten, Bretten, Wagh\u00e4usel, Landau in der Pfalz, Germersheim, Neustadt an der Weinstra\u00dfe, Ludwigshafen am Rhein, Frankenthal (Pfalz), Ludwigshafen am Rhein, Mannheim, Schwetzingen, Heidelberg, Hockenheim, Wiesloch, Sinsheim, Mosbach, Neckargm\u00fcnd, Bad Rappenau, Eppingen, Heilbronn, Ludwigsburg, Stuttgart<\/p>\n<p style=\"text-align: left;\">Kontakt:\u00a0<strong><a href=\"https:\/\/www.weberlaw.de\/de\/\">https:\/\/www.weberlaw.de\/de\/<\/a><\/strong><\/p>\n","protected":false},"excerpt":{"rendered":"<p>Durch Haftungsbescheid kann derjenige gem\u00e4\u00df \u00a7 191 Abs. 1 S. 1 AO in Anspruch genommen werden, wer kraft Gesetzes f\u00fcr eine Steuer haftet. GmbH-Gesch\u00e4ftsf\u00fchrer haften als gesetzliche Vertreter der GmbH f\u00fcr die Steuerschulden der GmbH gem\u00e4\u00df \u00a7 69 S. 1 AO, \u00a7\u00a7 34 Abs.1 S.1, 35 Abs. S.1 69 S.1 AO, soweit Anspr\u00fcche aus dem [&hellip;]<\/p>\n","protected":false},"author":1,"featured_media":0,"comment_status":"closed","ping_status":"closed","sticky":false,"template":"","format":"standard","meta":{"footnotes":""},"categories":[1],"tags":[],"class_list":["post-1657","post","type-post","status-publish","format-standard","hentry","category-newsletter"],"yoast_head":"<!-- This site is optimized with the Yoast SEO plugin v27.3 - https:\/\/yoast.com\/product\/yoast-seo-wordpress\/ -->\n<title>Gesch\u00e4ftsf\u00fchrerhaftung f\u00fcr Steuerschulden einer GmbH<\/title>\n<meta name=\"description\" content=\"Gesch\u00e4ftsf\u00fchrerhaftung f\u00fcr Steuerschulden einer GmbH, auferlegte Pflichten, Inanspruchnahme, faktischer Gesch\u00e4ftsf\u00fchrer, Strohmann\" \/>\n<meta name=\"robots\" content=\"index, follow, max-snippet:-1, max-image-preview:large, max-video-preview:-1\" \/>\n<link rel=\"canonical\" href=\"https:\/\/www.weberlaw.de\/de\/geschaeftsfuehrerhaftung-fuer-steuerschulden-einer-gmbh\/\" \/>\n<meta property=\"og:locale\" content=\"de_DE\" \/>\n<meta property=\"og:type\" content=\"article\" \/>\n<meta property=\"og:title\" content=\"Gesch\u00e4ftsf\u00fchrerhaftung f\u00fcr Steuerschulden einer GmbH\" \/>\n<meta property=\"og:description\" content=\"Gesch\u00e4ftsf\u00fchrerhaftung f\u00fcr Steuerschulden einer GmbH, auferlegte Pflichten, Inanspruchnahme, faktischer Gesch\u00e4ftsf\u00fchrer, Strohmann\" \/>\n<meta property=\"og:url\" content=\"https:\/\/www.weberlaw.de\/de\/geschaeftsfuehrerhaftung-fuer-steuerschulden-einer-gmbh\/\" \/>\n<meta property=\"og:site_name\" content=\"Weber | Recht &amp; Steuern\" \/>\n<meta property=\"article:published_time\" content=\"2024-07-08T13:56:23+00:00\" \/>\n<meta property=\"article:modified_time\" content=\"2026-04-01T15:03:19+00:00\" \/>\n<meta name=\"author\" content=\"schilling\" \/>\n<meta name=\"twitter:card\" content=\"summary_large_image\" \/>\n<meta name=\"twitter:label1\" content=\"Verfasst von\" \/>\n\t<meta name=\"twitter:data1\" content=\"schilling\" \/>\n\t<meta name=\"twitter:label2\" content=\"Gesch\u00e4tzte Lesezeit\" \/>\n\t<meta name=\"twitter:data2\" content=\"2\u00a0Minuten\" \/>\n<script type=\"application\/ld+json\" class=\"yoast-schema-graph\">{\"@context\":\"https:\\\/\\\/schema.org\",\"@graph\":[{\"@type\":\"Article\",\"@id\":\"https:\\\/\\\/www.weberlaw.de\\\/de\\\/geschaeftsfuehrerhaftung-fuer-steuerschulden-einer-gmbh\\\/#article\",\"isPartOf\":{\"@id\":\"https:\\\/\\\/www.weberlaw.de\\\/de\\\/geschaeftsfuehrerhaftung-fuer-steuerschulden-einer-gmbh\\\/\"},\"author\":{\"name\":\"schilling\",\"@id\":\"https:\\\/\\\/www.weberlaw.de\\\/de\\\/#\\\/schema\\\/person\\\/f306a27e3ce3ce7f30ea9f3842a105f1\"},\"headline\":\"Gesch\u00e4ftsf\u00fchrerhaftung f\u00fcr Steuerschulden einer GmbH [\u2026] \u00bb\",\"datePublished\":\"2024-07-08T13:56:23+00:00\",\"dateModified\":\"2026-04-01T15:03:19+00:00\",\"mainEntityOfPage\":{\"@id\":\"https:\\\/\\\/www.weberlaw.de\\\/de\\\/geschaeftsfuehrerhaftung-fuer-steuerschulden-einer-gmbh\\\/\"},\"wordCount\":336,\"publisher\":{\"@id\":\"https:\\\/\\\/www.weberlaw.de\\\/de\\\/#organization\"},\"articleSection\":[\"Newsletter\"],\"inLanguage\":\"de\"},{\"@type\":\"WebPage\",\"@id\":\"https:\\\/\\\/www.weberlaw.de\\\/de\\\/geschaeftsfuehrerhaftung-fuer-steuerschulden-einer-gmbh\\\/\",\"url\":\"https:\\\/\\\/www.weberlaw.de\\\/de\\\/geschaeftsfuehrerhaftung-fuer-steuerschulden-einer-gmbh\\\/\",\"name\":\"Gesch\u00e4ftsf\u00fchrerhaftung f\u00fcr Steuerschulden einer GmbH\",\"isPartOf\":{\"@id\":\"https:\\\/\\\/www.weberlaw.de\\\/de\\\/#website\"},\"datePublished\":\"2024-07-08T13:56:23+00:00\",\"dateModified\":\"2026-04-01T15:03:19+00:00\",\"description\":\"Gesch\u00e4ftsf\u00fchrerhaftung f\u00fcr Steuerschulden einer GmbH, auferlegte Pflichten, Inanspruchnahme, faktischer Gesch\u00e4ftsf\u00fchrer, Strohmann\",\"breadcrumb\":{\"@id\":\"https:\\\/\\\/www.weberlaw.de\\\/de\\\/geschaeftsfuehrerhaftung-fuer-steuerschulden-einer-gmbh\\\/#breadcrumb\"},\"inLanguage\":\"de\",\"potentialAction\":[{\"@type\":\"ReadAction\",\"target\":[\"https:\\\/\\\/www.weberlaw.de\\\/de\\\/geschaeftsfuehrerhaftung-fuer-steuerschulden-einer-gmbh\\\/\"]}]},{\"@type\":\"BreadcrumbList\",\"@id\":\"https:\\\/\\\/www.weberlaw.de\\\/de\\\/geschaeftsfuehrerhaftung-fuer-steuerschulden-einer-gmbh\\\/#breadcrumb\",\"itemListElement\":[{\"@type\":\"ListItem\",\"position\":1,\"name\":\"Kanzlei f\u00fcr Recht &amp; Steuern\",\"item\":\"https:\\\/\\\/www.weberlaw.de\\\/de\\\/fachanwalt-fuer-steuerrecht-in-karlsruhe-ettlingen-kanzlei-weber\\\/\"},{\"@type\":\"ListItem\",\"position\":2,\"name\":\"Gesch\u00e4ftsf\u00fchrerhaftung f\u00fcr Steuerschulden einer GmbH [\u2026] \u00bb\"}]},{\"@type\":\"WebSite\",\"@id\":\"https:\\\/\\\/www.weberlaw.de\\\/de\\\/#website\",\"url\":\"https:\\\/\\\/www.weberlaw.de\\\/de\\\/\",\"name\":\"Weber | Recht &amp; Steuern\",\"description\":\"Kanzlei f\u00fcr Wirtschafts- und Steuerrecht\",\"publisher\":{\"@id\":\"https:\\\/\\\/www.weberlaw.de\\\/de\\\/#organization\"},\"potentialAction\":[{\"@type\":\"SearchAction\",\"target\":{\"@type\":\"EntryPoint\",\"urlTemplate\":\"https:\\\/\\\/www.weberlaw.de\\\/de\\\/?s={search_term_string}\"},\"query-input\":{\"@type\":\"PropertyValueSpecification\",\"valueRequired\":true,\"valueName\":\"search_term_string\"}}],\"inLanguage\":\"de\"},{\"@type\":\"Organization\",\"@id\":\"https:\\\/\\\/www.weberlaw.de\\\/de\\\/#organization\",\"name\":\"Weber Recht & Steuern Kanzlei\",\"url\":\"https:\\\/\\\/www.weberlaw.de\\\/de\\\/\",\"logo\":{\"@type\":\"ImageObject\",\"inLanguage\":\"de\",\"@id\":\"https:\\\/\\\/www.weberlaw.de\\\/de\\\/#\\\/schema\\\/logo\\\/image\\\/\",\"url\":\"https:\\\/\\\/www.weberlaw.de\\\/wp-content\\\/uploads\\\/2020\\\/05\\\/weber-recht-steuern-karlsruhe-baden-baden-3.png\",\"contentUrl\":\"https:\\\/\\\/www.weberlaw.de\\\/wp-content\\\/uploads\\\/2020\\\/05\\\/weber-recht-steuern-karlsruhe-baden-baden-3.png\",\"width\":890,\"height\":200,\"caption\":\"Weber Recht & Steuern Kanzlei\"},\"image\":{\"@id\":\"https:\\\/\\\/www.weberlaw.de\\\/de\\\/#\\\/schema\\\/logo\\\/image\\\/\"},\"sameAs\":[\"https:\\\/\\\/de.linkedin.com\\\/in\\\/konstantinweber\"]},{\"@type\":\"Person\",\"@id\":\"https:\\\/\\\/www.weberlaw.de\\\/de\\\/#\\\/schema\\\/person\\\/f306a27e3ce3ce7f30ea9f3842a105f1\",\"name\":\"schilling\",\"image\":{\"@type\":\"ImageObject\",\"inLanguage\":\"de\",\"@id\":\"https:\\\/\\\/secure.gravatar.com\\\/avatar\\\/7243dca98927f4c0495fb7ed4e5184bf2f4c35b7fb602ba5b17423291fb905e3?s=96&d=mm&r=g\",\"url\":\"https:\\\/\\\/secure.gravatar.com\\\/avatar\\\/7243dca98927f4c0495fb7ed4e5184bf2f4c35b7fb602ba5b17423291fb905e3?s=96&d=mm&r=g\",\"contentUrl\":\"https:\\\/\\\/secure.gravatar.com\\\/avatar\\\/7243dca98927f4c0495fb7ed4e5184bf2f4c35b7fb602ba5b17423291fb905e3?s=96&d=mm&r=g\",\"caption\":\"schilling\"}}]}<\/script>\n<!-- \/ Yoast SEO plugin. -->","yoast_head_json":{"title":"Gesch\u00e4ftsf\u00fchrerhaftung f\u00fcr Steuerschulden einer GmbH","description":"Gesch\u00e4ftsf\u00fchrerhaftung f\u00fcr Steuerschulden einer GmbH, auferlegte Pflichten, Inanspruchnahme, faktischer Gesch\u00e4ftsf\u00fchrer, Strohmann","robots":{"index":"index","follow":"follow","max-snippet":"max-snippet:-1","max-image-preview":"max-image-preview:large","max-video-preview":"max-video-preview:-1"},"canonical":"https:\/\/www.weberlaw.de\/de\/geschaeftsfuehrerhaftung-fuer-steuerschulden-einer-gmbh\/","og_locale":"de_DE","og_type":"article","og_title":"Gesch\u00e4ftsf\u00fchrerhaftung f\u00fcr Steuerschulden einer GmbH","og_description":"Gesch\u00e4ftsf\u00fchrerhaftung f\u00fcr Steuerschulden einer GmbH, auferlegte Pflichten, Inanspruchnahme, faktischer Gesch\u00e4ftsf\u00fchrer, Strohmann","og_url":"https:\/\/www.weberlaw.de\/de\/geschaeftsfuehrerhaftung-fuer-steuerschulden-einer-gmbh\/","og_site_name":"Weber | Recht &amp; Steuern","article_published_time":"2024-07-08T13:56:23+00:00","article_modified_time":"2026-04-01T15:03:19+00:00","author":"schilling","twitter_card":"summary_large_image","twitter_misc":{"Verfasst von":"schilling","Gesch\u00e4tzte Lesezeit":"2\u00a0Minuten"},"schema":{"@context":"https:\/\/schema.org","@graph":[{"@type":"Article","@id":"https:\/\/www.weberlaw.de\/de\/geschaeftsfuehrerhaftung-fuer-steuerschulden-einer-gmbh\/#article","isPartOf":{"@id":"https:\/\/www.weberlaw.de\/de\/geschaeftsfuehrerhaftung-fuer-steuerschulden-einer-gmbh\/"},"author":{"name":"schilling","@id":"https:\/\/www.weberlaw.de\/de\/#\/schema\/person\/f306a27e3ce3ce7f30ea9f3842a105f1"},"headline":"Gesch\u00e4ftsf\u00fchrerhaftung f\u00fcr Steuerschulden einer GmbH [\u2026] \u00bb","datePublished":"2024-07-08T13:56:23+00:00","dateModified":"2026-04-01T15:03:19+00:00","mainEntityOfPage":{"@id":"https:\/\/www.weberlaw.de\/de\/geschaeftsfuehrerhaftung-fuer-steuerschulden-einer-gmbh\/"},"wordCount":336,"publisher":{"@id":"https:\/\/www.weberlaw.de\/de\/#organization"},"articleSection":["Newsletter"],"inLanguage":"de"},{"@type":"WebPage","@id":"https:\/\/www.weberlaw.de\/de\/geschaeftsfuehrerhaftung-fuer-steuerschulden-einer-gmbh\/","url":"https:\/\/www.weberlaw.de\/de\/geschaeftsfuehrerhaftung-fuer-steuerschulden-einer-gmbh\/","name":"Gesch\u00e4ftsf\u00fchrerhaftung f\u00fcr Steuerschulden einer GmbH","isPartOf":{"@id":"https:\/\/www.weberlaw.de\/de\/#website"},"datePublished":"2024-07-08T13:56:23+00:00","dateModified":"2026-04-01T15:03:19+00:00","description":"Gesch\u00e4ftsf\u00fchrerhaftung f\u00fcr Steuerschulden einer GmbH, auferlegte Pflichten, Inanspruchnahme, faktischer Gesch\u00e4ftsf\u00fchrer, Strohmann","breadcrumb":{"@id":"https:\/\/www.weberlaw.de\/de\/geschaeftsfuehrerhaftung-fuer-steuerschulden-einer-gmbh\/#breadcrumb"},"inLanguage":"de","potentialAction":[{"@type":"ReadAction","target":["https:\/\/www.weberlaw.de\/de\/geschaeftsfuehrerhaftung-fuer-steuerschulden-einer-gmbh\/"]}]},{"@type":"BreadcrumbList","@id":"https:\/\/www.weberlaw.de\/de\/geschaeftsfuehrerhaftung-fuer-steuerschulden-einer-gmbh\/#breadcrumb","itemListElement":[{"@type":"ListItem","position":1,"name":"Kanzlei f\u00fcr Recht &amp; Steuern","item":"https:\/\/www.weberlaw.de\/de\/fachanwalt-fuer-steuerrecht-in-karlsruhe-ettlingen-kanzlei-weber\/"},{"@type":"ListItem","position":2,"name":"Gesch\u00e4ftsf\u00fchrerhaftung f\u00fcr Steuerschulden einer GmbH [\u2026] \u00bb"}]},{"@type":"WebSite","@id":"https:\/\/www.weberlaw.de\/de\/#website","url":"https:\/\/www.weberlaw.de\/de\/","name":"Weber | Recht &amp; Steuern","description":"Kanzlei f\u00fcr Wirtschafts- und Steuerrecht","publisher":{"@id":"https:\/\/www.weberlaw.de\/de\/#organization"},"potentialAction":[{"@type":"SearchAction","target":{"@type":"EntryPoint","urlTemplate":"https:\/\/www.weberlaw.de\/de\/?s={search_term_string}"},"query-input":{"@type":"PropertyValueSpecification","valueRequired":true,"valueName":"search_term_string"}}],"inLanguage":"de"},{"@type":"Organization","@id":"https:\/\/www.weberlaw.de\/de\/#organization","name":"Weber Recht & Steuern Kanzlei","url":"https:\/\/www.weberlaw.de\/de\/","logo":{"@type":"ImageObject","inLanguage":"de","@id":"https:\/\/www.weberlaw.de\/de\/#\/schema\/logo\/image\/","url":"https:\/\/www.weberlaw.de\/wp-content\/uploads\/2020\/05\/weber-recht-steuern-karlsruhe-baden-baden-3.png","contentUrl":"https:\/\/www.weberlaw.de\/wp-content\/uploads\/2020\/05\/weber-recht-steuern-karlsruhe-baden-baden-3.png","width":890,"height":200,"caption":"Weber Recht & Steuern Kanzlei"},"image":{"@id":"https:\/\/www.weberlaw.de\/de\/#\/schema\/logo\/image\/"},"sameAs":["https:\/\/de.linkedin.com\/in\/konstantinweber"]},{"@type":"Person","@id":"https:\/\/www.weberlaw.de\/de\/#\/schema\/person\/f306a27e3ce3ce7f30ea9f3842a105f1","name":"schilling","image":{"@type":"ImageObject","inLanguage":"de","@id":"https:\/\/secure.gravatar.com\/avatar\/7243dca98927f4c0495fb7ed4e5184bf2f4c35b7fb602ba5b17423291fb905e3?s=96&d=mm&r=g","url":"https:\/\/secure.gravatar.com\/avatar\/7243dca98927f4c0495fb7ed4e5184bf2f4c35b7fb602ba5b17423291fb905e3?s=96&d=mm&r=g","contentUrl":"https:\/\/secure.gravatar.com\/avatar\/7243dca98927f4c0495fb7ed4e5184bf2f4c35b7fb602ba5b17423291fb905e3?s=96&d=mm&r=g","caption":"schilling"}}]}},"_links":{"self":[{"href":"https:\/\/www.weberlaw.de\/de\/wp-json\/wp\/v2\/posts\/1657","targetHints":{"allow":["GET"]}}],"collection":[{"href":"https:\/\/www.weberlaw.de\/de\/wp-json\/wp\/v2\/posts"}],"about":[{"href":"https:\/\/www.weberlaw.de\/de\/wp-json\/wp\/v2\/types\/post"}],"author":[{"embeddable":true,"href":"https:\/\/www.weberlaw.de\/de\/wp-json\/wp\/v2\/users\/1"}],"replies":[{"embeddable":true,"href":"https:\/\/www.weberlaw.de\/de\/wp-json\/wp\/v2\/comments?post=1657"}],"version-history":[{"count":3,"href":"https:\/\/www.weberlaw.de\/de\/wp-json\/wp\/v2\/posts\/1657\/revisions"}],"predecessor-version":[{"id":2729,"href":"https:\/\/www.weberlaw.de\/de\/wp-json\/wp\/v2\/posts\/1657\/revisions\/2729"}],"wp:attachment":[{"href":"https:\/\/www.weberlaw.de\/de\/wp-json\/wp\/v2\/media?parent=1657"}],"wp:term":[{"taxonomy":"category","embeddable":true,"href":"https:\/\/www.weberlaw.de\/de\/wp-json\/wp\/v2\/categories?post=1657"},{"taxonomy":"post_tag","embeddable":true,"href":"https:\/\/www.weberlaw.de\/de\/wp-json\/wp\/v2\/tags?post=1657"}],"curies":[{"name":"wp","href":"https:\/\/api.w.org\/{rel}","templated":true}]}}