{"id":1666,"date":"2024-08-07T15:02:32","date_gmt":"2024-08-07T15:02:32","guid":{"rendered":"https:\/\/www.weberlaw.de\/?p=1666"},"modified":"2026-04-01T15:00:27","modified_gmt":"2026-04-01T15:00:27","slug":"haftung-des-berufstraegers","status":"publish","type":"post","link":"https:\/\/www.weberlaw.de\/de\/haftung-des-berufstraegers\/","title":{"rendered":"Haftung des Berufstr\u00e4gers (Steuerberater, Wirtschaftspr\u00fcfer, Rechtsanw\u00e4lte) [\u2026] \u00bb"},"content":{"rendered":"<h3 style=\"text-align: left;\">Haftung des Berufstr\u00e4gers:<\/h3>\n<p style=\"text-align: left;\">Auch Steuerberater, Wirtschaftspr\u00fcfer oder Rechtsanw\u00e4lte k\u00f6nnen f\u00fcr die Steuerschulden des Mandanten in Anspruch genommen werden. Voraussetzung ist, dass ihr Handeln als strafbare Beihilfetat zu bewerten ist. Dabei treten sie als Gehilfen auf.<\/p>\n<p style=\"text-align: left;\">Vorsatz des Gehilfen ist gegeben, wenn er die Haupttat in ihren wesentlichen Merkmalen kennt und das Vorhaben des Hauptt\u00e4ters f\u00f6rdert.<\/p>\n<p style=\"text-align: left;\">Berufstr\u00e4ger d\u00fcrfen wegen der beruflichen Normalit\u00e4t ihres Handelns im Regelfall auf die Legalit\u00e4t des fremden Tuns ihrer Mandanten vertrauen.<\/p>\n<p style=\"text-align: left;\">Mehr dazu ist im aktuellen Beitrag von mir im Datev-Magazin (2024\/08) nachfolgend zu lesen:<\/p>\n<p style=\"text-align: left;\"><a href=\"https:\/\/www.datev-magazin.de\/praxis\/steuerberatung\/haftung-des-berufstraegers-127962\"><strong>Haftung des Berufstr\u00e4gers \u2013 DATEV magazin (datev-magazin.de)<\/strong><\/a><\/p>\n<p style=\"text-align: left;\">Ansprechpartner f\u00fcr Steuerstrafrecht, Wirtschaftsstrafrecht, Steuerstreitrecht, Haftungsrecht. Umsatzsteuerrecht, Seminare und Inhouse-Schulungen: Konstantin Weber, Rechtsanwalt und Fachanwalt f\u00fcr Steuerrecht, Karlsruhe, Bruchsal, Rastatt, Ettlingen, Offenburg, Pforzheim, Baden-Baden, Speyer, B\u00fchl, Gaggenau, Freudenstadt, Nagold, Horb am Neckar, Rheinstetten, Bretten, Wagh\u00e4usel, Landau in der Pfalz, Germersheim, Neustadt an der Weinstra\u00dfe, Ludwigshafen am Rhein, Frankenthal (Pfalz), Ludwigshafen am Rhein, Mannheim, Schwetzingen, Heidelberg, Hockenheim, Wiesloch, Sinsheim, Mosbach, Neckargm\u00fcnd, Bad Rappenau, Eppingen, Heilbronn, Ludwigsburg, Stuttgart<\/p>\n<p style=\"text-align: left;\">Kontakt:\u00a0<strong><a href=\"https:\/\/www.weberlaw.de\/de\/\">https:\/\/www.weberlaw.de\/de\/<\/a><\/strong><\/p>\n","protected":false},"excerpt":{"rendered":"<p>Haftung des Berufstr\u00e4gers: Auch Steuerberater, Wirtschaftspr\u00fcfer oder Rechtsanw\u00e4lte k\u00f6nnen f\u00fcr die Steuerschulden des Mandanten in Anspruch genommen werden. Voraussetzung ist, dass ihr Handeln als strafbare Beihilfetat zu bewerten ist. Dabei treten sie als Gehilfen auf. Vorsatz des Gehilfen ist gegeben, wenn er die Haupttat in ihren wesentlichen Merkmalen kennt und das Vorhaben des Hauptt\u00e4ters f\u00f6rdert. [&hellip;]<\/p>\n","protected":false},"author":1,"featured_media":0,"comment_status":"closed","ping_status":"closed","sticky":false,"template":"","format":"standard","meta":{"footnotes":""},"categories":[1],"tags":[],"class_list":["post-1666","post","type-post","status-publish","format-standard","hentry","category-newsletter"],"yoast_head":"<!-- This site is optimized with the Yoast SEO plugin v27.3 - https:\/\/yoast.com\/product\/yoast-seo-wordpress\/ -->\n<title>Haftung des Berufstr\u00e4gers<\/title>\n<meta name=\"description\" content=\"Haftung des Berufstr\u00e4gers, Steuerberater, Wirtschaftspr\u00fcfer, Rechtsanw\u00e4lte Steuerschulden, Beihilfe, Gehilfe, berufliche Normalit\u00e4t\" \/>\n<meta name=\"robots\" content=\"index, follow, max-snippet:-1, max-image-preview:large, max-video-preview:-1\" \/>\n<link rel=\"canonical\" href=\"https:\/\/www.weberlaw.de\/de\/haftung-des-berufstraegers\/\" \/>\n<meta property=\"og:locale\" content=\"de_DE\" \/>\n<meta property=\"og:type\" content=\"article\" \/>\n<meta property=\"og:title\" content=\"Haftung des Berufstr\u00e4gers\" \/>\n<meta property=\"og:description\" content=\"Haftung des Berufstr\u00e4gers, Steuerberater, Wirtschaftspr\u00fcfer, Rechtsanw\u00e4lte Steuerschulden, Beihilfe, Gehilfe, berufliche Normalit\u00e4t\" \/>\n<meta property=\"og:url\" content=\"https:\/\/www.weberlaw.de\/de\/haftung-des-berufstraegers\/\" \/>\n<meta property=\"og:site_name\" content=\"Weber | Recht &amp; Steuern\" \/>\n<meta property=\"article:published_time\" content=\"2024-08-07T15:02:32+00:00\" \/>\n<meta property=\"article:modified_time\" content=\"2026-04-01T15:00:27+00:00\" \/>\n<meta name=\"author\" content=\"schilling\" \/>\n<meta name=\"twitter:card\" content=\"summary_large_image\" \/>\n<meta name=\"twitter:label1\" content=\"Verfasst von\" \/>\n\t<meta name=\"twitter:data1\" content=\"schilling\" \/>\n\t<meta name=\"twitter:label2\" content=\"Gesch\u00e4tzte Lesezeit\" \/>\n\t<meta name=\"twitter:data2\" content=\"1\u00a0Minute\" \/>\n<script type=\"application\/ld+json\" class=\"yoast-schema-graph\">{\"@context\":\"https:\\\/\\\/schema.org\",\"@graph\":[{\"@type\":\"Article\",\"@id\":\"https:\\\/\\\/www.weberlaw.de\\\/de\\\/haftung-des-berufstraegers\\\/#article\",\"isPartOf\":{\"@id\":\"https:\\\/\\\/www.weberlaw.de\\\/de\\\/haftung-des-berufstraegers\\\/\"},\"author\":{\"name\":\"schilling\",\"@id\":\"https:\\\/\\\/www.weberlaw.de\\\/de\\\/#\\\/schema\\\/person\\\/f306a27e3ce3ce7f30ea9f3842a105f1\"},\"headline\":\"Haftung des Berufstr\u00e4gers (Steuerberater, Wirtschaftspr\u00fcfer, Rechtsanw\u00e4lte) [\u2026] \u00bb\",\"datePublished\":\"2024-08-07T15:02:32+00:00\",\"dateModified\":\"2026-04-01T15:00:27+00:00\",\"mainEntityOfPage\":{\"@id\":\"https:\\\/\\\/www.weberlaw.de\\\/de\\\/haftung-des-berufstraegers\\\/\"},\"wordCount\":193,\"publisher\":{\"@id\":\"https:\\\/\\\/www.weberlaw.de\\\/de\\\/#organization\"},\"articleSection\":[\"Newsletter\"],\"inLanguage\":\"de\"},{\"@type\":\"WebPage\",\"@id\":\"https:\\\/\\\/www.weberlaw.de\\\/de\\\/haftung-des-berufstraegers\\\/\",\"url\":\"https:\\\/\\\/www.weberlaw.de\\\/de\\\/haftung-des-berufstraegers\\\/\",\"name\":\"Haftung des Berufstr\u00e4gers\",\"isPartOf\":{\"@id\":\"https:\\\/\\\/www.weberlaw.de\\\/de\\\/#website\"},\"datePublished\":\"2024-08-07T15:02:32+00:00\",\"dateModified\":\"2026-04-01T15:00:27+00:00\",\"description\":\"Haftung des Berufstr\u00e4gers, Steuerberater, Wirtschaftspr\u00fcfer, Rechtsanw\u00e4lte Steuerschulden, Beihilfe, Gehilfe, berufliche Normalit\u00e4t\",\"breadcrumb\":{\"@id\":\"https:\\\/\\\/www.weberlaw.de\\\/de\\\/haftung-des-berufstraegers\\\/#breadcrumb\"},\"inLanguage\":\"de\",\"potentialAction\":[{\"@type\":\"ReadAction\",\"target\":[\"https:\\\/\\\/www.weberlaw.de\\\/de\\\/haftung-des-berufstraegers\\\/\"]}]},{\"@type\":\"BreadcrumbList\",\"@id\":\"https:\\\/\\\/www.weberlaw.de\\\/de\\\/haftung-des-berufstraegers\\\/#breadcrumb\",\"itemListElement\":[{\"@type\":\"ListItem\",\"position\":1,\"name\":\"Kanzlei f\u00fcr Recht &amp; Steuern\",\"item\":\"https:\\\/\\\/www.weberlaw.de\\\/de\\\/fachanwalt-fuer-steuerrecht-in-karlsruhe-ettlingen-kanzlei-weber\\\/\"},{\"@type\":\"ListItem\",\"position\":2,\"name\":\"Haftung des Berufstr\u00e4gers (Steuerberater, Wirtschaftspr\u00fcfer, Rechtsanw\u00e4lte) [\u2026] \u00bb\"}]},{\"@type\":\"WebSite\",\"@id\":\"https:\\\/\\\/www.weberlaw.de\\\/de\\\/#website\",\"url\":\"https:\\\/\\\/www.weberlaw.de\\\/de\\\/\",\"name\":\"Weber | Recht &amp; Steuern\",\"description\":\"Kanzlei f\u00fcr Wirtschafts- und Steuerrecht\",\"publisher\":{\"@id\":\"https:\\\/\\\/www.weberlaw.de\\\/de\\\/#organization\"},\"potentialAction\":[{\"@type\":\"SearchAction\",\"target\":{\"@type\":\"EntryPoint\",\"urlTemplate\":\"https:\\\/\\\/www.weberlaw.de\\\/de\\\/?s={search_term_string}\"},\"query-input\":{\"@type\":\"PropertyValueSpecification\",\"valueRequired\":true,\"valueName\":\"search_term_string\"}}],\"inLanguage\":\"de\"},{\"@type\":\"Organization\",\"@id\":\"https:\\\/\\\/www.weberlaw.de\\\/de\\\/#organization\",\"name\":\"Weber Recht & Steuern Kanzlei\",\"url\":\"https:\\\/\\\/www.weberlaw.de\\\/de\\\/\",\"logo\":{\"@type\":\"ImageObject\",\"inLanguage\":\"de\",\"@id\":\"https:\\\/\\\/www.weberlaw.de\\\/de\\\/#\\\/schema\\\/logo\\\/image\\\/\",\"url\":\"https:\\\/\\\/www.weberlaw.de\\\/wp-content\\\/uploads\\\/2020\\\/05\\\/weber-recht-steuern-karlsruhe-baden-baden-3.png\",\"contentUrl\":\"https:\\\/\\\/www.weberlaw.de\\\/wp-content\\\/uploads\\\/2020\\\/05\\\/weber-recht-steuern-karlsruhe-baden-baden-3.png\",\"width\":890,\"height\":200,\"caption\":\"Weber Recht & Steuern Kanzlei\"},\"image\":{\"@id\":\"https:\\\/\\\/www.weberlaw.de\\\/de\\\/#\\\/schema\\\/logo\\\/image\\\/\"},\"sameAs\":[\"https:\\\/\\\/de.linkedin.com\\\/in\\\/konstantinweber\"]},{\"@type\":\"Person\",\"@id\":\"https:\\\/\\\/www.weberlaw.de\\\/de\\\/#\\\/schema\\\/person\\\/f306a27e3ce3ce7f30ea9f3842a105f1\",\"name\":\"schilling\",\"image\":{\"@type\":\"ImageObject\",\"inLanguage\":\"de\",\"@id\":\"https:\\\/\\\/secure.gravatar.com\\\/avatar\\\/7243dca98927f4c0495fb7ed4e5184bf2f4c35b7fb602ba5b17423291fb905e3?s=96&d=mm&r=g\",\"url\":\"https:\\\/\\\/secure.gravatar.com\\\/avatar\\\/7243dca98927f4c0495fb7ed4e5184bf2f4c35b7fb602ba5b17423291fb905e3?s=96&d=mm&r=g\",\"contentUrl\":\"https:\\\/\\\/secure.gravatar.com\\\/avatar\\\/7243dca98927f4c0495fb7ed4e5184bf2f4c35b7fb602ba5b17423291fb905e3?s=96&d=mm&r=g\",\"caption\":\"schilling\"}}]}<\/script>\n<!-- \/ Yoast SEO plugin. -->","yoast_head_json":{"title":"Haftung des Berufstr\u00e4gers","description":"Haftung des Berufstr\u00e4gers, Steuerberater, Wirtschaftspr\u00fcfer, Rechtsanw\u00e4lte Steuerschulden, Beihilfe, Gehilfe, berufliche Normalit\u00e4t","robots":{"index":"index","follow":"follow","max-snippet":"max-snippet:-1","max-image-preview":"max-image-preview:large","max-video-preview":"max-video-preview:-1"},"canonical":"https:\/\/www.weberlaw.de\/de\/haftung-des-berufstraegers\/","og_locale":"de_DE","og_type":"article","og_title":"Haftung des Berufstr\u00e4gers","og_description":"Haftung des Berufstr\u00e4gers, Steuerberater, Wirtschaftspr\u00fcfer, Rechtsanw\u00e4lte Steuerschulden, Beihilfe, Gehilfe, berufliche Normalit\u00e4t","og_url":"https:\/\/www.weberlaw.de\/de\/haftung-des-berufstraegers\/","og_site_name":"Weber | Recht &amp; Steuern","article_published_time":"2024-08-07T15:02:32+00:00","article_modified_time":"2026-04-01T15:00:27+00:00","author":"schilling","twitter_card":"summary_large_image","twitter_misc":{"Verfasst von":"schilling","Gesch\u00e4tzte Lesezeit":"1\u00a0Minute"},"schema":{"@context":"https:\/\/schema.org","@graph":[{"@type":"Article","@id":"https:\/\/www.weberlaw.de\/de\/haftung-des-berufstraegers\/#article","isPartOf":{"@id":"https:\/\/www.weberlaw.de\/de\/haftung-des-berufstraegers\/"},"author":{"name":"schilling","@id":"https:\/\/www.weberlaw.de\/de\/#\/schema\/person\/f306a27e3ce3ce7f30ea9f3842a105f1"},"headline":"Haftung des Berufstr\u00e4gers (Steuerberater, Wirtschaftspr\u00fcfer, Rechtsanw\u00e4lte) [\u2026] \u00bb","datePublished":"2024-08-07T15:02:32+00:00","dateModified":"2026-04-01T15:00:27+00:00","mainEntityOfPage":{"@id":"https:\/\/www.weberlaw.de\/de\/haftung-des-berufstraegers\/"},"wordCount":193,"publisher":{"@id":"https:\/\/www.weberlaw.de\/de\/#organization"},"articleSection":["Newsletter"],"inLanguage":"de"},{"@type":"WebPage","@id":"https:\/\/www.weberlaw.de\/de\/haftung-des-berufstraegers\/","url":"https:\/\/www.weberlaw.de\/de\/haftung-des-berufstraegers\/","name":"Haftung des Berufstr\u00e4gers","isPartOf":{"@id":"https:\/\/www.weberlaw.de\/de\/#website"},"datePublished":"2024-08-07T15:02:32+00:00","dateModified":"2026-04-01T15:00:27+00:00","description":"Haftung des Berufstr\u00e4gers, Steuerberater, Wirtschaftspr\u00fcfer, Rechtsanw\u00e4lte Steuerschulden, Beihilfe, Gehilfe, berufliche Normalit\u00e4t","breadcrumb":{"@id":"https:\/\/www.weberlaw.de\/de\/haftung-des-berufstraegers\/#breadcrumb"},"inLanguage":"de","potentialAction":[{"@type":"ReadAction","target":["https:\/\/www.weberlaw.de\/de\/haftung-des-berufstraegers\/"]}]},{"@type":"BreadcrumbList","@id":"https:\/\/www.weberlaw.de\/de\/haftung-des-berufstraegers\/#breadcrumb","itemListElement":[{"@type":"ListItem","position":1,"name":"Kanzlei f\u00fcr Recht &amp; Steuern","item":"https:\/\/www.weberlaw.de\/de\/fachanwalt-fuer-steuerrecht-in-karlsruhe-ettlingen-kanzlei-weber\/"},{"@type":"ListItem","position":2,"name":"Haftung des Berufstr\u00e4gers (Steuerberater, Wirtschaftspr\u00fcfer, Rechtsanw\u00e4lte) [\u2026] \u00bb"}]},{"@type":"WebSite","@id":"https:\/\/www.weberlaw.de\/de\/#website","url":"https:\/\/www.weberlaw.de\/de\/","name":"Weber | Recht &amp; Steuern","description":"Kanzlei f\u00fcr Wirtschafts- und Steuerrecht","publisher":{"@id":"https:\/\/www.weberlaw.de\/de\/#organization"},"potentialAction":[{"@type":"SearchAction","target":{"@type":"EntryPoint","urlTemplate":"https:\/\/www.weberlaw.de\/de\/?s={search_term_string}"},"query-input":{"@type":"PropertyValueSpecification","valueRequired":true,"valueName":"search_term_string"}}],"inLanguage":"de"},{"@type":"Organization","@id":"https:\/\/www.weberlaw.de\/de\/#organization","name":"Weber Recht & Steuern Kanzlei","url":"https:\/\/www.weberlaw.de\/de\/","logo":{"@type":"ImageObject","inLanguage":"de","@id":"https:\/\/www.weberlaw.de\/de\/#\/schema\/logo\/image\/","url":"https:\/\/www.weberlaw.de\/wp-content\/uploads\/2020\/05\/weber-recht-steuern-karlsruhe-baden-baden-3.png","contentUrl":"https:\/\/www.weberlaw.de\/wp-content\/uploads\/2020\/05\/weber-recht-steuern-karlsruhe-baden-baden-3.png","width":890,"height":200,"caption":"Weber Recht & Steuern Kanzlei"},"image":{"@id":"https:\/\/www.weberlaw.de\/de\/#\/schema\/logo\/image\/"},"sameAs":["https:\/\/de.linkedin.com\/in\/konstantinweber"]},{"@type":"Person","@id":"https:\/\/www.weberlaw.de\/de\/#\/schema\/person\/f306a27e3ce3ce7f30ea9f3842a105f1","name":"schilling","image":{"@type":"ImageObject","inLanguage":"de","@id":"https:\/\/secure.gravatar.com\/avatar\/7243dca98927f4c0495fb7ed4e5184bf2f4c35b7fb602ba5b17423291fb905e3?s=96&d=mm&r=g","url":"https:\/\/secure.gravatar.com\/avatar\/7243dca98927f4c0495fb7ed4e5184bf2f4c35b7fb602ba5b17423291fb905e3?s=96&d=mm&r=g","contentUrl":"https:\/\/secure.gravatar.com\/avatar\/7243dca98927f4c0495fb7ed4e5184bf2f4c35b7fb602ba5b17423291fb905e3?s=96&d=mm&r=g","caption":"schilling"}}]}},"_links":{"self":[{"href":"https:\/\/www.weberlaw.de\/de\/wp-json\/wp\/v2\/posts\/1666","targetHints":{"allow":["GET"]}}],"collection":[{"href":"https:\/\/www.weberlaw.de\/de\/wp-json\/wp\/v2\/posts"}],"about":[{"href":"https:\/\/www.weberlaw.de\/de\/wp-json\/wp\/v2\/types\/post"}],"author":[{"embeddable":true,"href":"https:\/\/www.weberlaw.de\/de\/wp-json\/wp\/v2\/users\/1"}],"replies":[{"embeddable":true,"href":"https:\/\/www.weberlaw.de\/de\/wp-json\/wp\/v2\/comments?post=1666"}],"version-history":[{"count":6,"href":"https:\/\/www.weberlaw.de\/de\/wp-json\/wp\/v2\/posts\/1666\/revisions"}],"predecessor-version":[{"id":2727,"href":"https:\/\/www.weberlaw.de\/de\/wp-json\/wp\/v2\/posts\/1666\/revisions\/2727"}],"wp:attachment":[{"href":"https:\/\/www.weberlaw.de\/de\/wp-json\/wp\/v2\/media?parent=1666"}],"wp:term":[{"taxonomy":"category","embeddable":true,"href":"https:\/\/www.weberlaw.de\/de\/wp-json\/wp\/v2\/categories?post=1666"},{"taxonomy":"post_tag","embeddable":true,"href":"https:\/\/www.weberlaw.de\/de\/wp-json\/wp\/v2\/tags?post=1666"}],"curies":[{"name":"wp","href":"https:\/\/api.w.org\/{rel}","templated":true}]}}