{"id":1711,"date":"2024-11-11T10:42:30","date_gmt":"2024-11-11T10:42:30","guid":{"rendered":"https:\/\/www.weberlaw.de\/?p=1711"},"modified":"2026-04-01T14:43:25","modified_gmt":"2026-04-01T14:43:25","slug":"praxisrelevante-rechtsprechung-zur-aussenpruefung-2","status":"publish","type":"post","link":"https:\/\/www.weberlaw.de\/de\/praxisrelevante-rechtsprechung-zur-aussenpruefung-2\/","title":{"rendered":"Praxisrelevante Rechtsprechung zur Au\u00dfenpr\u00fcfung im Jahr 2023[\u2026] \u00bb"},"content":{"rendered":"<h3 style=\"text-align: left;\">Praxisrelevante Rechtsprechung zur Au\u00dfenpr\u00fcfung im Jahr 2023:<\/h3>\n<p style=\"text-align: left;\">Im Jahr 2023 ist eine Reihe von Gerichtsentscheidungen im Bereich der Au\u00dfenpr\u00fcfung ergangen. In dem von mir ver\u00f6ffentlichen Beitrag in aktueller Ausgabe Nr. 45 NWB (Steuer- und Wirtschafsrecht) sind in kompakter Form schwerpunktm\u00e4\u00dfig die Themenfelder im Bereich der Betriebspr\u00fcfung herausgegriffen werden, die eine besondere Praxisrelevanz aufweisen.<\/p>\n<p style=\"text-align: left;\">Insbesondere der Zul\u00e4ssigkeitskomplex im Zusammenhang mit der Au\u00dfenpr\u00fcfung ist ein stetiger Streitgestand bei Finanzgerichtsverfahren. Au\u00dferdem ist die rechtliche Stellung der Berufsgeheimnistr\u00e4ger im Rahmen der Au\u00dfenpr\u00fcfung von besonderer gerichtlicher Relevanz.<\/p>\n<p style=\"text-align: left;\">Der Beitrag\u201c Praxisrelevante Rechtsprechung zur Au\u00dfenpr\u00fcfung\u201c steht in voller L\u00e4nge und kostenlos unter folgendem Link zum Lesen zur Verf\u00fcgung. Bitte im Link auf <strong><a href=\"https:\/\/datenbank.nwb.de\/start\/showdoi\/?doi=WAAAJ-78153&amp;starter=autoren&amp;date=20250507&amp;sig=kScaoqB3bW0UqozqW0QJmliCx7mQMBd1EH9fAZMAt6mbWAVawhoqAEYjaJ1nc2Y9gMOLjTXSjTJDOeg97Y93r7\">Praxisrelevante Rechtsprechung zur Au\u00dfenpr\u00fcfung<\/a><\/strong> klicken, um mit der NWB-Datenbank verbunden zu werden.<\/p>\n<p style=\"text-align: left;\">Viel Spa\u00df beim Lesen!<\/p>\n<p style=\"text-align: left;\">Ansprechpartner f\u00fcr Steuerstrafrecht, Wirtschaftsstrafrecht, Steuerstreitrecht, Haftungsrecht. Umsatzsteuerrecht, Seminare und Inhouse-Schulungen:<\/p>\n<p style=\"text-align: left;\">Konstantin Weber, Rechtsanwalt und Fachanwalt f\u00fcr Steuerrecht<\/p>\n<p style=\"text-align: left;\">Kontakt:\u00a0<strong><a href=\"https:\/\/www.weberlaw.de\/de\/\">https:\/\/www.weberlaw.de\/de\/<\/a><\/strong><\/p>\n<p>F\u00fcr ein pers\u00f6nliches Gespr\u00e4ch oder bei akuten Fragestellungen k\u00f6nnen Sie mit uns <span tabindex=\"0\" role=\"button\" data-url=\"https:\/\/www.weberlaw.de\/de\/kontakt-weber-i-recht-steuern-kanzlei-ettlingen-karlsruhe\/\" aria-label=\"Kontaktformular, dadurch gelangen Sie zu www.weberlaw.de\"><strong><a href=\"https:\/\/www.weberlaw.de\/de\/kontakt-weber-i-recht-steuern-kanzlei-ettlingen-karlsruhe\/\">Kontakt<\/a><\/strong>\u00a0 oder per E-Mail:\u00a0<a href=\"mailto:kw@weberlaw.de\"><strong>kw@weberlaw.de<\/strong><\/a>\u00a0aufnehmen<\/span>.<\/p>\n","protected":false},"excerpt":{"rendered":"<p>Praxisrelevante Rechtsprechung zur Au\u00dfenpr\u00fcfung im Jahr 2023: Im Jahr 2023 ist eine Reihe von Gerichtsentscheidungen im Bereich der Au\u00dfenpr\u00fcfung ergangen. In dem von mir ver\u00f6ffentlichen Beitrag in aktueller Ausgabe Nr. 45 NWB (Steuer- und Wirtschafsrecht) sind in kompakter Form schwerpunktm\u00e4\u00dfig die Themenfelder im Bereich der Betriebspr\u00fcfung herausgegriffen werden, die eine besondere Praxisrelevanz aufweisen. Insbesondere der [&hellip;]<\/p>\n","protected":false},"author":1,"featured_media":0,"comment_status":"closed","ping_status":"closed","sticky":false,"template":"","format":"standard","meta":{"footnotes":""},"categories":[1],"tags":[],"class_list":["post-1711","post","type-post","status-publish","format-standard","hentry","category-newsletter"],"yoast_head":"<!-- This site is optimized with the Yoast SEO plugin v27.3 - https:\/\/yoast.com\/product\/yoast-seo-wordpress\/ -->\n<title>Praxisrelevante Rechtsprechung zur Au\u00dfenpr\u00fcfung<\/title>\n<meta name=\"description\" content=\"Praxisrelevante Rechtsprechung zur Au\u00dfenpr\u00fcfung, Zul\u00e4ssigkeit der Au\u00dfenpr\u00fcfung, rechtliche Stellung der Berufsgeheimnistr\u00e4ger\" \/>\n<meta name=\"robots\" content=\"index, follow, max-snippet:-1, max-image-preview:large, max-video-preview:-1\" \/>\n<link rel=\"canonical\" href=\"https:\/\/www.weberlaw.de\/de\/praxisrelevante-rechtsprechung-zur-aussenpruefung-2\/\" \/>\n<meta property=\"og:locale\" content=\"de_DE\" \/>\n<meta property=\"og:type\" content=\"article\" \/>\n<meta property=\"og:title\" content=\"Praxisrelevante Rechtsprechung zur Au\u00dfenpr\u00fcfung\" \/>\n<meta property=\"og:description\" content=\"Praxisrelevante Rechtsprechung zur Au\u00dfenpr\u00fcfung, Zul\u00e4ssigkeit der Au\u00dfenpr\u00fcfung, rechtliche Stellung der Berufsgeheimnistr\u00e4ger\" \/>\n<meta property=\"og:url\" content=\"https:\/\/www.weberlaw.de\/de\/praxisrelevante-rechtsprechung-zur-aussenpruefung-2\/\" \/>\n<meta property=\"og:site_name\" content=\"Weber | Recht &amp; Steuern\" \/>\n<meta property=\"article:published_time\" content=\"2024-11-11T10:42:30+00:00\" \/>\n<meta property=\"article:modified_time\" content=\"2026-04-01T14:43:25+00:00\" \/>\n<meta name=\"author\" content=\"schilling\" \/>\n<meta name=\"twitter:card\" content=\"summary_large_image\" \/>\n<meta name=\"twitter:label1\" content=\"Verfasst von\" \/>\n\t<meta name=\"twitter:data1\" content=\"schilling\" \/>\n\t<meta name=\"twitter:label2\" content=\"Gesch\u00e4tzte Lesezeit\" \/>\n\t<meta name=\"twitter:data2\" content=\"1\u00a0Minute\" \/>\n<script type=\"application\/ld+json\" class=\"yoast-schema-graph\">{\"@context\":\"https:\\\/\\\/schema.org\",\"@graph\":[{\"@type\":\"Article\",\"@id\":\"https:\\\/\\\/www.weberlaw.de\\\/de\\\/praxisrelevante-rechtsprechung-zur-aussenpruefung-2\\\/#article\",\"isPartOf\":{\"@id\":\"https:\\\/\\\/www.weberlaw.de\\\/de\\\/praxisrelevante-rechtsprechung-zur-aussenpruefung-2\\\/\"},\"author\":{\"name\":\"schilling\",\"@id\":\"https:\\\/\\\/www.weberlaw.de\\\/de\\\/#\\\/schema\\\/person\\\/f306a27e3ce3ce7f30ea9f3842a105f1\"},\"headline\":\"Praxisrelevante Rechtsprechung zur Au\u00dfenpr\u00fcfung im Jahr 2023[\u2026] \u00bb\",\"datePublished\":\"2024-11-11T10:42:30+00:00\",\"dateModified\":\"2026-04-01T14:43:25+00:00\",\"mainEntityOfPage\":{\"@id\":\"https:\\\/\\\/www.weberlaw.de\\\/de\\\/praxisrelevante-rechtsprechung-zur-aussenpruefung-2\\\/\"},\"wordCount\":195,\"publisher\":{\"@id\":\"https:\\\/\\\/www.weberlaw.de\\\/de\\\/#organization\"},\"articleSection\":[\"Newsletter\"],\"inLanguage\":\"de\"},{\"@type\":\"WebPage\",\"@id\":\"https:\\\/\\\/www.weberlaw.de\\\/de\\\/praxisrelevante-rechtsprechung-zur-aussenpruefung-2\\\/\",\"url\":\"https:\\\/\\\/www.weberlaw.de\\\/de\\\/praxisrelevante-rechtsprechung-zur-aussenpruefung-2\\\/\",\"name\":\"Praxisrelevante Rechtsprechung zur Au\u00dfenpr\u00fcfung\",\"isPartOf\":{\"@id\":\"https:\\\/\\\/www.weberlaw.de\\\/de\\\/#website\"},\"datePublished\":\"2024-11-11T10:42:30+00:00\",\"dateModified\":\"2026-04-01T14:43:25+00:00\",\"description\":\"Praxisrelevante Rechtsprechung zur Au\u00dfenpr\u00fcfung, Zul\u00e4ssigkeit der Au\u00dfenpr\u00fcfung, rechtliche Stellung der Berufsgeheimnistr\u00e4ger\",\"breadcrumb\":{\"@id\":\"https:\\\/\\\/www.weberlaw.de\\\/de\\\/praxisrelevante-rechtsprechung-zur-aussenpruefung-2\\\/#breadcrumb\"},\"inLanguage\":\"de\",\"potentialAction\":[{\"@type\":\"ReadAction\",\"target\":[\"https:\\\/\\\/www.weberlaw.de\\\/de\\\/praxisrelevante-rechtsprechung-zur-aussenpruefung-2\\\/\"]}]},{\"@type\":\"BreadcrumbList\",\"@id\":\"https:\\\/\\\/www.weberlaw.de\\\/de\\\/praxisrelevante-rechtsprechung-zur-aussenpruefung-2\\\/#breadcrumb\",\"itemListElement\":[{\"@type\":\"ListItem\",\"position\":1,\"name\":\"Kanzlei f\u00fcr Recht &amp; Steuern\",\"item\":\"https:\\\/\\\/www.weberlaw.de\\\/de\\\/fachanwalt-fuer-steuerrecht-in-karlsruhe-ettlingen-kanzlei-weber\\\/\"},{\"@type\":\"ListItem\",\"position\":2,\"name\":\"Praxisrelevante Rechtsprechung zur Au\u00dfenpr\u00fcfung im Jahr 2023[\u2026] \u00bb\"}]},{\"@type\":\"WebSite\",\"@id\":\"https:\\\/\\\/www.weberlaw.de\\\/de\\\/#website\",\"url\":\"https:\\\/\\\/www.weberlaw.de\\\/de\\\/\",\"name\":\"Weber | Recht &amp; Steuern\",\"description\":\"Kanzlei f\u00fcr Wirtschafts- und Steuerrecht\",\"publisher\":{\"@id\":\"https:\\\/\\\/www.weberlaw.de\\\/de\\\/#organization\"},\"potentialAction\":[{\"@type\":\"SearchAction\",\"target\":{\"@type\":\"EntryPoint\",\"urlTemplate\":\"https:\\\/\\\/www.weberlaw.de\\\/de\\\/?s={search_term_string}\"},\"query-input\":{\"@type\":\"PropertyValueSpecification\",\"valueRequired\":true,\"valueName\":\"search_term_string\"}}],\"inLanguage\":\"de\"},{\"@type\":\"Organization\",\"@id\":\"https:\\\/\\\/www.weberlaw.de\\\/de\\\/#organization\",\"name\":\"Weber Recht & Steuern Kanzlei\",\"url\":\"https:\\\/\\\/www.weberlaw.de\\\/de\\\/\",\"logo\":{\"@type\":\"ImageObject\",\"inLanguage\":\"de\",\"@id\":\"https:\\\/\\\/www.weberlaw.de\\\/de\\\/#\\\/schema\\\/logo\\\/image\\\/\",\"url\":\"https:\\\/\\\/www.weberlaw.de\\\/wp-content\\\/uploads\\\/2020\\\/05\\\/weber-recht-steuern-karlsruhe-baden-baden-3.png\",\"contentUrl\":\"https:\\\/\\\/www.weberlaw.de\\\/wp-content\\\/uploads\\\/2020\\\/05\\\/weber-recht-steuern-karlsruhe-baden-baden-3.png\",\"width\":890,\"height\":200,\"caption\":\"Weber Recht & Steuern Kanzlei\"},\"image\":{\"@id\":\"https:\\\/\\\/www.weberlaw.de\\\/de\\\/#\\\/schema\\\/logo\\\/image\\\/\"},\"sameAs\":[\"https:\\\/\\\/de.linkedin.com\\\/in\\\/konstantinweber\"]},{\"@type\":\"Person\",\"@id\":\"https:\\\/\\\/www.weberlaw.de\\\/de\\\/#\\\/schema\\\/person\\\/f306a27e3ce3ce7f30ea9f3842a105f1\",\"name\":\"schilling\",\"image\":{\"@type\":\"ImageObject\",\"inLanguage\":\"de\",\"@id\":\"https:\\\/\\\/secure.gravatar.com\\\/avatar\\\/7243dca98927f4c0495fb7ed4e5184bf2f4c35b7fb602ba5b17423291fb905e3?s=96&d=mm&r=g\",\"url\":\"https:\\\/\\\/secure.gravatar.com\\\/avatar\\\/7243dca98927f4c0495fb7ed4e5184bf2f4c35b7fb602ba5b17423291fb905e3?s=96&d=mm&r=g\",\"contentUrl\":\"https:\\\/\\\/secure.gravatar.com\\\/avatar\\\/7243dca98927f4c0495fb7ed4e5184bf2f4c35b7fb602ba5b17423291fb905e3?s=96&d=mm&r=g\",\"caption\":\"schilling\"}}]}<\/script>\n<!-- \/ Yoast SEO plugin. -->","yoast_head_json":{"title":"Praxisrelevante Rechtsprechung zur Au\u00dfenpr\u00fcfung","description":"Praxisrelevante Rechtsprechung zur Au\u00dfenpr\u00fcfung, Zul\u00e4ssigkeit der Au\u00dfenpr\u00fcfung, rechtliche Stellung der Berufsgeheimnistr\u00e4ger","robots":{"index":"index","follow":"follow","max-snippet":"max-snippet:-1","max-image-preview":"max-image-preview:large","max-video-preview":"max-video-preview:-1"},"canonical":"https:\/\/www.weberlaw.de\/de\/praxisrelevante-rechtsprechung-zur-aussenpruefung-2\/","og_locale":"de_DE","og_type":"article","og_title":"Praxisrelevante Rechtsprechung zur Au\u00dfenpr\u00fcfung","og_description":"Praxisrelevante Rechtsprechung zur Au\u00dfenpr\u00fcfung, Zul\u00e4ssigkeit der Au\u00dfenpr\u00fcfung, rechtliche Stellung der Berufsgeheimnistr\u00e4ger","og_url":"https:\/\/www.weberlaw.de\/de\/praxisrelevante-rechtsprechung-zur-aussenpruefung-2\/","og_site_name":"Weber | Recht &amp; Steuern","article_published_time":"2024-11-11T10:42:30+00:00","article_modified_time":"2026-04-01T14:43:25+00:00","author":"schilling","twitter_card":"summary_large_image","twitter_misc":{"Verfasst von":"schilling","Gesch\u00e4tzte Lesezeit":"1\u00a0Minute"},"schema":{"@context":"https:\/\/schema.org","@graph":[{"@type":"Article","@id":"https:\/\/www.weberlaw.de\/de\/praxisrelevante-rechtsprechung-zur-aussenpruefung-2\/#article","isPartOf":{"@id":"https:\/\/www.weberlaw.de\/de\/praxisrelevante-rechtsprechung-zur-aussenpruefung-2\/"},"author":{"name":"schilling","@id":"https:\/\/www.weberlaw.de\/de\/#\/schema\/person\/f306a27e3ce3ce7f30ea9f3842a105f1"},"headline":"Praxisrelevante Rechtsprechung zur Au\u00dfenpr\u00fcfung im Jahr 2023[\u2026] \u00bb","datePublished":"2024-11-11T10:42:30+00:00","dateModified":"2026-04-01T14:43:25+00:00","mainEntityOfPage":{"@id":"https:\/\/www.weberlaw.de\/de\/praxisrelevante-rechtsprechung-zur-aussenpruefung-2\/"},"wordCount":195,"publisher":{"@id":"https:\/\/www.weberlaw.de\/de\/#organization"},"articleSection":["Newsletter"],"inLanguage":"de"},{"@type":"WebPage","@id":"https:\/\/www.weberlaw.de\/de\/praxisrelevante-rechtsprechung-zur-aussenpruefung-2\/","url":"https:\/\/www.weberlaw.de\/de\/praxisrelevante-rechtsprechung-zur-aussenpruefung-2\/","name":"Praxisrelevante Rechtsprechung zur Au\u00dfenpr\u00fcfung","isPartOf":{"@id":"https:\/\/www.weberlaw.de\/de\/#website"},"datePublished":"2024-11-11T10:42:30+00:00","dateModified":"2026-04-01T14:43:25+00:00","description":"Praxisrelevante Rechtsprechung zur Au\u00dfenpr\u00fcfung, Zul\u00e4ssigkeit der Au\u00dfenpr\u00fcfung, rechtliche Stellung der Berufsgeheimnistr\u00e4ger","breadcrumb":{"@id":"https:\/\/www.weberlaw.de\/de\/praxisrelevante-rechtsprechung-zur-aussenpruefung-2\/#breadcrumb"},"inLanguage":"de","potentialAction":[{"@type":"ReadAction","target":["https:\/\/www.weberlaw.de\/de\/praxisrelevante-rechtsprechung-zur-aussenpruefung-2\/"]}]},{"@type":"BreadcrumbList","@id":"https:\/\/www.weberlaw.de\/de\/praxisrelevante-rechtsprechung-zur-aussenpruefung-2\/#breadcrumb","itemListElement":[{"@type":"ListItem","position":1,"name":"Kanzlei f\u00fcr Recht &amp; Steuern","item":"https:\/\/www.weberlaw.de\/de\/fachanwalt-fuer-steuerrecht-in-karlsruhe-ettlingen-kanzlei-weber\/"},{"@type":"ListItem","position":2,"name":"Praxisrelevante Rechtsprechung zur Au\u00dfenpr\u00fcfung im Jahr 2023[\u2026] \u00bb"}]},{"@type":"WebSite","@id":"https:\/\/www.weberlaw.de\/de\/#website","url":"https:\/\/www.weberlaw.de\/de\/","name":"Weber | Recht &amp; Steuern","description":"Kanzlei f\u00fcr Wirtschafts- und Steuerrecht","publisher":{"@id":"https:\/\/www.weberlaw.de\/de\/#organization"},"potentialAction":[{"@type":"SearchAction","target":{"@type":"EntryPoint","urlTemplate":"https:\/\/www.weberlaw.de\/de\/?s={search_term_string}"},"query-input":{"@type":"PropertyValueSpecification","valueRequired":true,"valueName":"search_term_string"}}],"inLanguage":"de"},{"@type":"Organization","@id":"https:\/\/www.weberlaw.de\/de\/#organization","name":"Weber Recht & Steuern Kanzlei","url":"https:\/\/www.weberlaw.de\/de\/","logo":{"@type":"ImageObject","inLanguage":"de","@id":"https:\/\/www.weberlaw.de\/de\/#\/schema\/logo\/image\/","url":"https:\/\/www.weberlaw.de\/wp-content\/uploads\/2020\/05\/weber-recht-steuern-karlsruhe-baden-baden-3.png","contentUrl":"https:\/\/www.weberlaw.de\/wp-content\/uploads\/2020\/05\/weber-recht-steuern-karlsruhe-baden-baden-3.png","width":890,"height":200,"caption":"Weber Recht & Steuern Kanzlei"},"image":{"@id":"https:\/\/www.weberlaw.de\/de\/#\/schema\/logo\/image\/"},"sameAs":["https:\/\/de.linkedin.com\/in\/konstantinweber"]},{"@type":"Person","@id":"https:\/\/www.weberlaw.de\/de\/#\/schema\/person\/f306a27e3ce3ce7f30ea9f3842a105f1","name":"schilling","image":{"@type":"ImageObject","inLanguage":"de","@id":"https:\/\/secure.gravatar.com\/avatar\/7243dca98927f4c0495fb7ed4e5184bf2f4c35b7fb602ba5b17423291fb905e3?s=96&d=mm&r=g","url":"https:\/\/secure.gravatar.com\/avatar\/7243dca98927f4c0495fb7ed4e5184bf2f4c35b7fb602ba5b17423291fb905e3?s=96&d=mm&r=g","contentUrl":"https:\/\/secure.gravatar.com\/avatar\/7243dca98927f4c0495fb7ed4e5184bf2f4c35b7fb602ba5b17423291fb905e3?s=96&d=mm&r=g","caption":"schilling"}}]}},"_links":{"self":[{"href":"https:\/\/www.weberlaw.de\/de\/wp-json\/wp\/v2\/posts\/1711","targetHints":{"allow":["GET"]}}],"collection":[{"href":"https:\/\/www.weberlaw.de\/de\/wp-json\/wp\/v2\/posts"}],"about":[{"href":"https:\/\/www.weberlaw.de\/de\/wp-json\/wp\/v2\/types\/post"}],"author":[{"embeddable":true,"href":"https:\/\/www.weberlaw.de\/de\/wp-json\/wp\/v2\/users\/1"}],"replies":[{"embeddable":true,"href":"https:\/\/www.weberlaw.de\/de\/wp-json\/wp\/v2\/comments?post=1711"}],"version-history":[{"count":7,"href":"https:\/\/www.weberlaw.de\/de\/wp-json\/wp\/v2\/posts\/1711\/revisions"}],"predecessor-version":[{"id":2716,"href":"https:\/\/www.weberlaw.de\/de\/wp-json\/wp\/v2\/posts\/1711\/revisions\/2716"}],"wp:attachment":[{"href":"https:\/\/www.weberlaw.de\/de\/wp-json\/wp\/v2\/media?parent=1711"}],"wp:term":[{"taxonomy":"category","embeddable":true,"href":"https:\/\/www.weberlaw.de\/de\/wp-json\/wp\/v2\/categories?post=1711"},{"taxonomy":"post_tag","embeddable":true,"href":"https:\/\/www.weberlaw.de\/de\/wp-json\/wp\/v2\/tags?post=1711"}],"curies":[{"name":"wp","href":"https:\/\/api.w.org\/{rel}","templated":true}]}}