{"id":273,"date":"2020-01-16T10:22:57","date_gmt":"2020-01-16T10:22:57","guid":{"rendered":"http:\/\/beta.weberlaw.de\/?p=273"},"modified":"2024-05-17T15:10:18","modified_gmt":"2024-05-17T15:10:18","slug":"innergemeinschaftliche-reihengeschaefte-und-lieferungen-verschaerfung-der-bisherigen-praxis-sowie-umsatzsteuerliche-behandlung-der-konsignationslager-beitrag-von-ra-fastr-konstantin-weber-im-datev","status":"publish","type":"post","link":"https:\/\/www.weberlaw.de\/de\/innergemeinschaftliche-reihengeschaefte-und-lieferungen-verschaerfung-der-bisherigen-praxis-sowie-umsatzsteuerliche-behandlung-der-konsignationslager-beitrag-von-ra-fastr-konstantin-weber-im-datev\/","title":{"rendered":"Innergemeinschaftliche Reihengesch\u00e4fte und Lieferungen (Versch\u00e4rfung der bisherigen Praxis) sowie umsatzsteuerliche Behandlung der Konsignationslager, Beitrag von RA\/FAStR Konstantin Weber im Datev-Magazin, 01\/2020, S. 25-27 [\u2026] \u00bb"},"content":{"rendered":"<div class=\"items-row cols-1 row-7 row-fluid clearfix\">\n<div class=\"span12\">\n<div class=\"item column-1\">\n<p style=\"text-align: left;\">Zum 01.01.2020 sind in Deutschland neue Gesetze bzgl. innergemeinschaftlicher Reihengesch\u00e4fte, innergemeinschaftlicher Lieferungen (Versch\u00e4rfung der bisherigen Praxis) sowie der Behandlung von Ums\u00e4tzen hinsichtlich der Lieferungen \u00fcber Konsignationslager (neuer \u00a7 6b UStG) in Kraft getreten.<\/p>\n<p style=\"text-align: left;\">Lesen Sie mehr dazu &#8211; im folgenden Link &#8211; in dem aktuellen Beitrag von Rechtsanwalt und Fachanwalt f\u00fcr Steuerrecht, Karlsruhe und Baden-Baden im Datev-Magazin, 01\/2020, Seiten 25-27<\/p>\n<p style=\"text-align: left;\"><a href=\"https:\/\/www.datev-magazin.de\/praxis\/steuerberatung\/schnelle-loesungen-22567\">https:\/\/www.datev-magazin.de\/praxis\/steuerberatung\/schnelle-loesungen-22567<\/a><\/p>\n<p style=\"text-align: left;\">Autor des oben genannten Beitrags: Konstantin Weber, Rechtsanwalt und Fachanwalt f\u00fcr Steuerrecht, Inhaber der WEBER RECHT &amp; STEUERN KANZLEI in Karlsruhe und Baden-Baden mit den T\u00e4tigkeitsschwerpunkten im Umsatzsteuerrecht, Steuerstrafrecht, Wirtschaftsstrafrecht und Steuerstreitrecht.<\/p>\n<p style=\"text-align: left;\">Mehr dazu erfahren Sie unter:\u00a0<a href=\"https:\/\/www.weberlaw.de\/de\/\">https:\/\/www.weberlaw.de\/de\/<\/a><\/p>\n<p style=\"text-align: left;\"><strong>Ansprechpartner,\u00a0Umsatzsteuerrecht,\u00a0Umsatzsteuerberatung, Steuerstrafrecht, Wirtschaftsstrafrecht und Steuerstreitrecht (Einspruchs- und Finanzgerichtsverfahren),\u00a0Seminare und Inhouse-Schulungen:<\/strong><\/p>\n<p style=\"text-align: left;\">Konstantin Weber, Rechtsanwalt und Fachanwalt f\u00fcr Steuerrecht, Karlsruhe und Baden-Baden<\/p>\n<p style=\"text-align: left;\"><strong>Kontakt:\u00a0<\/strong><a href=\"https:\/\/www.weberlaw.de\/de\/\">https:\/\/www.weberlaw.de\/de\/<\/a><strong>\u00a0E-Mail:\u00a0<\/strong><a href=\"mailto:kw@weberlaw.de\">kw@weberlaw.de\u00a0<\/a><\/p>\n<\/div>\n<\/div>\n<\/div>\n","protected":false},"excerpt":{"rendered":"<p>Zum 01.01.2020 sind in Deutschland neue Gesetze bzgl. innergemeinschaftlicher Reihengesch\u00e4fte, innergemeinschaftlicher Lieferungen (Versch\u00e4rfung der bisherigen Praxis) sowie der Behandlung von Ums\u00e4tzen hinsichtlich der Lieferungen \u00fcber Konsignationslager (neuer \u00a7 6b UStG) in Kraft getreten. Lesen Sie mehr dazu &#8211; im folgenden Link &#8211; in dem aktuellen Beitrag von Rechtsanwalt und Fachanwalt f\u00fcr Steuerrecht, Karlsruhe und Baden-Baden [&hellip;]<\/p>\n","protected":false},"author":2,"featured_media":0,"comment_status":"closed","ping_status":"closed","sticky":false,"template":"","format":"standard","meta":{"footnotes":""},"categories":[1],"tags":[],"class_list":["post-273","post","type-post","status-publish","format-standard","hentry","category-newsletter"],"yoast_head":"<!-- This site is optimized with the Yoast SEO plugin v27.3 - https:\/\/yoast.com\/product\/yoast-seo-wordpress\/ -->\n<title>Innergemeinschaftliche Reihengesch\u00e4fte, Konsignationslager<\/title>\n<meta name=\"description\" content=\"Innergemeinschaftliche Reihengesch\u00e4fte und Lieferungen (Versch\u00e4rfung der bisherigen Praxis) sowie umsatzsteuerliche Behandlung der Konsignationslager\" \/>\n<meta name=\"robots\" content=\"index, follow, max-snippet:-1, max-image-preview:large, max-video-preview:-1\" \/>\n<link rel=\"canonical\" href=\"https:\/\/www.weberlaw.de\/de\/innergemeinschaftliche-reihengeschaefte-und-lieferungen-verschaerfung-der-bisherigen-praxis-sowie-umsatzsteuerliche-behandlung-der-konsignationslager-beitrag-von-ra-fastr-konstantin-weber-im-datev\/\" \/>\n<meta property=\"og:locale\" content=\"de_DE\" \/>\n<meta property=\"og:type\" content=\"article\" \/>\n<meta property=\"og:title\" content=\"Innergemeinschaftliche Reihengesch\u00e4fte, Konsignationslager\" \/>\n<meta property=\"og:description\" content=\"Innergemeinschaftliche Reihengesch\u00e4fte und Lieferungen (Versch\u00e4rfung der bisherigen Praxis) sowie umsatzsteuerliche Behandlung der Konsignationslager\" \/>\n<meta property=\"og:url\" content=\"https:\/\/www.weberlaw.de\/de\/innergemeinschaftliche-reihengeschaefte-und-lieferungen-verschaerfung-der-bisherigen-praxis-sowie-umsatzsteuerliche-behandlung-der-konsignationslager-beitrag-von-ra-fastr-konstantin-weber-im-datev\/\" \/>\n<meta property=\"og:site_name\" content=\"Weber | Recht &amp; Steuern\" \/>\n<meta property=\"article:published_time\" content=\"2020-01-16T10:22:57+00:00\" \/>\n<meta property=\"article:modified_time\" content=\"2024-05-17T15:10:18+00:00\" \/>\n<meta name=\"author\" content=\"Konstantin Weber\" \/>\n<meta name=\"twitter:card\" content=\"summary_large_image\" \/>\n<meta name=\"twitter:label1\" content=\"Verfasst von\" \/>\n\t<meta name=\"twitter:data1\" content=\"Konstantin Weber\" \/>\n\t<meta name=\"twitter:label2\" content=\"Gesch\u00e4tzte Lesezeit\" \/>\n\t<meta name=\"twitter:data2\" content=\"1\u00a0Minute\" \/>\n<script type=\"application\/ld+json\" class=\"yoast-schema-graph\">{\"@context\":\"https:\\\/\\\/schema.org\",\"@graph\":[{\"@type\":\"Article\",\"@id\":\"https:\\\/\\\/www.weberlaw.de\\\/de\\\/innergemeinschaftliche-reihengeschaefte-und-lieferungen-verschaerfung-der-bisherigen-praxis-sowie-umsatzsteuerliche-behandlung-der-konsignationslager-beitrag-von-ra-fastr-konstantin-weber-im-datev\\\/#article\",\"isPartOf\":{\"@id\":\"https:\\\/\\\/www.weberlaw.de\\\/de\\\/innergemeinschaftliche-reihengeschaefte-und-lieferungen-verschaerfung-der-bisherigen-praxis-sowie-umsatzsteuerliche-behandlung-der-konsignationslager-beitrag-von-ra-fastr-konstantin-weber-im-datev\\\/\"},\"author\":{\"name\":\"Konstantin Weber\",\"@id\":\"https:\\\/\\\/www.weberlaw.de\\\/de\\\/#\\\/schema\\\/person\\\/aa3de834799230a63dfdf264ad0a9f09\"},\"headline\":\"Innergemeinschaftliche Reihengesch\u00e4fte und Lieferungen (Versch\u00e4rfung der bisherigen Praxis) sowie umsatzsteuerliche Behandlung der Konsignationslager, Beitrag von RA\\\/FAStR Konstantin Weber im Datev-Magazin, 01\\\/2020, S. 25-27 [\u2026] \u00bb\",\"datePublished\":\"2020-01-16T10:22:57+00:00\",\"dateModified\":\"2024-05-17T15:10:18+00:00\",\"mainEntityOfPage\":{\"@id\":\"https:\\\/\\\/www.weberlaw.de\\\/de\\\/innergemeinschaftliche-reihengeschaefte-und-lieferungen-verschaerfung-der-bisherigen-praxis-sowie-umsatzsteuerliche-behandlung-der-konsignationslager-beitrag-von-ra-fastr-konstantin-weber-im-datev\\\/\"},\"wordCount\":171,\"publisher\":{\"@id\":\"https:\\\/\\\/www.weberlaw.de\\\/de\\\/#organization\"},\"articleSection\":[\"Newsletter\"],\"inLanguage\":\"de\"},{\"@type\":\"WebPage\",\"@id\":\"https:\\\/\\\/www.weberlaw.de\\\/de\\\/innergemeinschaftliche-reihengeschaefte-und-lieferungen-verschaerfung-der-bisherigen-praxis-sowie-umsatzsteuerliche-behandlung-der-konsignationslager-beitrag-von-ra-fastr-konstantin-weber-im-datev\\\/\",\"url\":\"https:\\\/\\\/www.weberlaw.de\\\/de\\\/innergemeinschaftliche-reihengeschaefte-und-lieferungen-verschaerfung-der-bisherigen-praxis-sowie-umsatzsteuerliche-behandlung-der-konsignationslager-beitrag-von-ra-fastr-konstantin-weber-im-datev\\\/\",\"name\":\"Innergemeinschaftliche Reihengesch\u00e4fte, Konsignationslager\",\"isPartOf\":{\"@id\":\"https:\\\/\\\/www.weberlaw.de\\\/de\\\/#website\"},\"datePublished\":\"2020-01-16T10:22:57+00:00\",\"dateModified\":\"2024-05-17T15:10:18+00:00\",\"description\":\"Innergemeinschaftliche Reihengesch\u00e4fte und Lieferungen (Versch\u00e4rfung der bisherigen Praxis) sowie umsatzsteuerliche Behandlung der Konsignationslager\",\"breadcrumb\":{\"@id\":\"https:\\\/\\\/www.weberlaw.de\\\/de\\\/innergemeinschaftliche-reihengeschaefte-und-lieferungen-verschaerfung-der-bisherigen-praxis-sowie-umsatzsteuerliche-behandlung-der-konsignationslager-beitrag-von-ra-fastr-konstantin-weber-im-datev\\\/#breadcrumb\"},\"inLanguage\":\"de\",\"potentialAction\":[{\"@type\":\"ReadAction\",\"target\":[\"https:\\\/\\\/www.weberlaw.de\\\/de\\\/innergemeinschaftliche-reihengeschaefte-und-lieferungen-verschaerfung-der-bisherigen-praxis-sowie-umsatzsteuerliche-behandlung-der-konsignationslager-beitrag-von-ra-fastr-konstantin-weber-im-datev\\\/\"]}]},{\"@type\":\"BreadcrumbList\",\"@id\":\"https:\\\/\\\/www.weberlaw.de\\\/de\\\/innergemeinschaftliche-reihengeschaefte-und-lieferungen-verschaerfung-der-bisherigen-praxis-sowie-umsatzsteuerliche-behandlung-der-konsignationslager-beitrag-von-ra-fastr-konstantin-weber-im-datev\\\/#breadcrumb\",\"itemListElement\":[{\"@type\":\"ListItem\",\"position\":1,\"name\":\"Kanzlei f\u00fcr Recht &amp; Steuern\",\"item\":\"https:\\\/\\\/www.weberlaw.de\\\/de\\\/fachanwalt-fuer-steuerrecht-in-karlsruhe-ettlingen-kanzlei-weber\\\/\"},{\"@type\":\"ListItem\",\"position\":2,\"name\":\"Innergemeinschaftliche Reihengesch\u00e4fte und Lieferungen (Versch\u00e4rfung der bisherigen Praxis) sowie umsatzsteuerliche Behandlung der Konsignationslager, Beitrag von RA\\\/FAStR Konstantin Weber im Datev-Magazin, 01\\\/2020, S. 25-27 [\u2026] \u00bb\"}]},{\"@type\":\"WebSite\",\"@id\":\"https:\\\/\\\/www.weberlaw.de\\\/de\\\/#website\",\"url\":\"https:\\\/\\\/www.weberlaw.de\\\/de\\\/\",\"name\":\"Weber | Recht &amp; Steuern\",\"description\":\"Kanzlei f\u00fcr Wirtschafts- und Steuerrecht\",\"publisher\":{\"@id\":\"https:\\\/\\\/www.weberlaw.de\\\/de\\\/#organization\"},\"potentialAction\":[{\"@type\":\"SearchAction\",\"target\":{\"@type\":\"EntryPoint\",\"urlTemplate\":\"https:\\\/\\\/www.weberlaw.de\\\/de\\\/?s={search_term_string}\"},\"query-input\":{\"@type\":\"PropertyValueSpecification\",\"valueRequired\":true,\"valueName\":\"search_term_string\"}}],\"inLanguage\":\"de\"},{\"@type\":\"Organization\",\"@id\":\"https:\\\/\\\/www.weberlaw.de\\\/de\\\/#organization\",\"name\":\"Weber Recht & Steuern Kanzlei\",\"url\":\"https:\\\/\\\/www.weberlaw.de\\\/de\\\/\",\"logo\":{\"@type\":\"ImageObject\",\"inLanguage\":\"de\",\"@id\":\"https:\\\/\\\/www.weberlaw.de\\\/de\\\/#\\\/schema\\\/logo\\\/image\\\/\",\"url\":\"https:\\\/\\\/www.weberlaw.de\\\/wp-content\\\/uploads\\\/2020\\\/05\\\/weber-recht-steuern-karlsruhe-baden-baden-3.png\",\"contentUrl\":\"https:\\\/\\\/www.weberlaw.de\\\/wp-content\\\/uploads\\\/2020\\\/05\\\/weber-recht-steuern-karlsruhe-baden-baden-3.png\",\"width\":890,\"height\":200,\"caption\":\"Weber Recht & Steuern Kanzlei\"},\"image\":{\"@id\":\"https:\\\/\\\/www.weberlaw.de\\\/de\\\/#\\\/schema\\\/logo\\\/image\\\/\"},\"sameAs\":[\"https:\\\/\\\/de.linkedin.com\\\/in\\\/konstantinweber\"]},{\"@type\":\"Person\",\"@id\":\"https:\\\/\\\/www.weberlaw.de\\\/de\\\/#\\\/schema\\\/person\\\/aa3de834799230a63dfdf264ad0a9f09\",\"name\":\"Konstantin Weber\",\"image\":{\"@type\":\"ImageObject\",\"inLanguage\":\"de\",\"@id\":\"https:\\\/\\\/secure.gravatar.com\\\/avatar\\\/c729da3aba19b03c8c704e97d38ca7d4f52fc7a904621d45b197baee2c1ce0e0?s=96&d=mm&r=g\",\"url\":\"https:\\\/\\\/secure.gravatar.com\\\/avatar\\\/c729da3aba19b03c8c704e97d38ca7d4f52fc7a904621d45b197baee2c1ce0e0?s=96&d=mm&r=g\",\"contentUrl\":\"https:\\\/\\\/secure.gravatar.com\\\/avatar\\\/c729da3aba19b03c8c704e97d38ca7d4f52fc7a904621d45b197baee2c1ce0e0?s=96&d=mm&r=g\",\"caption\":\"Konstantin Weber\"},\"description\":\"Vita Studiert in Heidelberg, Rechtsreferendariat in Karlsruhe, Stuttgart und Providence (USA) abgeschlossen, lebend und arbeitend in Karlsruhe und Baden-Baden. Verheiratet und zwei Kinder, Fachautor und Vortragender im Umsatzsteuerrecht, Steuerstrafrecht, Steuerstreitrecht und Wirtschaftsstrafrecht. Mehr Information..\"}]}<\/script>\n<!-- \/ Yoast SEO plugin. -->","yoast_head_json":{"title":"Innergemeinschaftliche Reihengesch\u00e4fte, Konsignationslager","description":"Innergemeinschaftliche Reihengesch\u00e4fte und Lieferungen (Versch\u00e4rfung der bisherigen Praxis) sowie umsatzsteuerliche Behandlung der Konsignationslager","robots":{"index":"index","follow":"follow","max-snippet":"max-snippet:-1","max-image-preview":"max-image-preview:large","max-video-preview":"max-video-preview:-1"},"canonical":"https:\/\/www.weberlaw.de\/de\/innergemeinschaftliche-reihengeschaefte-und-lieferungen-verschaerfung-der-bisherigen-praxis-sowie-umsatzsteuerliche-behandlung-der-konsignationslager-beitrag-von-ra-fastr-konstantin-weber-im-datev\/","og_locale":"de_DE","og_type":"article","og_title":"Innergemeinschaftliche Reihengesch\u00e4fte, Konsignationslager","og_description":"Innergemeinschaftliche Reihengesch\u00e4fte und Lieferungen (Versch\u00e4rfung der bisherigen Praxis) sowie umsatzsteuerliche Behandlung der Konsignationslager","og_url":"https:\/\/www.weberlaw.de\/de\/innergemeinschaftliche-reihengeschaefte-und-lieferungen-verschaerfung-der-bisherigen-praxis-sowie-umsatzsteuerliche-behandlung-der-konsignationslager-beitrag-von-ra-fastr-konstantin-weber-im-datev\/","og_site_name":"Weber | Recht &amp; Steuern","article_published_time":"2020-01-16T10:22:57+00:00","article_modified_time":"2024-05-17T15:10:18+00:00","author":"Konstantin Weber","twitter_card":"summary_large_image","twitter_misc":{"Verfasst von":"Konstantin Weber","Gesch\u00e4tzte Lesezeit":"1\u00a0Minute"},"schema":{"@context":"https:\/\/schema.org","@graph":[{"@type":"Article","@id":"https:\/\/www.weberlaw.de\/de\/innergemeinschaftliche-reihengeschaefte-und-lieferungen-verschaerfung-der-bisherigen-praxis-sowie-umsatzsteuerliche-behandlung-der-konsignationslager-beitrag-von-ra-fastr-konstantin-weber-im-datev\/#article","isPartOf":{"@id":"https:\/\/www.weberlaw.de\/de\/innergemeinschaftliche-reihengeschaefte-und-lieferungen-verschaerfung-der-bisherigen-praxis-sowie-umsatzsteuerliche-behandlung-der-konsignationslager-beitrag-von-ra-fastr-konstantin-weber-im-datev\/"},"author":{"name":"Konstantin Weber","@id":"https:\/\/www.weberlaw.de\/de\/#\/schema\/person\/aa3de834799230a63dfdf264ad0a9f09"},"headline":"Innergemeinschaftliche Reihengesch\u00e4fte und Lieferungen (Versch\u00e4rfung der bisherigen Praxis) sowie umsatzsteuerliche Behandlung der Konsignationslager, Beitrag von RA\/FAStR Konstantin Weber im Datev-Magazin, 01\/2020, S. 25-27 [\u2026] \u00bb","datePublished":"2020-01-16T10:22:57+00:00","dateModified":"2024-05-17T15:10:18+00:00","mainEntityOfPage":{"@id":"https:\/\/www.weberlaw.de\/de\/innergemeinschaftliche-reihengeschaefte-und-lieferungen-verschaerfung-der-bisherigen-praxis-sowie-umsatzsteuerliche-behandlung-der-konsignationslager-beitrag-von-ra-fastr-konstantin-weber-im-datev\/"},"wordCount":171,"publisher":{"@id":"https:\/\/www.weberlaw.de\/de\/#organization"},"articleSection":["Newsletter"],"inLanguage":"de"},{"@type":"WebPage","@id":"https:\/\/www.weberlaw.de\/de\/innergemeinschaftliche-reihengeschaefte-und-lieferungen-verschaerfung-der-bisherigen-praxis-sowie-umsatzsteuerliche-behandlung-der-konsignationslager-beitrag-von-ra-fastr-konstantin-weber-im-datev\/","url":"https:\/\/www.weberlaw.de\/de\/innergemeinschaftliche-reihengeschaefte-und-lieferungen-verschaerfung-der-bisherigen-praxis-sowie-umsatzsteuerliche-behandlung-der-konsignationslager-beitrag-von-ra-fastr-konstantin-weber-im-datev\/","name":"Innergemeinschaftliche Reihengesch\u00e4fte, Konsignationslager","isPartOf":{"@id":"https:\/\/www.weberlaw.de\/de\/#website"},"datePublished":"2020-01-16T10:22:57+00:00","dateModified":"2024-05-17T15:10:18+00:00","description":"Innergemeinschaftliche Reihengesch\u00e4fte und Lieferungen (Versch\u00e4rfung der bisherigen Praxis) sowie umsatzsteuerliche Behandlung der Konsignationslager","breadcrumb":{"@id":"https:\/\/www.weberlaw.de\/de\/innergemeinschaftliche-reihengeschaefte-und-lieferungen-verschaerfung-der-bisherigen-praxis-sowie-umsatzsteuerliche-behandlung-der-konsignationslager-beitrag-von-ra-fastr-konstantin-weber-im-datev\/#breadcrumb"},"inLanguage":"de","potentialAction":[{"@type":"ReadAction","target":["https:\/\/www.weberlaw.de\/de\/innergemeinschaftliche-reihengeschaefte-und-lieferungen-verschaerfung-der-bisherigen-praxis-sowie-umsatzsteuerliche-behandlung-der-konsignationslager-beitrag-von-ra-fastr-konstantin-weber-im-datev\/"]}]},{"@type":"BreadcrumbList","@id":"https:\/\/www.weberlaw.de\/de\/innergemeinschaftliche-reihengeschaefte-und-lieferungen-verschaerfung-der-bisherigen-praxis-sowie-umsatzsteuerliche-behandlung-der-konsignationslager-beitrag-von-ra-fastr-konstantin-weber-im-datev\/#breadcrumb","itemListElement":[{"@type":"ListItem","position":1,"name":"Kanzlei f\u00fcr Recht &amp; Steuern","item":"https:\/\/www.weberlaw.de\/de\/fachanwalt-fuer-steuerrecht-in-karlsruhe-ettlingen-kanzlei-weber\/"},{"@type":"ListItem","position":2,"name":"Innergemeinschaftliche Reihengesch\u00e4fte und Lieferungen (Versch\u00e4rfung der bisherigen Praxis) sowie umsatzsteuerliche Behandlung der Konsignationslager, Beitrag von RA\/FAStR Konstantin Weber im Datev-Magazin, 01\/2020, S. 25-27 [\u2026] \u00bb"}]},{"@type":"WebSite","@id":"https:\/\/www.weberlaw.de\/de\/#website","url":"https:\/\/www.weberlaw.de\/de\/","name":"Weber | Recht &amp; Steuern","description":"Kanzlei f\u00fcr Wirtschafts- und Steuerrecht","publisher":{"@id":"https:\/\/www.weberlaw.de\/de\/#organization"},"potentialAction":[{"@type":"SearchAction","target":{"@type":"EntryPoint","urlTemplate":"https:\/\/www.weberlaw.de\/de\/?s={search_term_string}"},"query-input":{"@type":"PropertyValueSpecification","valueRequired":true,"valueName":"search_term_string"}}],"inLanguage":"de"},{"@type":"Organization","@id":"https:\/\/www.weberlaw.de\/de\/#organization","name":"Weber Recht & Steuern Kanzlei","url":"https:\/\/www.weberlaw.de\/de\/","logo":{"@type":"ImageObject","inLanguage":"de","@id":"https:\/\/www.weberlaw.de\/de\/#\/schema\/logo\/image\/","url":"https:\/\/www.weberlaw.de\/wp-content\/uploads\/2020\/05\/weber-recht-steuern-karlsruhe-baden-baden-3.png","contentUrl":"https:\/\/www.weberlaw.de\/wp-content\/uploads\/2020\/05\/weber-recht-steuern-karlsruhe-baden-baden-3.png","width":890,"height":200,"caption":"Weber Recht & Steuern Kanzlei"},"image":{"@id":"https:\/\/www.weberlaw.de\/de\/#\/schema\/logo\/image\/"},"sameAs":["https:\/\/de.linkedin.com\/in\/konstantinweber"]},{"@type":"Person","@id":"https:\/\/www.weberlaw.de\/de\/#\/schema\/person\/aa3de834799230a63dfdf264ad0a9f09","name":"Konstantin Weber","image":{"@type":"ImageObject","inLanguage":"de","@id":"https:\/\/secure.gravatar.com\/avatar\/c729da3aba19b03c8c704e97d38ca7d4f52fc7a904621d45b197baee2c1ce0e0?s=96&d=mm&r=g","url":"https:\/\/secure.gravatar.com\/avatar\/c729da3aba19b03c8c704e97d38ca7d4f52fc7a904621d45b197baee2c1ce0e0?s=96&d=mm&r=g","contentUrl":"https:\/\/secure.gravatar.com\/avatar\/c729da3aba19b03c8c704e97d38ca7d4f52fc7a904621d45b197baee2c1ce0e0?s=96&d=mm&r=g","caption":"Konstantin Weber"},"description":"Vita Studiert in Heidelberg, Rechtsreferendariat in Karlsruhe, Stuttgart und Providence (USA) abgeschlossen, lebend und arbeitend in Karlsruhe und Baden-Baden. Verheiratet und zwei Kinder, Fachautor und Vortragender im Umsatzsteuerrecht, Steuerstrafrecht, Steuerstreitrecht und Wirtschaftsstrafrecht. Mehr Information.."}]}},"_links":{"self":[{"href":"https:\/\/www.weberlaw.de\/de\/wp-json\/wp\/v2\/posts\/273","targetHints":{"allow":["GET"]}}],"collection":[{"href":"https:\/\/www.weberlaw.de\/de\/wp-json\/wp\/v2\/posts"}],"about":[{"href":"https:\/\/www.weberlaw.de\/de\/wp-json\/wp\/v2\/types\/post"}],"author":[{"embeddable":true,"href":"https:\/\/www.weberlaw.de\/de\/wp-json\/wp\/v2\/users\/2"}],"replies":[{"embeddable":true,"href":"https:\/\/www.weberlaw.de\/de\/wp-json\/wp\/v2\/comments?post=273"}],"version-history":[{"count":4,"href":"https:\/\/www.weberlaw.de\/de\/wp-json\/wp\/v2\/posts\/273\/revisions"}],"predecessor-version":[{"id":2762,"href":"https:\/\/www.weberlaw.de\/de\/wp-json\/wp\/v2\/posts\/273\/revisions\/2762"}],"wp:attachment":[{"href":"https:\/\/www.weberlaw.de\/de\/wp-json\/wp\/v2\/media?parent=273"}],"wp:term":[{"taxonomy":"category","embeddable":true,"href":"https:\/\/www.weberlaw.de\/de\/wp-json\/wp\/v2\/categories?post=273"},{"taxonomy":"post_tag","embeddable":true,"href":"https:\/\/www.weberlaw.de\/de\/wp-json\/wp\/v2\/tags?post=273"}],"curies":[{"name":"wp","href":"https:\/\/api.w.org\/{rel}","templated":true}]}}