{"id":283,"date":"2020-02-17T10:26:26","date_gmt":"2020-02-17T10:26:26","guid":{"rendered":"http:\/\/beta.weberlaw.de\/?p=283"},"modified":"2024-05-13T11:49:26","modified_gmt":"2024-05-13T11:49:26","slug":"neue-gesetztesaenderungen-im-umsatzsteuerrecht-ab-dem-01-01-2020-kurze-uebersicht","status":"publish","type":"post","link":"https:\/\/www.weberlaw.de\/de\/neue-gesetztesaenderungen-im-umsatzsteuerrecht-ab-dem-01-01-2020-kurze-uebersicht\/","title":{"rendered":"Neue Gesetzes\u00e4nderungen im Umsatzsteuerrecht ab dem 01.01.2020, kurze \u00dcbersicht [\u2026] \u00bb"},"content":{"rendered":"<p style=\"text-align: left;\"><strong>Neue Gesetzes\u00e4nderungen im Umsatzsteuerrecht ab dem 01.01.2020, kurze \u00dcbersicht:<\/strong><\/p>\n<ul style=\"text-align: left;\">\n<li>Versagung des Vorsteuerabzugs und der Steuerbefreiung bei Beteiligung an einer Steuerhinterziehung, Neueinf\u00fchrung von \u00a7 25f UStG,<\/li>\n<li>Erh\u00f6hung der Kleinunternehmergrenze von 17.500\u00a0\u20ac auf 22.000\u00a0\u20ac Vorjahresumsatz, \u00a7 19 Abs.1 S.1 UStG,<\/li>\n<li>Anwendung des erm\u00e4\u00dfigten Umsatzsteuersatzes (7 %) auf E-Books als auch auf Erzeugnisse f\u00fcr Zwecke der Monatshygiene. \u00a7 12 Abs. 2 Nr. 14 UStG,<\/li>\n<li>Regelung der Konsignationslager, Neueinf\u00fchrung von \u00a7 6b UStG,<\/li>\n<li>Versch\u00e4rfung steuerbefreiter innergemeinschaftlicher Lieferung durch Einf\u00fcgung zweier materiell-rechtlicher Voraussetzungen\n<ul>\n<li>Pflicht zur Abgabe der Zusammenfassenden Meldung nach \u00a7\u00a7 4 Abs.1 b), 18a UStG und<\/li>\n<li>Verwendung der Umsatzsteuer-Identifikationsnummer des Abnehmers aus einem anderen EU-Mietgliedstaat (also eines anderen EU-Mitgliedstaates als jenes, in dem die Versendung oder Bef\u00f6rderung beginnt) gegen\u00fcber dem leistenden Unternehmer nach \u00a7 6a Abs.1 Nr. 4 UStG und<\/li>\n<\/ul>\n<\/li>\n<li>Regelung innergemeinschaftlicher Reihengesch\u00e4fte f\u00fcr Zwischenh\u00e4ndler (mittlerer Unternehmer), Neueinf\u00fchrung von \u00a7 3 Abs.6a UStG<\/li>\n<\/ul>\n<p style=\"text-align: left;\">Ansprechpartner f\u00fcr Steuerstrafrecht, Wirtschaftsstrafrecht, Steuerstreitrecht und Umsatzsteuerrecht, Seminare und Inhouse-Schulungen: Konstantin Weber, Rechtsanwalt und Fachanwalt f\u00fcr Steuerrecht, Karlsruhe, Bruchsal, Rastatt, Ettlingen, Offenburg, Pforzheim, Baden-Baden, Speyer, B\u00fchl, Gaggenau, Freudenstadt, Nagold, Horb am Neckar, Rheinstetten, Bretten, Wagh\u00e4usel, Landau in der Pfalz, Germersheim, Neustadt an der Weinstra\u00dfe, Ludwigshafen am Rhein, Frankenthal (Pfalz), Ludwigshafen am Rhein, Mannheim, Schwetzingen, Heidelberg, Hockenheim, Wiesloch, Sinsheim, Mosbach, Neckargm\u00fcnd, Bad Rappenau, Eppingen, Heilbronn, Ludwigsburg, Stuttgart<\/p>\n<p style=\"text-align: left;\">Kontakt:\u00a0<a href=\"https:\/\/www.weberlaw.de\/de\/\"><strong>https:\/\/www.weberlaw.de\/de\/<\/strong><\/a><\/p>\n","protected":false},"excerpt":{"rendered":"<p>Neue Gesetzes\u00e4nderungen im Umsatzsteuerrecht ab dem 01.01.2020, kurze \u00dcbersicht: Versagung des Vorsteuerabzugs und der Steuerbefreiung bei Beteiligung an einer Steuerhinterziehung, Neueinf\u00fchrung von \u00a7 25f UStG, Erh\u00f6hung der Kleinunternehmergrenze von 17.500\u00a0\u20ac auf 22.000\u00a0\u20ac Vorjahresumsatz, \u00a7 19 Abs.1 S.1 UStG, Anwendung des erm\u00e4\u00dfigten Umsatzsteuersatzes (7 %) auf E-Books als auch auf Erzeugnisse f\u00fcr Zwecke der Monatshygiene. \u00a7 [&hellip;]<\/p>\n","protected":false},"author":2,"featured_media":0,"comment_status":"closed","ping_status":"closed","sticky":false,"template":"","format":"standard","meta":{"footnotes":""},"categories":[1],"tags":[],"class_list":["post-283","post","type-post","status-publish","format-standard","hentry","category-newsletter"],"yoast_head":"<!-- This site is optimized with the Yoast SEO plugin v27.3 - https:\/\/yoast.com\/product\/yoast-seo-wordpress\/ -->\n<title>Neue Gesetzes\u00e4nderungen im Umsatzsteuerrecht<\/title>\n<meta name=\"description\" content=\"Versagung des Vorsteuerabzugs und der Steuerbefreiung wegen Steuerhinterziehung, Erh\u00f6hung der Kleinunternehmergrenze, \u00a7 19 Abs.1 S.1 UStG\" \/>\n<meta name=\"robots\" content=\"index, follow, max-snippet:-1, max-image-preview:large, max-video-preview:-1\" \/>\n<link rel=\"canonical\" href=\"https:\/\/www.weberlaw.de\/de\/neue-gesetztesaenderungen-im-umsatzsteuerrecht-ab-dem-01-01-2020-kurze-uebersicht\/\" \/>\n<meta property=\"og:locale\" content=\"de_DE\" \/>\n<meta property=\"og:type\" content=\"article\" \/>\n<meta property=\"og:title\" content=\"Neue Gesetzes\u00e4nderungen im Umsatzsteuerrecht\" \/>\n<meta property=\"og:description\" content=\"Versagung des Vorsteuerabzugs und der Steuerbefreiung wegen Steuerhinterziehung, Erh\u00f6hung der Kleinunternehmergrenze, \u00a7 19 Abs.1 S.1 UStG\" \/>\n<meta property=\"og:url\" content=\"https:\/\/www.weberlaw.de\/de\/neue-gesetztesaenderungen-im-umsatzsteuerrecht-ab-dem-01-01-2020-kurze-uebersicht\/\" \/>\n<meta property=\"og:site_name\" content=\"Weber | Recht &amp; Steuern\" \/>\n<meta property=\"article:published_time\" content=\"2020-02-17T10:26:26+00:00\" \/>\n<meta property=\"article:modified_time\" content=\"2024-05-13T11:49:26+00:00\" \/>\n<meta name=\"author\" content=\"Konstantin Weber\" \/>\n<meta name=\"twitter:card\" content=\"summary_large_image\" \/>\n<meta name=\"twitter:label1\" content=\"Verfasst von\" \/>\n\t<meta name=\"twitter:data1\" content=\"Konstantin Weber\" \/>\n\t<meta name=\"twitter:label2\" content=\"Gesch\u00e4tzte Lesezeit\" \/>\n\t<meta name=\"twitter:data2\" content=\"2\u00a0Minuten\" \/>\n<script type=\"application\/ld+json\" class=\"yoast-schema-graph\">{\"@context\":\"https:\\\/\\\/schema.org\",\"@graph\":[{\"@type\":\"Article\",\"@id\":\"https:\\\/\\\/www.weberlaw.de\\\/de\\\/neue-gesetztesaenderungen-im-umsatzsteuerrecht-ab-dem-01-01-2020-kurze-uebersicht\\\/#article\",\"isPartOf\":{\"@id\":\"https:\\\/\\\/www.weberlaw.de\\\/de\\\/neue-gesetztesaenderungen-im-umsatzsteuerrecht-ab-dem-01-01-2020-kurze-uebersicht\\\/\"},\"author\":{\"name\":\"Konstantin Weber\",\"@id\":\"https:\\\/\\\/www.weberlaw.de\\\/de\\\/#\\\/schema\\\/person\\\/aa3de834799230a63dfdf264ad0a9f09\"},\"headline\":\"Neue Gesetzes\u00e4nderungen im Umsatzsteuerrecht ab dem 01.01.2020, kurze \u00dcbersicht [\u2026] \u00bb\",\"datePublished\":\"2020-02-17T10:26:26+00:00\",\"dateModified\":\"2024-05-13T11:49:26+00:00\",\"mainEntityOfPage\":{\"@id\":\"https:\\\/\\\/www.weberlaw.de\\\/de\\\/neue-gesetztesaenderungen-im-umsatzsteuerrecht-ab-dem-01-01-2020-kurze-uebersicht\\\/\"},\"wordCount\":222,\"publisher\":{\"@id\":\"https:\\\/\\\/www.weberlaw.de\\\/de\\\/#organization\"},\"articleSection\":[\"Newsletter\"],\"inLanguage\":\"de\"},{\"@type\":\"WebPage\",\"@id\":\"https:\\\/\\\/www.weberlaw.de\\\/de\\\/neue-gesetztesaenderungen-im-umsatzsteuerrecht-ab-dem-01-01-2020-kurze-uebersicht\\\/\",\"url\":\"https:\\\/\\\/www.weberlaw.de\\\/de\\\/neue-gesetztesaenderungen-im-umsatzsteuerrecht-ab-dem-01-01-2020-kurze-uebersicht\\\/\",\"name\":\"Neue Gesetzes\u00e4nderungen im Umsatzsteuerrecht\",\"isPartOf\":{\"@id\":\"https:\\\/\\\/www.weberlaw.de\\\/de\\\/#website\"},\"datePublished\":\"2020-02-17T10:26:26+00:00\",\"dateModified\":\"2024-05-13T11:49:26+00:00\",\"description\":\"Versagung des Vorsteuerabzugs und der Steuerbefreiung wegen Steuerhinterziehung, Erh\u00f6hung der Kleinunternehmergrenze, \u00a7 19 Abs.1 S.1 UStG\",\"breadcrumb\":{\"@id\":\"https:\\\/\\\/www.weberlaw.de\\\/de\\\/neue-gesetztesaenderungen-im-umsatzsteuerrecht-ab-dem-01-01-2020-kurze-uebersicht\\\/#breadcrumb\"},\"inLanguage\":\"de\",\"potentialAction\":[{\"@type\":\"ReadAction\",\"target\":[\"https:\\\/\\\/www.weberlaw.de\\\/de\\\/neue-gesetztesaenderungen-im-umsatzsteuerrecht-ab-dem-01-01-2020-kurze-uebersicht\\\/\"]}]},{\"@type\":\"BreadcrumbList\",\"@id\":\"https:\\\/\\\/www.weberlaw.de\\\/de\\\/neue-gesetztesaenderungen-im-umsatzsteuerrecht-ab-dem-01-01-2020-kurze-uebersicht\\\/#breadcrumb\",\"itemListElement\":[{\"@type\":\"ListItem\",\"position\":1,\"name\":\"Kanzlei f\u00fcr Recht &amp; Steuern\",\"item\":\"https:\\\/\\\/www.weberlaw.de\\\/de\\\/fachanwalt-fuer-steuerrecht-in-karlsruhe-ettlingen-kanzlei-weber\\\/\"},{\"@type\":\"ListItem\",\"position\":2,\"name\":\"Neue Gesetzes\u00e4nderungen im Umsatzsteuerrecht ab dem 01.01.2020, kurze \u00dcbersicht [\u2026] \u00bb\"}]},{\"@type\":\"WebSite\",\"@id\":\"https:\\\/\\\/www.weberlaw.de\\\/de\\\/#website\",\"url\":\"https:\\\/\\\/www.weberlaw.de\\\/de\\\/\",\"name\":\"Weber | Recht &amp; Steuern\",\"description\":\"Kanzlei f\u00fcr Wirtschafts- und Steuerrecht\",\"publisher\":{\"@id\":\"https:\\\/\\\/www.weberlaw.de\\\/de\\\/#organization\"},\"potentialAction\":[{\"@type\":\"SearchAction\",\"target\":{\"@type\":\"EntryPoint\",\"urlTemplate\":\"https:\\\/\\\/www.weberlaw.de\\\/de\\\/?s={search_term_string}\"},\"query-input\":{\"@type\":\"PropertyValueSpecification\",\"valueRequired\":true,\"valueName\":\"search_term_string\"}}],\"inLanguage\":\"de\"},{\"@type\":\"Organization\",\"@id\":\"https:\\\/\\\/www.weberlaw.de\\\/de\\\/#organization\",\"name\":\"Weber Recht & Steuern Kanzlei\",\"url\":\"https:\\\/\\\/www.weberlaw.de\\\/de\\\/\",\"logo\":{\"@type\":\"ImageObject\",\"inLanguage\":\"de\",\"@id\":\"https:\\\/\\\/www.weberlaw.de\\\/de\\\/#\\\/schema\\\/logo\\\/image\\\/\",\"url\":\"https:\\\/\\\/www.weberlaw.de\\\/wp-content\\\/uploads\\\/2020\\\/05\\\/weber-recht-steuern-karlsruhe-baden-baden-3.png\",\"contentUrl\":\"https:\\\/\\\/www.weberlaw.de\\\/wp-content\\\/uploads\\\/2020\\\/05\\\/weber-recht-steuern-karlsruhe-baden-baden-3.png\",\"width\":890,\"height\":200,\"caption\":\"Weber Recht & Steuern Kanzlei\"},\"image\":{\"@id\":\"https:\\\/\\\/www.weberlaw.de\\\/de\\\/#\\\/schema\\\/logo\\\/image\\\/\"},\"sameAs\":[\"https:\\\/\\\/de.linkedin.com\\\/in\\\/konstantinweber\"]},{\"@type\":\"Person\",\"@id\":\"https:\\\/\\\/www.weberlaw.de\\\/de\\\/#\\\/schema\\\/person\\\/aa3de834799230a63dfdf264ad0a9f09\",\"name\":\"Konstantin Weber\",\"image\":{\"@type\":\"ImageObject\",\"inLanguage\":\"de\",\"@id\":\"https:\\\/\\\/secure.gravatar.com\\\/avatar\\\/c729da3aba19b03c8c704e97d38ca7d4f52fc7a904621d45b197baee2c1ce0e0?s=96&d=mm&r=g\",\"url\":\"https:\\\/\\\/secure.gravatar.com\\\/avatar\\\/c729da3aba19b03c8c704e97d38ca7d4f52fc7a904621d45b197baee2c1ce0e0?s=96&d=mm&r=g\",\"contentUrl\":\"https:\\\/\\\/secure.gravatar.com\\\/avatar\\\/c729da3aba19b03c8c704e97d38ca7d4f52fc7a904621d45b197baee2c1ce0e0?s=96&d=mm&r=g\",\"caption\":\"Konstantin Weber\"},\"description\":\"Vita Studiert in Heidelberg, Rechtsreferendariat in Karlsruhe, Stuttgart und Providence (USA) abgeschlossen, lebend und arbeitend in Karlsruhe und Baden-Baden. Verheiratet und zwei Kinder, Fachautor und Vortragender im Umsatzsteuerrecht, Steuerstrafrecht, Steuerstreitrecht und Wirtschaftsstrafrecht. Mehr Information..\"}]}<\/script>\n<!-- \/ Yoast SEO plugin. -->","yoast_head_json":{"title":"Neue Gesetzes\u00e4nderungen im Umsatzsteuerrecht","description":"Versagung des Vorsteuerabzugs und der Steuerbefreiung wegen Steuerhinterziehung, Erh\u00f6hung der Kleinunternehmergrenze, \u00a7 19 Abs.1 S.1 UStG","robots":{"index":"index","follow":"follow","max-snippet":"max-snippet:-1","max-image-preview":"max-image-preview:large","max-video-preview":"max-video-preview:-1"},"canonical":"https:\/\/www.weberlaw.de\/de\/neue-gesetztesaenderungen-im-umsatzsteuerrecht-ab-dem-01-01-2020-kurze-uebersicht\/","og_locale":"de_DE","og_type":"article","og_title":"Neue Gesetzes\u00e4nderungen im Umsatzsteuerrecht","og_description":"Versagung des Vorsteuerabzugs und der Steuerbefreiung wegen Steuerhinterziehung, Erh\u00f6hung der Kleinunternehmergrenze, \u00a7 19 Abs.1 S.1 UStG","og_url":"https:\/\/www.weberlaw.de\/de\/neue-gesetztesaenderungen-im-umsatzsteuerrecht-ab-dem-01-01-2020-kurze-uebersicht\/","og_site_name":"Weber | Recht &amp; Steuern","article_published_time":"2020-02-17T10:26:26+00:00","article_modified_time":"2024-05-13T11:49:26+00:00","author":"Konstantin Weber","twitter_card":"summary_large_image","twitter_misc":{"Verfasst von":"Konstantin Weber","Gesch\u00e4tzte Lesezeit":"2\u00a0Minuten"},"schema":{"@context":"https:\/\/schema.org","@graph":[{"@type":"Article","@id":"https:\/\/www.weberlaw.de\/de\/neue-gesetztesaenderungen-im-umsatzsteuerrecht-ab-dem-01-01-2020-kurze-uebersicht\/#article","isPartOf":{"@id":"https:\/\/www.weberlaw.de\/de\/neue-gesetztesaenderungen-im-umsatzsteuerrecht-ab-dem-01-01-2020-kurze-uebersicht\/"},"author":{"name":"Konstantin Weber","@id":"https:\/\/www.weberlaw.de\/de\/#\/schema\/person\/aa3de834799230a63dfdf264ad0a9f09"},"headline":"Neue Gesetzes\u00e4nderungen im Umsatzsteuerrecht ab dem 01.01.2020, kurze \u00dcbersicht [\u2026] \u00bb","datePublished":"2020-02-17T10:26:26+00:00","dateModified":"2024-05-13T11:49:26+00:00","mainEntityOfPage":{"@id":"https:\/\/www.weberlaw.de\/de\/neue-gesetztesaenderungen-im-umsatzsteuerrecht-ab-dem-01-01-2020-kurze-uebersicht\/"},"wordCount":222,"publisher":{"@id":"https:\/\/www.weberlaw.de\/de\/#organization"},"articleSection":["Newsletter"],"inLanguage":"de"},{"@type":"WebPage","@id":"https:\/\/www.weberlaw.de\/de\/neue-gesetztesaenderungen-im-umsatzsteuerrecht-ab-dem-01-01-2020-kurze-uebersicht\/","url":"https:\/\/www.weberlaw.de\/de\/neue-gesetztesaenderungen-im-umsatzsteuerrecht-ab-dem-01-01-2020-kurze-uebersicht\/","name":"Neue Gesetzes\u00e4nderungen im Umsatzsteuerrecht","isPartOf":{"@id":"https:\/\/www.weberlaw.de\/de\/#website"},"datePublished":"2020-02-17T10:26:26+00:00","dateModified":"2024-05-13T11:49:26+00:00","description":"Versagung des Vorsteuerabzugs und der Steuerbefreiung wegen Steuerhinterziehung, Erh\u00f6hung der Kleinunternehmergrenze, \u00a7 19 Abs.1 S.1 UStG","breadcrumb":{"@id":"https:\/\/www.weberlaw.de\/de\/neue-gesetztesaenderungen-im-umsatzsteuerrecht-ab-dem-01-01-2020-kurze-uebersicht\/#breadcrumb"},"inLanguage":"de","potentialAction":[{"@type":"ReadAction","target":["https:\/\/www.weberlaw.de\/de\/neue-gesetztesaenderungen-im-umsatzsteuerrecht-ab-dem-01-01-2020-kurze-uebersicht\/"]}]},{"@type":"BreadcrumbList","@id":"https:\/\/www.weberlaw.de\/de\/neue-gesetztesaenderungen-im-umsatzsteuerrecht-ab-dem-01-01-2020-kurze-uebersicht\/#breadcrumb","itemListElement":[{"@type":"ListItem","position":1,"name":"Kanzlei f\u00fcr Recht &amp; Steuern","item":"https:\/\/www.weberlaw.de\/de\/fachanwalt-fuer-steuerrecht-in-karlsruhe-ettlingen-kanzlei-weber\/"},{"@type":"ListItem","position":2,"name":"Neue Gesetzes\u00e4nderungen im Umsatzsteuerrecht ab dem 01.01.2020, kurze \u00dcbersicht [\u2026] \u00bb"}]},{"@type":"WebSite","@id":"https:\/\/www.weberlaw.de\/de\/#website","url":"https:\/\/www.weberlaw.de\/de\/","name":"Weber | Recht &amp; Steuern","description":"Kanzlei f\u00fcr Wirtschafts- und Steuerrecht","publisher":{"@id":"https:\/\/www.weberlaw.de\/de\/#organization"},"potentialAction":[{"@type":"SearchAction","target":{"@type":"EntryPoint","urlTemplate":"https:\/\/www.weberlaw.de\/de\/?s={search_term_string}"},"query-input":{"@type":"PropertyValueSpecification","valueRequired":true,"valueName":"search_term_string"}}],"inLanguage":"de"},{"@type":"Organization","@id":"https:\/\/www.weberlaw.de\/de\/#organization","name":"Weber Recht & Steuern Kanzlei","url":"https:\/\/www.weberlaw.de\/de\/","logo":{"@type":"ImageObject","inLanguage":"de","@id":"https:\/\/www.weberlaw.de\/de\/#\/schema\/logo\/image\/","url":"https:\/\/www.weberlaw.de\/wp-content\/uploads\/2020\/05\/weber-recht-steuern-karlsruhe-baden-baden-3.png","contentUrl":"https:\/\/www.weberlaw.de\/wp-content\/uploads\/2020\/05\/weber-recht-steuern-karlsruhe-baden-baden-3.png","width":890,"height":200,"caption":"Weber Recht & Steuern Kanzlei"},"image":{"@id":"https:\/\/www.weberlaw.de\/de\/#\/schema\/logo\/image\/"},"sameAs":["https:\/\/de.linkedin.com\/in\/konstantinweber"]},{"@type":"Person","@id":"https:\/\/www.weberlaw.de\/de\/#\/schema\/person\/aa3de834799230a63dfdf264ad0a9f09","name":"Konstantin Weber","image":{"@type":"ImageObject","inLanguage":"de","@id":"https:\/\/secure.gravatar.com\/avatar\/c729da3aba19b03c8c704e97d38ca7d4f52fc7a904621d45b197baee2c1ce0e0?s=96&d=mm&r=g","url":"https:\/\/secure.gravatar.com\/avatar\/c729da3aba19b03c8c704e97d38ca7d4f52fc7a904621d45b197baee2c1ce0e0?s=96&d=mm&r=g","contentUrl":"https:\/\/secure.gravatar.com\/avatar\/c729da3aba19b03c8c704e97d38ca7d4f52fc7a904621d45b197baee2c1ce0e0?s=96&d=mm&r=g","caption":"Konstantin Weber"},"description":"Vita Studiert in Heidelberg, Rechtsreferendariat in Karlsruhe, Stuttgart und Providence (USA) abgeschlossen, lebend und arbeitend in Karlsruhe und Baden-Baden. Verheiratet und zwei Kinder, Fachautor und Vortragender im Umsatzsteuerrecht, Steuerstrafrecht, Steuerstreitrecht und Wirtschaftsstrafrecht. Mehr Information.."}]}},"_links":{"self":[{"href":"https:\/\/www.weberlaw.de\/de\/wp-json\/wp\/v2\/posts\/283","targetHints":{"allow":["GET"]}}],"collection":[{"href":"https:\/\/www.weberlaw.de\/de\/wp-json\/wp\/v2\/posts"}],"about":[{"href":"https:\/\/www.weberlaw.de\/de\/wp-json\/wp\/v2\/types\/post"}],"author":[{"embeddable":true,"href":"https:\/\/www.weberlaw.de\/de\/wp-json\/wp\/v2\/users\/2"}],"replies":[{"embeddable":true,"href":"https:\/\/www.weberlaw.de\/de\/wp-json\/wp\/v2\/comments?post=283"}],"version-history":[{"count":4,"href":"https:\/\/www.weberlaw.de\/de\/wp-json\/wp\/v2\/posts\/283\/revisions"}],"predecessor-version":[{"id":2758,"href":"https:\/\/www.weberlaw.de\/de\/wp-json\/wp\/v2\/posts\/283\/revisions\/2758"}],"wp:attachment":[{"href":"https:\/\/www.weberlaw.de\/de\/wp-json\/wp\/v2\/media?parent=283"}],"wp:term":[{"taxonomy":"category","embeddable":true,"href":"https:\/\/www.weberlaw.de\/de\/wp-json\/wp\/v2\/categories?post=283"},{"taxonomy":"post_tag","embeddable":true,"href":"https:\/\/www.weberlaw.de\/de\/wp-json\/wp\/v2\/tags?post=283"}],"curies":[{"name":"wp","href":"https:\/\/api.w.org\/{rel}","templated":true}]}}