{"id":289,"date":"2020-04-14T10:28:27","date_gmt":"2020-04-14T10:28:27","guid":{"rendered":"http:\/\/beta.weberlaw.de\/?p=289"},"modified":"2026-04-01T11:28:23","modified_gmt":"2026-04-01T11:28:23","slug":"billigkeitserlass-nach-%c2%a7-227-ao-bei-gemeinsamem-irrtum-von-leistenden-und-leistungsempfaenger-ueber-anwendung-des-%c2%a7-13b-ustg-in-nwb-nr-15-2020-s-1047-1052-von-ra-fastr-konstantin-weber","status":"publish","type":"post","link":"https:\/\/www.weberlaw.de\/de\/billigkeitserlass-nach-%c2%a7-227-ao-bei-gemeinsamem-irrtum-von-leistenden-und-leistungsempfaenger-ueber-anwendung-des-%c2%a7-13b-ustg-in-nwb-nr-15-2020-s-1047-1052-von-ra-fastr-konstantin-weber\/","title":{"rendered":"Billigkeitserlass nach \u00a7 227 AO bei gemeinsamem Irrtum von Leistenden und Leistungsempf\u00e4nger \u00fcber Anwendung des \u00a7 13b UStG in NWB Nr.15\/2020 (S. 1047-1052) von RA\/FAStR Konstantin Weber [\u2026] \u00bb"},"content":{"rendered":"<p style=\"text-align: left;\"><strong>Billigkeitserlass nach \u00a7 227 AO bei gemeinsamem Irrtum von Leistenden und Leistungsempf\u00e4nger \u00fcber Anwendung des \u00a7 13b UStG:<\/strong><\/p>\n<p class=\"mentions-texteditorcontent\" style=\"text-align: left;\">In meiner Publikationen in NWB Steuer- und Wirtschaftsrecht Nr.15\/2020 (Seiten 1047-1052) geht es um die Frage, ob die Zinsen (6 % j\u00e4hrlich) nach \u00a7 233a AO im Falle der Verwechslung des Reverse-Charge-Verfahrens nach \u00a7 13b UStG, die durch das zust\u00e4ndige Finanzamt festgesetzt wurden, zu erlassen sind.<\/p>\n<p class=\"mentions-texteditorcontent\" style=\"text-align: left;\">Der BFH (Urteil v.\u00a0<time datetime=\"2019-09-26\" data-search=\"2019-09-26 \">26.9.2019<\/time>\u00a0&#8211; V R 13\/18) erachtet es als rechtens, die Zinsen zu erlassen und er hebt gleichzeitig das Urteil der Vorinstanz (FG Baden-W\u00fcrttemberg v. 15.3.2018 &#8211; 1K 2616\/17) auf, die noch von der rechtlich zutreffenden Zinsfestsetzung ausging.<\/p>\n<p class=\"mentions-texteditorcontent\" style=\"text-align: left;\">Das BFH-Urteil zeigt einmal mehr, dass im Umsatzsteuerrecht oft Ausnahmesituationen vorliegen.<\/p>\n<p class=\"mentions-texteditorcontent\" style=\"text-align: left;\">Mehr dazu erfahren Sie unter\u00a0<a href=\"https:\/\/datenbank.nwb.de\/Zeitschriften\/Ausgabe\/7KT54KUPEH\">https:\/\/datenbank.nwb.de\/Zeitschriften\/Ausgabe\/7KT54KUPEHhttps:\/\/datenbank.nwb.de\/Zeitschriften\/Ausgabe\/7KT54KUPEH<\/a><\/p>\n<p style=\"text-align: left;\">Autor der oben genannten Publikation: Konstantin Weber, Rechtsanwalt und Fachanwalt f\u00fcr Steuerrecht, Inhaber der WEBER RECHT &amp; STEUERN KANZLEI in Karlsruhe und Baden-Baden mit den T\u00e4tigkeitsschwerpunkten im Steuerstrafrecht, Wirtschaftsstrafrecht, Steuerstreitrecht und Umsatzsteuerrecht.<\/p>\n<p style=\"text-align: left;\">Mehr dazu erfahren Sie unter:\u00a0<a href=\"https:\/\/www.weberlaw.de\/de\/\">https:\/\/www.weberlaw.de\/de\/<\/a><\/p>\n<p style=\"text-align: left;\">Ansprechpartner, Steuerstrafrecht, Wirtschaftsstrafrecht und Steuerstreitrecht (Einspruchs- und Finanzgerichtsverfahren), Umsatzsteuerrecht, Umsatzsteuerberatung, Seminare und Inhouse-Schulungen: Konstantin Weber, Rechtsanwalt und Fachanwalt f\u00fcr Steuerrecht, Karlsruhe, Bruchsal, Rastatt, Ettlingen, Offenburg, Pforzheim, Baden-Baden, Speyer, B\u00fchl, Gaggenau, Freudenstadt, Nagold, Horb am Neckar, Rheinstetten, Bretten, Wagh\u00e4usel, Landau in der Pfalz, Germersheim, Neustadt an der Weinstra\u00dfe, Ludwigshafen am Rhein, Frankenthal (Pfalz), Ludwigshafen am Rhein, Mannheim, Schwetzingen, Heidelberg, Hockenheim, Wiesloch, Sinsheim, Mosbach, Neckargm\u00fcnd, Bad Rappenau, Eppingen, Heilbronn, Ludwigsburg, Stuttgart<\/p>\n<p style=\"text-align: left;\">Kontakt:\u00a0<a href=\"https:\/\/www.weberlaw.de\/de\/\">https:\/\/www.weberlaw.de\/de\/<\/a>\u00a0E-Mail:\u00a0<a href=\"mailto:kw@weberlaw.de\">kw@weberlaw.de\u00a0<\/a><\/p>\n","protected":false},"excerpt":{"rendered":"<p>Billigkeitserlass nach \u00a7 227 AO bei gemeinsamem Irrtum von Leistenden und Leistungsempf\u00e4nger \u00fcber Anwendung des \u00a7 13b UStG: In meiner Publikationen in NWB Steuer- und Wirtschaftsrecht Nr.15\/2020 (Seiten 1047-1052) geht es um die Frage, ob die Zinsen (6 % j\u00e4hrlich) nach \u00a7 233a AO im Falle der Verwechslung des Reverse-Charge-Verfahrens nach \u00a7 13b UStG, die [&hellip;]<\/p>\n","protected":false},"author":2,"featured_media":0,"comment_status":"closed","ping_status":"closed","sticky":false,"template":"","format":"standard","meta":{"footnotes":""},"categories":[1],"tags":[],"class_list":["post-289","post","type-post","status-publish","format-standard","hentry","category-newsletter"],"yoast_head":"<!-- This site is optimized with the Yoast SEO plugin v27.3 - https:\/\/yoast.com\/product\/yoast-seo-wordpress\/ -->\n<title>Billigkeitserlass \u00a7 227 AO bei Irrtum, Anwendung des \u00a7 13b UStG<\/title>\n<meta name=\"description\" content=\"Billigkeitserlass nach \u00a7 227 AO bei gemeinsamem Irrtum von Leistenden und Leistungsempf\u00e4nger \u00fcber Anwendung des \u00a7 13b UStG\" \/>\n<meta name=\"robots\" content=\"index, follow, max-snippet:-1, max-image-preview:large, max-video-preview:-1\" \/>\n<link rel=\"canonical\" href=\"https:\/\/www.weberlaw.de\/de\/billigkeitserlass-nach-\u00a7-227-ao-bei-gemeinsamem-irrtum-von-leistenden-und-leistungsempfaenger-ueber-anwendung-des-\u00a7-13b-ustg-in-nwb-nr-15-2020-s-1047-1052-von-ra-fastr-konstantin-weber\/\" \/>\n<meta property=\"og:locale\" content=\"de_DE\" \/>\n<meta property=\"og:type\" content=\"article\" \/>\n<meta property=\"og:title\" content=\"Billigkeitserlass \u00a7 227 AO bei Irrtum, Anwendung des \u00a7 13b UStG\" \/>\n<meta property=\"og:description\" content=\"Billigkeitserlass nach \u00a7 227 AO bei gemeinsamem Irrtum von Leistenden und Leistungsempf\u00e4nger \u00fcber Anwendung des \u00a7 13b UStG\" \/>\n<meta property=\"og:url\" content=\"https:\/\/www.weberlaw.de\/de\/billigkeitserlass-nach-\u00a7-227-ao-bei-gemeinsamem-irrtum-von-leistenden-und-leistungsempfaenger-ueber-anwendung-des-\u00a7-13b-ustg-in-nwb-nr-15-2020-s-1047-1052-von-ra-fastr-konstantin-weber\/\" \/>\n<meta property=\"og:site_name\" content=\"Weber | Recht &amp; Steuern\" \/>\n<meta property=\"article:published_time\" content=\"2020-04-14T10:28:27+00:00\" \/>\n<meta property=\"article:modified_time\" content=\"2026-04-01T11:28:23+00:00\" \/>\n<meta name=\"author\" content=\"Konstantin Weber\" \/>\n<meta name=\"twitter:card\" content=\"summary_large_image\" \/>\n<meta name=\"twitter:label1\" content=\"Verfasst von\" \/>\n\t<meta name=\"twitter:data1\" content=\"Konstantin Weber\" \/>\n\t<meta name=\"twitter:label2\" content=\"Gesch\u00e4tzte Lesezeit\" \/>\n\t<meta name=\"twitter:data2\" content=\"2\u00a0Minuten\" \/>\n<script type=\"application\/ld+json\" class=\"yoast-schema-graph\">{\"@context\":\"https:\\\/\\\/schema.org\",\"@graph\":[{\"@type\":\"Article\",\"@id\":\"https:\\\/\\\/www.weberlaw.de\\\/de\\\/billigkeitserlass-nach-%c2%a7-227-ao-bei-gemeinsamem-irrtum-von-leistenden-und-leistungsempfaenger-ueber-anwendung-des-%c2%a7-13b-ustg-in-nwb-nr-15-2020-s-1047-1052-von-ra-fastr-konstantin-weber\\\/#article\",\"isPartOf\":{\"@id\":\"https:\\\/\\\/www.weberlaw.de\\\/de\\\/billigkeitserlass-nach-%c2%a7-227-ao-bei-gemeinsamem-irrtum-von-leistenden-und-leistungsempfaenger-ueber-anwendung-des-%c2%a7-13b-ustg-in-nwb-nr-15-2020-s-1047-1052-von-ra-fastr-konstantin-weber\\\/\"},\"author\":{\"name\":\"Konstantin Weber\",\"@id\":\"https:\\\/\\\/www.weberlaw.de\\\/de\\\/#\\\/schema\\\/person\\\/aa3de834799230a63dfdf264ad0a9f09\"},\"headline\":\"Billigkeitserlass nach \u00a7 227 AO bei gemeinsamem Irrtum von Leistenden und Leistungsempf\u00e4nger \u00fcber Anwendung des \u00a7 13b UStG in NWB Nr.15\\\/2020 (S. 1047-1052) von RA\\\/FAStR Konstantin Weber [\u2026] \u00bb\",\"datePublished\":\"2020-04-14T10:28:27+00:00\",\"dateModified\":\"2026-04-01T11:28:23+00:00\",\"mainEntityOfPage\":{\"@id\":\"https:\\\/\\\/www.weberlaw.de\\\/de\\\/billigkeitserlass-nach-%c2%a7-227-ao-bei-gemeinsamem-irrtum-von-leistenden-und-leistungsempfaenger-ueber-anwendung-des-%c2%a7-13b-ustg-in-nwb-nr-15-2020-s-1047-1052-von-ra-fastr-konstantin-weber\\\/\"},\"wordCount\":283,\"publisher\":{\"@id\":\"https:\\\/\\\/www.weberlaw.de\\\/de\\\/#organization\"},\"articleSection\":[\"Newsletter\"],\"inLanguage\":\"de\"},{\"@type\":\"WebPage\",\"@id\":\"https:\\\/\\\/www.weberlaw.de\\\/de\\\/billigkeitserlass-nach-%c2%a7-227-ao-bei-gemeinsamem-irrtum-von-leistenden-und-leistungsempfaenger-ueber-anwendung-des-%c2%a7-13b-ustg-in-nwb-nr-15-2020-s-1047-1052-von-ra-fastr-konstantin-weber\\\/\",\"url\":\"https:\\\/\\\/www.weberlaw.de\\\/de\\\/billigkeitserlass-nach-%c2%a7-227-ao-bei-gemeinsamem-irrtum-von-leistenden-und-leistungsempfaenger-ueber-anwendung-des-%c2%a7-13b-ustg-in-nwb-nr-15-2020-s-1047-1052-von-ra-fastr-konstantin-weber\\\/\",\"name\":\"Billigkeitserlass \u00a7 227 AO bei Irrtum, Anwendung des \u00a7 13b UStG\",\"isPartOf\":{\"@id\":\"https:\\\/\\\/www.weberlaw.de\\\/de\\\/#website\"},\"datePublished\":\"2020-04-14T10:28:27+00:00\",\"dateModified\":\"2026-04-01T11:28:23+00:00\",\"description\":\"Billigkeitserlass nach \u00a7 227 AO bei gemeinsamem Irrtum von Leistenden und Leistungsempf\u00e4nger \u00fcber Anwendung des \u00a7 13b UStG\",\"breadcrumb\":{\"@id\":\"https:\\\/\\\/www.weberlaw.de\\\/de\\\/billigkeitserlass-nach-%c2%a7-227-ao-bei-gemeinsamem-irrtum-von-leistenden-und-leistungsempfaenger-ueber-anwendung-des-%c2%a7-13b-ustg-in-nwb-nr-15-2020-s-1047-1052-von-ra-fastr-konstantin-weber\\\/#breadcrumb\"},\"inLanguage\":\"de\",\"potentialAction\":[{\"@type\":\"ReadAction\",\"target\":[\"https:\\\/\\\/www.weberlaw.de\\\/de\\\/billigkeitserlass-nach-%c2%a7-227-ao-bei-gemeinsamem-irrtum-von-leistenden-und-leistungsempfaenger-ueber-anwendung-des-%c2%a7-13b-ustg-in-nwb-nr-15-2020-s-1047-1052-von-ra-fastr-konstantin-weber\\\/\"]}]},{\"@type\":\"BreadcrumbList\",\"@id\":\"https:\\\/\\\/www.weberlaw.de\\\/de\\\/billigkeitserlass-nach-%c2%a7-227-ao-bei-gemeinsamem-irrtum-von-leistenden-und-leistungsempfaenger-ueber-anwendung-des-%c2%a7-13b-ustg-in-nwb-nr-15-2020-s-1047-1052-von-ra-fastr-konstantin-weber\\\/#breadcrumb\",\"itemListElement\":[{\"@type\":\"ListItem\",\"position\":1,\"name\":\"Kanzlei f\u00fcr Recht &amp; Steuern\",\"item\":\"https:\\\/\\\/www.weberlaw.de\\\/de\\\/fachanwalt-fuer-steuerrecht-in-karlsruhe-ettlingen-kanzlei-weber\\\/\"},{\"@type\":\"ListItem\",\"position\":2,\"name\":\"Billigkeitserlass nach \u00a7 227 AO bei gemeinsamem Irrtum von Leistenden und Leistungsempf\u00e4nger \u00fcber Anwendung des \u00a7 13b UStG in NWB Nr.15\\\/2020 (S. 1047-1052) von RA\\\/FAStR Konstantin Weber [\u2026] \u00bb\"}]},{\"@type\":\"WebSite\",\"@id\":\"https:\\\/\\\/www.weberlaw.de\\\/de\\\/#website\",\"url\":\"https:\\\/\\\/www.weberlaw.de\\\/de\\\/\",\"name\":\"Weber | Recht &amp; Steuern\",\"description\":\"Kanzlei f\u00fcr Wirtschafts- und Steuerrecht\",\"publisher\":{\"@id\":\"https:\\\/\\\/www.weberlaw.de\\\/de\\\/#organization\"},\"potentialAction\":[{\"@type\":\"SearchAction\",\"target\":{\"@type\":\"EntryPoint\",\"urlTemplate\":\"https:\\\/\\\/www.weberlaw.de\\\/de\\\/?s={search_term_string}\"},\"query-input\":{\"@type\":\"PropertyValueSpecification\",\"valueRequired\":true,\"valueName\":\"search_term_string\"}}],\"inLanguage\":\"de\"},{\"@type\":\"Organization\",\"@id\":\"https:\\\/\\\/www.weberlaw.de\\\/de\\\/#organization\",\"name\":\"Weber Recht & Steuern Kanzlei\",\"url\":\"https:\\\/\\\/www.weberlaw.de\\\/de\\\/\",\"logo\":{\"@type\":\"ImageObject\",\"inLanguage\":\"de\",\"@id\":\"https:\\\/\\\/www.weberlaw.de\\\/de\\\/#\\\/schema\\\/logo\\\/image\\\/\",\"url\":\"https:\\\/\\\/www.weberlaw.de\\\/wp-content\\\/uploads\\\/2020\\\/05\\\/weber-recht-steuern-karlsruhe-baden-baden-3.png\",\"contentUrl\":\"https:\\\/\\\/www.weberlaw.de\\\/wp-content\\\/uploads\\\/2020\\\/05\\\/weber-recht-steuern-karlsruhe-baden-baden-3.png\",\"width\":890,\"height\":200,\"caption\":\"Weber Recht & Steuern Kanzlei\"},\"image\":{\"@id\":\"https:\\\/\\\/www.weberlaw.de\\\/de\\\/#\\\/schema\\\/logo\\\/image\\\/\"},\"sameAs\":[\"https:\\\/\\\/de.linkedin.com\\\/in\\\/konstantinweber\"]},{\"@type\":\"Person\",\"@id\":\"https:\\\/\\\/www.weberlaw.de\\\/de\\\/#\\\/schema\\\/person\\\/aa3de834799230a63dfdf264ad0a9f09\",\"name\":\"Konstantin Weber\",\"image\":{\"@type\":\"ImageObject\",\"inLanguage\":\"de\",\"@id\":\"https:\\\/\\\/secure.gravatar.com\\\/avatar\\\/c729da3aba19b03c8c704e97d38ca7d4f52fc7a904621d45b197baee2c1ce0e0?s=96&d=mm&r=g\",\"url\":\"https:\\\/\\\/secure.gravatar.com\\\/avatar\\\/c729da3aba19b03c8c704e97d38ca7d4f52fc7a904621d45b197baee2c1ce0e0?s=96&d=mm&r=g\",\"contentUrl\":\"https:\\\/\\\/secure.gravatar.com\\\/avatar\\\/c729da3aba19b03c8c704e97d38ca7d4f52fc7a904621d45b197baee2c1ce0e0?s=96&d=mm&r=g\",\"caption\":\"Konstantin Weber\"},\"description\":\"Vita Studiert in Heidelberg, Rechtsreferendariat in Karlsruhe, Stuttgart und Providence (USA) abgeschlossen, lebend und arbeitend in Karlsruhe und Baden-Baden. Verheiratet und zwei Kinder, Fachautor und Vortragender im Umsatzsteuerrecht, Steuerstrafrecht, Steuerstreitrecht und Wirtschaftsstrafrecht. Mehr Information..\"}]}<\/script>\n<!-- \/ Yoast SEO plugin. -->","yoast_head_json":{"title":"Billigkeitserlass \u00a7 227 AO bei Irrtum, Anwendung des \u00a7 13b UStG","description":"Billigkeitserlass nach \u00a7 227 AO bei gemeinsamem Irrtum von Leistenden und Leistungsempf\u00e4nger \u00fcber Anwendung des \u00a7 13b UStG","robots":{"index":"index","follow":"follow","max-snippet":"max-snippet:-1","max-image-preview":"max-image-preview:large","max-video-preview":"max-video-preview:-1"},"canonical":"https:\/\/www.weberlaw.de\/de\/billigkeitserlass-nach-\u00a7-227-ao-bei-gemeinsamem-irrtum-von-leistenden-und-leistungsempfaenger-ueber-anwendung-des-\u00a7-13b-ustg-in-nwb-nr-15-2020-s-1047-1052-von-ra-fastr-konstantin-weber\/","og_locale":"de_DE","og_type":"article","og_title":"Billigkeitserlass \u00a7 227 AO bei Irrtum, Anwendung des \u00a7 13b UStG","og_description":"Billigkeitserlass nach \u00a7 227 AO bei gemeinsamem Irrtum von Leistenden und Leistungsempf\u00e4nger \u00fcber Anwendung des \u00a7 13b UStG","og_url":"https:\/\/www.weberlaw.de\/de\/billigkeitserlass-nach-\u00a7-227-ao-bei-gemeinsamem-irrtum-von-leistenden-und-leistungsempfaenger-ueber-anwendung-des-\u00a7-13b-ustg-in-nwb-nr-15-2020-s-1047-1052-von-ra-fastr-konstantin-weber\/","og_site_name":"Weber | Recht &amp; Steuern","article_published_time":"2020-04-14T10:28:27+00:00","article_modified_time":"2026-04-01T11:28:23+00:00","author":"Konstantin Weber","twitter_card":"summary_large_image","twitter_misc":{"Verfasst von":"Konstantin Weber","Gesch\u00e4tzte Lesezeit":"2\u00a0Minuten"},"schema":{"@context":"https:\/\/schema.org","@graph":[{"@type":"Article","@id":"https:\/\/www.weberlaw.de\/de\/billigkeitserlass-nach-%c2%a7-227-ao-bei-gemeinsamem-irrtum-von-leistenden-und-leistungsempfaenger-ueber-anwendung-des-%c2%a7-13b-ustg-in-nwb-nr-15-2020-s-1047-1052-von-ra-fastr-konstantin-weber\/#article","isPartOf":{"@id":"https:\/\/www.weberlaw.de\/de\/billigkeitserlass-nach-%c2%a7-227-ao-bei-gemeinsamem-irrtum-von-leistenden-und-leistungsempfaenger-ueber-anwendung-des-%c2%a7-13b-ustg-in-nwb-nr-15-2020-s-1047-1052-von-ra-fastr-konstantin-weber\/"},"author":{"name":"Konstantin Weber","@id":"https:\/\/www.weberlaw.de\/de\/#\/schema\/person\/aa3de834799230a63dfdf264ad0a9f09"},"headline":"Billigkeitserlass nach \u00a7 227 AO bei gemeinsamem Irrtum von Leistenden und Leistungsempf\u00e4nger \u00fcber Anwendung des \u00a7 13b UStG in NWB Nr.15\/2020 (S. 1047-1052) von RA\/FAStR Konstantin Weber [\u2026] \u00bb","datePublished":"2020-04-14T10:28:27+00:00","dateModified":"2026-04-01T11:28:23+00:00","mainEntityOfPage":{"@id":"https:\/\/www.weberlaw.de\/de\/billigkeitserlass-nach-%c2%a7-227-ao-bei-gemeinsamem-irrtum-von-leistenden-und-leistungsempfaenger-ueber-anwendung-des-%c2%a7-13b-ustg-in-nwb-nr-15-2020-s-1047-1052-von-ra-fastr-konstantin-weber\/"},"wordCount":283,"publisher":{"@id":"https:\/\/www.weberlaw.de\/de\/#organization"},"articleSection":["Newsletter"],"inLanguage":"de"},{"@type":"WebPage","@id":"https:\/\/www.weberlaw.de\/de\/billigkeitserlass-nach-%c2%a7-227-ao-bei-gemeinsamem-irrtum-von-leistenden-und-leistungsempfaenger-ueber-anwendung-des-%c2%a7-13b-ustg-in-nwb-nr-15-2020-s-1047-1052-von-ra-fastr-konstantin-weber\/","url":"https:\/\/www.weberlaw.de\/de\/billigkeitserlass-nach-%c2%a7-227-ao-bei-gemeinsamem-irrtum-von-leistenden-und-leistungsempfaenger-ueber-anwendung-des-%c2%a7-13b-ustg-in-nwb-nr-15-2020-s-1047-1052-von-ra-fastr-konstantin-weber\/","name":"Billigkeitserlass \u00a7 227 AO bei Irrtum, Anwendung des \u00a7 13b UStG","isPartOf":{"@id":"https:\/\/www.weberlaw.de\/de\/#website"},"datePublished":"2020-04-14T10:28:27+00:00","dateModified":"2026-04-01T11:28:23+00:00","description":"Billigkeitserlass nach \u00a7 227 AO bei gemeinsamem Irrtum von Leistenden und Leistungsempf\u00e4nger \u00fcber Anwendung des \u00a7 13b UStG","breadcrumb":{"@id":"https:\/\/www.weberlaw.de\/de\/billigkeitserlass-nach-%c2%a7-227-ao-bei-gemeinsamem-irrtum-von-leistenden-und-leistungsempfaenger-ueber-anwendung-des-%c2%a7-13b-ustg-in-nwb-nr-15-2020-s-1047-1052-von-ra-fastr-konstantin-weber\/#breadcrumb"},"inLanguage":"de","potentialAction":[{"@type":"ReadAction","target":["https:\/\/www.weberlaw.de\/de\/billigkeitserlass-nach-%c2%a7-227-ao-bei-gemeinsamem-irrtum-von-leistenden-und-leistungsempfaenger-ueber-anwendung-des-%c2%a7-13b-ustg-in-nwb-nr-15-2020-s-1047-1052-von-ra-fastr-konstantin-weber\/"]}]},{"@type":"BreadcrumbList","@id":"https:\/\/www.weberlaw.de\/de\/billigkeitserlass-nach-%c2%a7-227-ao-bei-gemeinsamem-irrtum-von-leistenden-und-leistungsempfaenger-ueber-anwendung-des-%c2%a7-13b-ustg-in-nwb-nr-15-2020-s-1047-1052-von-ra-fastr-konstantin-weber\/#breadcrumb","itemListElement":[{"@type":"ListItem","position":1,"name":"Kanzlei f\u00fcr Recht &amp; Steuern","item":"https:\/\/www.weberlaw.de\/de\/fachanwalt-fuer-steuerrecht-in-karlsruhe-ettlingen-kanzlei-weber\/"},{"@type":"ListItem","position":2,"name":"Billigkeitserlass nach \u00a7 227 AO bei gemeinsamem Irrtum von Leistenden und Leistungsempf\u00e4nger \u00fcber Anwendung des \u00a7 13b UStG in NWB Nr.15\/2020 (S. 1047-1052) von RA\/FAStR Konstantin Weber [\u2026] \u00bb"}]},{"@type":"WebSite","@id":"https:\/\/www.weberlaw.de\/de\/#website","url":"https:\/\/www.weberlaw.de\/de\/","name":"Weber | Recht &amp; Steuern","description":"Kanzlei f\u00fcr Wirtschafts- und Steuerrecht","publisher":{"@id":"https:\/\/www.weberlaw.de\/de\/#organization"},"potentialAction":[{"@type":"SearchAction","target":{"@type":"EntryPoint","urlTemplate":"https:\/\/www.weberlaw.de\/de\/?s={search_term_string}"},"query-input":{"@type":"PropertyValueSpecification","valueRequired":true,"valueName":"search_term_string"}}],"inLanguage":"de"},{"@type":"Organization","@id":"https:\/\/www.weberlaw.de\/de\/#organization","name":"Weber Recht & Steuern Kanzlei","url":"https:\/\/www.weberlaw.de\/de\/","logo":{"@type":"ImageObject","inLanguage":"de","@id":"https:\/\/www.weberlaw.de\/de\/#\/schema\/logo\/image\/","url":"https:\/\/www.weberlaw.de\/wp-content\/uploads\/2020\/05\/weber-recht-steuern-karlsruhe-baden-baden-3.png","contentUrl":"https:\/\/www.weberlaw.de\/wp-content\/uploads\/2020\/05\/weber-recht-steuern-karlsruhe-baden-baden-3.png","width":890,"height":200,"caption":"Weber Recht & Steuern Kanzlei"},"image":{"@id":"https:\/\/www.weberlaw.de\/de\/#\/schema\/logo\/image\/"},"sameAs":["https:\/\/de.linkedin.com\/in\/konstantinweber"]},{"@type":"Person","@id":"https:\/\/www.weberlaw.de\/de\/#\/schema\/person\/aa3de834799230a63dfdf264ad0a9f09","name":"Konstantin Weber","image":{"@type":"ImageObject","inLanguage":"de","@id":"https:\/\/secure.gravatar.com\/avatar\/c729da3aba19b03c8c704e97d38ca7d4f52fc7a904621d45b197baee2c1ce0e0?s=96&d=mm&r=g","url":"https:\/\/secure.gravatar.com\/avatar\/c729da3aba19b03c8c704e97d38ca7d4f52fc7a904621d45b197baee2c1ce0e0?s=96&d=mm&r=g","contentUrl":"https:\/\/secure.gravatar.com\/avatar\/c729da3aba19b03c8c704e97d38ca7d4f52fc7a904621d45b197baee2c1ce0e0?s=96&d=mm&r=g","caption":"Konstantin Weber"},"description":"Vita Studiert in Heidelberg, Rechtsreferendariat in Karlsruhe, Stuttgart und Providence (USA) abgeschlossen, lebend und arbeitend in Karlsruhe und Baden-Baden. Verheiratet und zwei Kinder, Fachautor und Vortragender im Umsatzsteuerrecht, Steuerstrafrecht, Steuerstreitrecht und Wirtschaftsstrafrecht. Mehr Information.."}]}},"_links":{"self":[{"href":"https:\/\/www.weberlaw.de\/de\/wp-json\/wp\/v2\/posts\/289","targetHints":{"allow":["GET"]}}],"collection":[{"href":"https:\/\/www.weberlaw.de\/de\/wp-json\/wp\/v2\/posts"}],"about":[{"href":"https:\/\/www.weberlaw.de\/de\/wp-json\/wp\/v2\/types\/post"}],"author":[{"embeddable":true,"href":"https:\/\/www.weberlaw.de\/de\/wp-json\/wp\/v2\/users\/2"}],"replies":[{"embeddable":true,"href":"https:\/\/www.weberlaw.de\/de\/wp-json\/wp\/v2\/comments?post=289"}],"version-history":[{"count":3,"href":"https:\/\/www.weberlaw.de\/de\/wp-json\/wp\/v2\/posts\/289\/revisions"}],"predecessor-version":[{"id":2644,"href":"https:\/\/www.weberlaw.de\/de\/wp-json\/wp\/v2\/posts\/289\/revisions\/2644"}],"wp:attachment":[{"href":"https:\/\/www.weberlaw.de\/de\/wp-json\/wp\/v2\/media?parent=289"}],"wp:term":[{"taxonomy":"category","embeddable":true,"href":"https:\/\/www.weberlaw.de\/de\/wp-json\/wp\/v2\/categories?post=289"},{"taxonomy":"post_tag","embeddable":true,"href":"https:\/\/www.weberlaw.de\/de\/wp-json\/wp\/v2\/tags?post=289"}],"curies":[{"name":"wp","href":"https:\/\/api.w.org\/{rel}","templated":true}]}}