{"id":668,"date":"2020-05-28T17:16:26","date_gmt":"2020-05-28T17:16:26","guid":{"rendered":"https:\/\/weberlaw.de\/de\/news-blog\/167-billigkeitserlass-schwarzarbeitsbek%C3%A4mpfung-rechtliche-st%C3%A4rkung-der-finanzkontrolle-in-nwb-nr-21-2020-s-1575-1579-von-ra-fastr-konstantin-weber-%E2%80%A6-%C2%BB"},"modified":"2026-04-01T11:26:58","modified_gmt":"2026-04-01T11:26:58","slug":"schwarzarbeitsbekaempfung-rechtliche-staerkung-der-finanzkontrolle-in-nwb-nr-21-2020-s-1575-1579-von-ra-fastr-konstantin-weber","status":"publish","type":"post","link":"https:\/\/www.weberlaw.de\/de\/schwarzarbeitsbekaempfung-rechtliche-staerkung-der-finanzkontrolle-in-nwb-nr-21-2020-s-1575-1579-von-ra-fastr-konstantin-weber\/","title":{"rendered":"Schwarzarbeitsbek\u00e4mpfung: rechtliche St\u00e4rkung der Finanzkontrolle in NWB Nr.21\/2020 (S. 1575-1579) von RA\/FAStR Konstantin Weber [\u2026] \u00bb"},"content":{"rendered":"<p><strong>Schwarzarbeitsbek\u00e4mpfung: St\u00e4rkung der Finanzkontrolle<\/strong><\/p>\n<p>In der neuen Ausgabe der NWB Steuer-und Wirtschaftsrecht-Zeitschrift (Nr.21\/2020) ver\u00f6ffentlichte ich meinen Beitrag zu den Neuregelungen des Schwarzarbeitsbek\u00e4mpfungsgesetzes (SchwarzArbG) aus dem Jahr 2019 in Deutschland.<\/p>\n<p>Das neue Gesetz ist bereits vier Monate nach der Vorlage des Gesetzesentwurfs am 18.07.2019 in Kraft getreten. Die Schnelligkeit des Gesetzgebungsverfahrens merkt man dem Gesetz an der einen oder anderen Stelle an. Dies gilt insbesondere mit Blick auf den neuen \u00a7 1 Abs. 3 SchwarzArbG, der ganz offensichtlich nicht gut auf \u00a7 14 Abs. 2 Satz 2 SGB IV \u201eabgestimmt\u201c ist.<\/p>\n<p>Nicht unbedenklich erscheint es zudem, dass durch erhebliche Erweiterung der Befugnisse der Finanzkontrolle Schwarzarbeit quasi eine neue Anklagebeh\u00f6rde geschaffen worden ist, indem die FKS Strafbefehle selbst\u00e4ndig \u00fcber die Staatsanwaltschaft beantragen und die Geldbu\u00dfe gegen juristische Personen und Personenvereinigungen selbst\u00e4ndig festsetzen kann. Positiv l\u00e4sst sich festhalten, dass die Finanzkontrolle durch die Regelung des \u00a7 12 Abs. 5 SchwarzArbG viel effizienter als bisher in gerichtliche Ordnungswidrigkeitenverfahren eingebunden wird.<\/p>\n<p class=\"mentions-texteditorcontent\">Mehr dazu erfahren Sie unter <a href=\"https:\/\/datenbank.nwb.de\/Zeitschriften\/Ausgabe\/7KT54KUPEH\/2020\/21\">https:\/\/datenbank.nwb.de\/Zeitschriften\/Ausgabe\/7KT54KUPEH\/2020\/21<\/a><\/p>\n<p>Autor der oben genannten Publikation: Konstantin Weber, Rechtsanwalt und Fachanwalt f\u00fcr Steuerrecht, Inhaber der WEBER RECHT &amp; STEUERN KANZLEI in Karlsruhe und Baden-Baden mit den T\u00e4tigkeitsschwerpunkten im Steuerstrafrecht, Wirtschaftsstrafrecht, Steuerstreitrecht und Umsatzsteuerrecht.<\/p>\n<p>Mehr dazu erfahren Sie unter: <a href=\"https:\/\/www.weberlaw.de\/de\/\">https:\/\/www.weberlaw.de\/de\/<\/a><\/p>\n<p>Ansprechpartner, Steuerstrafrecht, Wirtschaftsstrafrecht und Steuerstreitrecht (Einspruchs- und Finanzgerichtsverfahren), Umsatzsteuerrecht, Umsatzsteuerberatung, Seminare und Inhouse-Schulungen:<\/p>\n<p>Konstantin Weber, Rechtsanwalt und Fachanwalt f\u00fcr Steuerrecht, Karlsruhe und Baden-Baden<\/p>\n<p>Kontakt: <a href=\"https:\/\/www.weberlaw.de\/de\/\">https:\/\/www.weberlaw.de\/de\/<\/a> E-Mail: <a href=\"mailto:kw@weberlaw.de\">kw@weberlaw.de<\/a><\/p>\n","protected":false},"excerpt":{"rendered":"<p>Schwarzarbeitsbek\u00e4mpfung: St\u00e4rkung der Finanzkontrolle In der neuen Ausgabe der NWB Steuer-und Wirtschaftsrecht-Zeitschrift (Nr.21\/2020) ver\u00f6ffentlichte ich meinen Beitrag zu den Neuregelungen des Schwarzarbeitsbek\u00e4mpfungsgesetzes (SchwarzArbG) aus dem Jahr 2019 in Deutschland. Das neue Gesetz ist bereits vier Monate nach der Vorlage des Gesetzesentwurfs am 18.07.2019 in Kraft getreten. Die Schnelligkeit des Gesetzgebungsverfahrens merkt man dem Gesetz an [&hellip;]<\/p>\n","protected":false},"author":2,"featured_media":0,"comment_status":"closed","ping_status":"closed","sticky":false,"template":"","format":"standard","meta":{"footnotes":""},"categories":[1],"tags":[],"class_list":["post-668","post","type-post","status-publish","format-standard","hentry","category-newsletter"],"yoast_head":"<!-- This site is optimized with the Yoast SEO plugin v27.3 - https:\/\/yoast.com\/product\/yoast-seo-wordpress\/ -->\n<title>Schwarzarbeitsbek\u00e4mpfung: St\u00e4rkung der Finanzkontrolle<\/title>\n<meta name=\"description\" content=\"Schwarzarbeitsbek\u00e4mpfung: St\u00e4rkung der Finanzkontrolle, Erweiterung der Befugnisse der Finanzkontrolle Schwarzarbeit, neue Anklagebeh\u00f6rde\" \/>\n<meta name=\"robots\" content=\"index, follow, max-snippet:-1, max-image-preview:large, max-video-preview:-1\" \/>\n<link rel=\"canonical\" href=\"https:\/\/www.weberlaw.de\/de\/schwarzarbeitsbekaempfung-rechtliche-staerkung-der-finanzkontrolle-in-nwb-nr-21-2020-s-1575-1579-von-ra-fastr-konstantin-weber\/\" \/>\n<meta property=\"og:locale\" content=\"de_DE\" \/>\n<meta property=\"og:type\" content=\"article\" \/>\n<meta property=\"og:title\" content=\"Schwarzarbeitsbek\u00e4mpfung: St\u00e4rkung der Finanzkontrolle\" \/>\n<meta property=\"og:description\" content=\"Schwarzarbeitsbek\u00e4mpfung: St\u00e4rkung der Finanzkontrolle, Erweiterung der Befugnisse der Finanzkontrolle Schwarzarbeit, neue Anklagebeh\u00f6rde\" \/>\n<meta property=\"og:url\" content=\"https:\/\/www.weberlaw.de\/de\/schwarzarbeitsbekaempfung-rechtliche-staerkung-der-finanzkontrolle-in-nwb-nr-21-2020-s-1575-1579-von-ra-fastr-konstantin-weber\/\" \/>\n<meta property=\"og:site_name\" content=\"Weber | Recht &amp; Steuern\" \/>\n<meta property=\"article:published_time\" content=\"2020-05-28T17:16:26+00:00\" \/>\n<meta property=\"article:modified_time\" content=\"2026-04-01T11:26:58+00:00\" \/>\n<meta name=\"author\" content=\"Konstantin Weber\" \/>\n<meta name=\"twitter:card\" content=\"summary_large_image\" \/>\n<meta name=\"twitter:label1\" content=\"Verfasst von\" \/>\n\t<meta name=\"twitter:data1\" content=\"Konstantin Weber\" \/>\n\t<meta name=\"twitter:label2\" content=\"Gesch\u00e4tzte Lesezeit\" \/>\n\t<meta name=\"twitter:data2\" content=\"2\u00a0Minuten\" \/>\n<script type=\"application\/ld+json\" class=\"yoast-schema-graph\">{\"@context\":\"https:\\\/\\\/schema.org\",\"@graph\":[{\"@type\":\"Article\",\"@id\":\"https:\\\/\\\/www.weberlaw.de\\\/de\\\/schwarzarbeitsbekaempfung-rechtliche-staerkung-der-finanzkontrolle-in-nwb-nr-21-2020-s-1575-1579-von-ra-fastr-konstantin-weber\\\/#article\",\"isPartOf\":{\"@id\":\"https:\\\/\\\/www.weberlaw.de\\\/de\\\/schwarzarbeitsbekaempfung-rechtliche-staerkung-der-finanzkontrolle-in-nwb-nr-21-2020-s-1575-1579-von-ra-fastr-konstantin-weber\\\/\"},\"author\":{\"name\":\"Konstantin Weber\",\"@id\":\"https:\\\/\\\/www.weberlaw.de\\\/de\\\/#\\\/schema\\\/person\\\/aa3de834799230a63dfdf264ad0a9f09\"},\"headline\":\"Schwarzarbeitsbek\u00e4mpfung: rechtliche St\u00e4rkung der Finanzkontrolle in NWB Nr.21\\\/2020 (S. 1575-1579) von RA\\\/FAStR Konstantin Weber [\u2026] \u00bb\",\"datePublished\":\"2020-05-28T17:16:26+00:00\",\"dateModified\":\"2026-04-01T11:26:58+00:00\",\"mainEntityOfPage\":{\"@id\":\"https:\\\/\\\/www.weberlaw.de\\\/de\\\/schwarzarbeitsbekaempfung-rechtliche-staerkung-der-finanzkontrolle-in-nwb-nr-21-2020-s-1575-1579-von-ra-fastr-konstantin-weber\\\/\"},\"wordCount\":261,\"publisher\":{\"@id\":\"https:\\\/\\\/www.weberlaw.de\\\/de\\\/#organization\"},\"articleSection\":[\"Newsletter\"],\"inLanguage\":\"de\"},{\"@type\":\"WebPage\",\"@id\":\"https:\\\/\\\/www.weberlaw.de\\\/de\\\/schwarzarbeitsbekaempfung-rechtliche-staerkung-der-finanzkontrolle-in-nwb-nr-21-2020-s-1575-1579-von-ra-fastr-konstantin-weber\\\/\",\"url\":\"https:\\\/\\\/www.weberlaw.de\\\/de\\\/schwarzarbeitsbekaempfung-rechtliche-staerkung-der-finanzkontrolle-in-nwb-nr-21-2020-s-1575-1579-von-ra-fastr-konstantin-weber\\\/\",\"name\":\"Schwarzarbeitsbek\u00e4mpfung: St\u00e4rkung der Finanzkontrolle\",\"isPartOf\":{\"@id\":\"https:\\\/\\\/www.weberlaw.de\\\/de\\\/#website\"},\"datePublished\":\"2020-05-28T17:16:26+00:00\",\"dateModified\":\"2026-04-01T11:26:58+00:00\",\"description\":\"Schwarzarbeitsbek\u00e4mpfung: St\u00e4rkung der Finanzkontrolle, Erweiterung der Befugnisse der Finanzkontrolle Schwarzarbeit, neue Anklagebeh\u00f6rde\",\"breadcrumb\":{\"@id\":\"https:\\\/\\\/www.weberlaw.de\\\/de\\\/schwarzarbeitsbekaempfung-rechtliche-staerkung-der-finanzkontrolle-in-nwb-nr-21-2020-s-1575-1579-von-ra-fastr-konstantin-weber\\\/#breadcrumb\"},\"inLanguage\":\"de\",\"potentialAction\":[{\"@type\":\"ReadAction\",\"target\":[\"https:\\\/\\\/www.weberlaw.de\\\/de\\\/schwarzarbeitsbekaempfung-rechtliche-staerkung-der-finanzkontrolle-in-nwb-nr-21-2020-s-1575-1579-von-ra-fastr-konstantin-weber\\\/\"]}]},{\"@type\":\"BreadcrumbList\",\"@id\":\"https:\\\/\\\/www.weberlaw.de\\\/de\\\/schwarzarbeitsbekaempfung-rechtliche-staerkung-der-finanzkontrolle-in-nwb-nr-21-2020-s-1575-1579-von-ra-fastr-konstantin-weber\\\/#breadcrumb\",\"itemListElement\":[{\"@type\":\"ListItem\",\"position\":1,\"name\":\"Kanzlei f\u00fcr Recht &amp; Steuern\",\"item\":\"https:\\\/\\\/www.weberlaw.de\\\/de\\\/fachanwalt-fuer-steuerrecht-in-karlsruhe-ettlingen-kanzlei-weber\\\/\"},{\"@type\":\"ListItem\",\"position\":2,\"name\":\"Schwarzarbeitsbek\u00e4mpfung: rechtliche St\u00e4rkung der Finanzkontrolle in NWB Nr.21\\\/2020 (S. 1575-1579) von RA\\\/FAStR Konstantin Weber [\u2026] \u00bb\"}]},{\"@type\":\"WebSite\",\"@id\":\"https:\\\/\\\/www.weberlaw.de\\\/de\\\/#website\",\"url\":\"https:\\\/\\\/www.weberlaw.de\\\/de\\\/\",\"name\":\"Weber | Recht &amp; Steuern\",\"description\":\"Kanzlei f\u00fcr Wirtschafts- und Steuerrecht\",\"publisher\":{\"@id\":\"https:\\\/\\\/www.weberlaw.de\\\/de\\\/#organization\"},\"potentialAction\":[{\"@type\":\"SearchAction\",\"target\":{\"@type\":\"EntryPoint\",\"urlTemplate\":\"https:\\\/\\\/www.weberlaw.de\\\/de\\\/?s={search_term_string}\"},\"query-input\":{\"@type\":\"PropertyValueSpecification\",\"valueRequired\":true,\"valueName\":\"search_term_string\"}}],\"inLanguage\":\"de\"},{\"@type\":\"Organization\",\"@id\":\"https:\\\/\\\/www.weberlaw.de\\\/de\\\/#organization\",\"name\":\"Weber Recht & Steuern Kanzlei\",\"url\":\"https:\\\/\\\/www.weberlaw.de\\\/de\\\/\",\"logo\":{\"@type\":\"ImageObject\",\"inLanguage\":\"de\",\"@id\":\"https:\\\/\\\/www.weberlaw.de\\\/de\\\/#\\\/schema\\\/logo\\\/image\\\/\",\"url\":\"https:\\\/\\\/www.weberlaw.de\\\/wp-content\\\/uploads\\\/2020\\\/05\\\/weber-recht-steuern-karlsruhe-baden-baden-3.png\",\"contentUrl\":\"https:\\\/\\\/www.weberlaw.de\\\/wp-content\\\/uploads\\\/2020\\\/05\\\/weber-recht-steuern-karlsruhe-baden-baden-3.png\",\"width\":890,\"height\":200,\"caption\":\"Weber Recht & Steuern Kanzlei\"},\"image\":{\"@id\":\"https:\\\/\\\/www.weberlaw.de\\\/de\\\/#\\\/schema\\\/logo\\\/image\\\/\"},\"sameAs\":[\"https:\\\/\\\/de.linkedin.com\\\/in\\\/konstantinweber\"]},{\"@type\":\"Person\",\"@id\":\"https:\\\/\\\/www.weberlaw.de\\\/de\\\/#\\\/schema\\\/person\\\/aa3de834799230a63dfdf264ad0a9f09\",\"name\":\"Konstantin Weber\",\"image\":{\"@type\":\"ImageObject\",\"inLanguage\":\"de\",\"@id\":\"https:\\\/\\\/secure.gravatar.com\\\/avatar\\\/c729da3aba19b03c8c704e97d38ca7d4f52fc7a904621d45b197baee2c1ce0e0?s=96&d=mm&r=g\",\"url\":\"https:\\\/\\\/secure.gravatar.com\\\/avatar\\\/c729da3aba19b03c8c704e97d38ca7d4f52fc7a904621d45b197baee2c1ce0e0?s=96&d=mm&r=g\",\"contentUrl\":\"https:\\\/\\\/secure.gravatar.com\\\/avatar\\\/c729da3aba19b03c8c704e97d38ca7d4f52fc7a904621d45b197baee2c1ce0e0?s=96&d=mm&r=g\",\"caption\":\"Konstantin Weber\"},\"description\":\"Vita Studiert in Heidelberg, Rechtsreferendariat in Karlsruhe, Stuttgart und Providence (USA) abgeschlossen, lebend und arbeitend in Karlsruhe und Baden-Baden. Verheiratet und zwei Kinder, Fachautor und Vortragender im Umsatzsteuerrecht, Steuerstrafrecht, Steuerstreitrecht und Wirtschaftsstrafrecht. Mehr Information..\"}]}<\/script>\n<!-- \/ Yoast SEO plugin. -->","yoast_head_json":{"title":"Schwarzarbeitsbek\u00e4mpfung: St\u00e4rkung der Finanzkontrolle","description":"Schwarzarbeitsbek\u00e4mpfung: St\u00e4rkung der Finanzkontrolle, Erweiterung der Befugnisse der Finanzkontrolle Schwarzarbeit, neue Anklagebeh\u00f6rde","robots":{"index":"index","follow":"follow","max-snippet":"max-snippet:-1","max-image-preview":"max-image-preview:large","max-video-preview":"max-video-preview:-1"},"canonical":"https:\/\/www.weberlaw.de\/de\/schwarzarbeitsbekaempfung-rechtliche-staerkung-der-finanzkontrolle-in-nwb-nr-21-2020-s-1575-1579-von-ra-fastr-konstantin-weber\/","og_locale":"de_DE","og_type":"article","og_title":"Schwarzarbeitsbek\u00e4mpfung: St\u00e4rkung der Finanzkontrolle","og_description":"Schwarzarbeitsbek\u00e4mpfung: St\u00e4rkung der Finanzkontrolle, Erweiterung der Befugnisse der Finanzkontrolle Schwarzarbeit, neue Anklagebeh\u00f6rde","og_url":"https:\/\/www.weberlaw.de\/de\/schwarzarbeitsbekaempfung-rechtliche-staerkung-der-finanzkontrolle-in-nwb-nr-21-2020-s-1575-1579-von-ra-fastr-konstantin-weber\/","og_site_name":"Weber | Recht &amp; Steuern","article_published_time":"2020-05-28T17:16:26+00:00","article_modified_time":"2026-04-01T11:26:58+00:00","author":"Konstantin Weber","twitter_card":"summary_large_image","twitter_misc":{"Verfasst von":"Konstantin Weber","Gesch\u00e4tzte Lesezeit":"2\u00a0Minuten"},"schema":{"@context":"https:\/\/schema.org","@graph":[{"@type":"Article","@id":"https:\/\/www.weberlaw.de\/de\/schwarzarbeitsbekaempfung-rechtliche-staerkung-der-finanzkontrolle-in-nwb-nr-21-2020-s-1575-1579-von-ra-fastr-konstantin-weber\/#article","isPartOf":{"@id":"https:\/\/www.weberlaw.de\/de\/schwarzarbeitsbekaempfung-rechtliche-staerkung-der-finanzkontrolle-in-nwb-nr-21-2020-s-1575-1579-von-ra-fastr-konstantin-weber\/"},"author":{"name":"Konstantin Weber","@id":"https:\/\/www.weberlaw.de\/de\/#\/schema\/person\/aa3de834799230a63dfdf264ad0a9f09"},"headline":"Schwarzarbeitsbek\u00e4mpfung: rechtliche St\u00e4rkung der Finanzkontrolle in NWB Nr.21\/2020 (S. 1575-1579) von RA\/FAStR Konstantin Weber [\u2026] \u00bb","datePublished":"2020-05-28T17:16:26+00:00","dateModified":"2026-04-01T11:26:58+00:00","mainEntityOfPage":{"@id":"https:\/\/www.weberlaw.de\/de\/schwarzarbeitsbekaempfung-rechtliche-staerkung-der-finanzkontrolle-in-nwb-nr-21-2020-s-1575-1579-von-ra-fastr-konstantin-weber\/"},"wordCount":261,"publisher":{"@id":"https:\/\/www.weberlaw.de\/de\/#organization"},"articleSection":["Newsletter"],"inLanguage":"de"},{"@type":"WebPage","@id":"https:\/\/www.weberlaw.de\/de\/schwarzarbeitsbekaempfung-rechtliche-staerkung-der-finanzkontrolle-in-nwb-nr-21-2020-s-1575-1579-von-ra-fastr-konstantin-weber\/","url":"https:\/\/www.weberlaw.de\/de\/schwarzarbeitsbekaempfung-rechtliche-staerkung-der-finanzkontrolle-in-nwb-nr-21-2020-s-1575-1579-von-ra-fastr-konstantin-weber\/","name":"Schwarzarbeitsbek\u00e4mpfung: St\u00e4rkung der Finanzkontrolle","isPartOf":{"@id":"https:\/\/www.weberlaw.de\/de\/#website"},"datePublished":"2020-05-28T17:16:26+00:00","dateModified":"2026-04-01T11:26:58+00:00","description":"Schwarzarbeitsbek\u00e4mpfung: St\u00e4rkung der Finanzkontrolle, Erweiterung der Befugnisse der Finanzkontrolle Schwarzarbeit, neue Anklagebeh\u00f6rde","breadcrumb":{"@id":"https:\/\/www.weberlaw.de\/de\/schwarzarbeitsbekaempfung-rechtliche-staerkung-der-finanzkontrolle-in-nwb-nr-21-2020-s-1575-1579-von-ra-fastr-konstantin-weber\/#breadcrumb"},"inLanguage":"de","potentialAction":[{"@type":"ReadAction","target":["https:\/\/www.weberlaw.de\/de\/schwarzarbeitsbekaempfung-rechtliche-staerkung-der-finanzkontrolle-in-nwb-nr-21-2020-s-1575-1579-von-ra-fastr-konstantin-weber\/"]}]},{"@type":"BreadcrumbList","@id":"https:\/\/www.weberlaw.de\/de\/schwarzarbeitsbekaempfung-rechtliche-staerkung-der-finanzkontrolle-in-nwb-nr-21-2020-s-1575-1579-von-ra-fastr-konstantin-weber\/#breadcrumb","itemListElement":[{"@type":"ListItem","position":1,"name":"Kanzlei f\u00fcr Recht &amp; Steuern","item":"https:\/\/www.weberlaw.de\/de\/fachanwalt-fuer-steuerrecht-in-karlsruhe-ettlingen-kanzlei-weber\/"},{"@type":"ListItem","position":2,"name":"Schwarzarbeitsbek\u00e4mpfung: rechtliche St\u00e4rkung der Finanzkontrolle in NWB Nr.21\/2020 (S. 1575-1579) von RA\/FAStR Konstantin Weber [\u2026] \u00bb"}]},{"@type":"WebSite","@id":"https:\/\/www.weberlaw.de\/de\/#website","url":"https:\/\/www.weberlaw.de\/de\/","name":"Weber | Recht &amp; Steuern","description":"Kanzlei f\u00fcr Wirtschafts- und Steuerrecht","publisher":{"@id":"https:\/\/www.weberlaw.de\/de\/#organization"},"potentialAction":[{"@type":"SearchAction","target":{"@type":"EntryPoint","urlTemplate":"https:\/\/www.weberlaw.de\/de\/?s={search_term_string}"},"query-input":{"@type":"PropertyValueSpecification","valueRequired":true,"valueName":"search_term_string"}}],"inLanguage":"de"},{"@type":"Organization","@id":"https:\/\/www.weberlaw.de\/de\/#organization","name":"Weber Recht & Steuern Kanzlei","url":"https:\/\/www.weberlaw.de\/de\/","logo":{"@type":"ImageObject","inLanguage":"de","@id":"https:\/\/www.weberlaw.de\/de\/#\/schema\/logo\/image\/","url":"https:\/\/www.weberlaw.de\/wp-content\/uploads\/2020\/05\/weber-recht-steuern-karlsruhe-baden-baden-3.png","contentUrl":"https:\/\/www.weberlaw.de\/wp-content\/uploads\/2020\/05\/weber-recht-steuern-karlsruhe-baden-baden-3.png","width":890,"height":200,"caption":"Weber Recht & Steuern Kanzlei"},"image":{"@id":"https:\/\/www.weberlaw.de\/de\/#\/schema\/logo\/image\/"},"sameAs":["https:\/\/de.linkedin.com\/in\/konstantinweber"]},{"@type":"Person","@id":"https:\/\/www.weberlaw.de\/de\/#\/schema\/person\/aa3de834799230a63dfdf264ad0a9f09","name":"Konstantin Weber","image":{"@type":"ImageObject","inLanguage":"de","@id":"https:\/\/secure.gravatar.com\/avatar\/c729da3aba19b03c8c704e97d38ca7d4f52fc7a904621d45b197baee2c1ce0e0?s=96&d=mm&r=g","url":"https:\/\/secure.gravatar.com\/avatar\/c729da3aba19b03c8c704e97d38ca7d4f52fc7a904621d45b197baee2c1ce0e0?s=96&d=mm&r=g","contentUrl":"https:\/\/secure.gravatar.com\/avatar\/c729da3aba19b03c8c704e97d38ca7d4f52fc7a904621d45b197baee2c1ce0e0?s=96&d=mm&r=g","caption":"Konstantin Weber"},"description":"Vita Studiert in Heidelberg, Rechtsreferendariat in Karlsruhe, Stuttgart und Providence (USA) abgeschlossen, lebend und arbeitend in Karlsruhe und Baden-Baden. Verheiratet und zwei Kinder, Fachautor und Vortragender im Umsatzsteuerrecht, Steuerstrafrecht, Steuerstreitrecht und Wirtschaftsstrafrecht. Mehr Information.."}]}},"_links":{"self":[{"href":"https:\/\/www.weberlaw.de\/de\/wp-json\/wp\/v2\/posts\/668","targetHints":{"allow":["GET"]}}],"collection":[{"href":"https:\/\/www.weberlaw.de\/de\/wp-json\/wp\/v2\/posts"}],"about":[{"href":"https:\/\/www.weberlaw.de\/de\/wp-json\/wp\/v2\/types\/post"}],"author":[{"embeddable":true,"href":"https:\/\/www.weberlaw.de\/de\/wp-json\/wp\/v2\/users\/2"}],"replies":[{"embeddable":true,"href":"https:\/\/www.weberlaw.de\/de\/wp-json\/wp\/v2\/comments?post=668"}],"version-history":[{"count":3,"href":"https:\/\/www.weberlaw.de\/de\/wp-json\/wp\/v2\/posts\/668\/revisions"}],"predecessor-version":[{"id":2641,"href":"https:\/\/www.weberlaw.de\/de\/wp-json\/wp\/v2\/posts\/668\/revisions\/2641"}],"wp:attachment":[{"href":"https:\/\/www.weberlaw.de\/de\/wp-json\/wp\/v2\/media?parent=668"}],"wp:term":[{"taxonomy":"category","embeddable":true,"href":"https:\/\/www.weberlaw.de\/de\/wp-json\/wp\/v2\/categories?post=668"},{"taxonomy":"post_tag","embeddable":true,"href":"https:\/\/www.weberlaw.de\/de\/wp-json\/wp\/v2\/tags?post=668"}],"curies":[{"name":"wp","href":"https:\/\/api.w.org\/{rel}","templated":true}]}}