{"id":672,"date":"2019-11-26T15:24:00","date_gmt":"2019-11-26T15:24:00","guid":{"rendered":"https:\/\/weberlaw.de\/de\/news-blog\/156-eu-kommission-leitet-das-vertragsverletzungsverfahren-gegen-deutschland-wegen-neuer-umsatzsteuergesetze-%C2%A7%C2%A7-22f%2C-25e-ustg-ein-%E2%80%A6-%C2%BB"},"modified":"2024-05-17T15:14:12","modified_gmt":"2024-05-17T15:14:12","slug":"eu-kommission-leitet-das-vertragsverletzungsverfahren-gegen-deutschland-wegen-neuer-umsatzsteuergesetze-%c2%a7%c2%a7-22f-25e-ustg-ein","status":"publish","type":"post","link":"https:\/\/www.weberlaw.de\/de\/eu-kommission-leitet-das-vertragsverletzungsverfahren-gegen-deutschland-wegen-neuer-umsatzsteuergesetze-%c2%a7%c2%a7-22f-25e-ustg-ein\/","title":{"rendered":"EU-Kommission leitet das Vertragsverletzungsverfahren gegen Deutschland wegen neuer Umsatzsteuergesetze (\u00a7\u00a7 22f, 25e UStG) ein [\u2026] \u00bb"},"content":{"rendered":"<p style=\"text-align: left;\"><strong>EU-Kommission leitet das Vertragsverletzungsverfahren gegen Deutschland wegen neuer Umsatzsteuergesetze (\u00a7\u00a7 22f, 25e UStG) ein, die ab dem 1.10.2019 anwendbar sind:<\/strong><\/p>\n<p style=\"text-align: left;\">Die EU-Kommission forderte am 10.10.2019 Deutschland auf, j\u00fcngst beschlossene Gesetzes\u00e4nderungen zu widerrufen, die zulasten europ\u00e4ischer Unternehmen gehen, die online Waren an deutsche Verbraucher verkaufen.<\/p>\n<p style=\"text-align: left;\">Seit dem <strong>1. Oktober 2019<\/strong> haftet gem\u00e4\u00df dem deutschen Recht <strong>(\u00a7 25e UStG<\/strong>) der Betreiber eines elektronischen Marktplatzes gesamtschuldnerisch f\u00fcr die Mehrwertsteuer auf Waren, die von europ\u00e4ischen Unternehmen \u00fcber die Plattform verkauft werden, wenn sie von Deutschland aus verbracht oder dorthin geliefert werden.<\/p>\n<p style=\"text-align: left;\">Der Betreiber eines elektronischen Marktplatzes kann die Haftung nur dann vermeiden, wenn er eine Bescheinigung auf Papier vorlegen kann, die dem auf seiner Plattform t\u00e4tigen Verk\u00e4ufer von dem zust\u00e4ndigen Finanzamt <strong>(\u00a7 22f UStG<\/strong>) ausgestellt wurde.<\/p>\n<p style=\"text-align: left;\">Diese Verpflichtung ist nach Auffassung der EU-Kommission ineffizient und unverh\u00e4ltnism\u00e4\u00dfig und behindert au\u00dferdem den Zugang europ\u00e4ischer Unternehmen zum deutschen Markt, was einen Versto\u00df gegen das EU-Recht darstellt.<\/p>\n<p style=\"text-align: left;\">Dar\u00fcber hinaus haben sich die EU-Mitgliedstaaten bereits auf gemeinsame und effizientere Ma\u00dfnahmen zur Bek\u00e4mpfung von Mehrwertsteuerbetrug geeinigt, die am 1. Januar 2021 in Kraft treten.<\/p>\n<p style=\"text-align: left;\">Die den Betreibern digitaler Marktpl\u00e4tze zur Vermeidung der gesamtschuldnerischen Haftung auferlegte Verpflichtung geht \u00fcber das in den EU-Vorschriften vorgesehene Ma\u00df hinaus und steht im Widerspruch zu den Zielen der Strategie f\u00fcr einen digitalen Binnenmarkt.<\/p>\n<p style=\"text-align: left;\">Schafft Deutschland nicht binnen zwei Monaten Abhilfe, kann die EU-Kommission den deutschen Beh\u00f6rden in dieser Sache eine mit Gr\u00fcnden versehene Stellungnahme \u00fcbermitteln, die zweite Stufe in einem insgesamt maximal dreistufigen Vertragsverletzungsverfahren. Die letzte dritte Stufe ist die Klage der EU-Kommission gegen Deutschland vor dem EuGH.<\/p>\n<p style=\"text-align: left;\">Mehr dazu ist folgender Homepage der EU-Kommission zu entnehmen:<\/p>\n<p style=\"text-align: left;\"><a href=\"https:\/\/ec.europa.eu\/germany\/news\/20191010-vertragsverletzungsverfahren-deutschland_de\">https:\/\/ec.europa.eu\/germany\/news\/20191010-vertragsverletzungsverfahren-deutschland_de<\/a><\/p>\n<p style=\"text-align: left;\">Au\u00dferdem wird in diesem Zusammenhang auf meinen kritischen Aufsatz (\u201e<em>Gegenwind f\u00fcr Amazon und Co<\/em>.\u201c) bzgl. neuer Umsatzsteuergesetze (\u00a7\u00a7 22f, 25e UStG) im Datev-Magazin verwiesen. Mehr dazu ist folgender Homepage zu entnehmen:<\/p>\n<p style=\"text-align: left;\"><a href=\"https:\/\/www.datev-magazin.de\/praxis\/steuerberatung\/gegenwind-fuer-amazon-und-co-1473\">Gegenwind-f\u00fcr-Amazon-und-Co.<\/a><\/p>\n<p style=\"text-align: left;\">Ansprechpartner f\u00fcr Steuerstrafrecht, Wirtschaftsstrafrecht, Steuerstreitrecht und Umsatzsteuerrecht, Seminare und Inhouse-Schulungen: Konstantin Weber, Rechtsanwalt und Fachanwalt f\u00fcr Steuerrecht, Karlsruhe, Bruchsal, Rastatt, Ettlingen, Offenburg, Pforzheim, Baden-Baden, Speyer, B\u00fchl, Gaggenau, Freudenstadt, Nagold, Horb am Neckar, Rheinstetten, Bretten, Wagh\u00e4usel, Landau in der Pfalz, Germersheim, Neustadt an der Weinstra\u00dfe, Ludwigshafen am Rhein, Frankenthal (Pfalz), Ludwigshafen am Rhein, Mannheim, Schwetzingen, Heidelberg, Hockenheim, Wiesloch, Sinsheim, Mosbach, Neckargm\u00fcnd, Bad Rappenau, Eppingen, Heilbronn, Ludwigsburg, Stuttgart<\/p>\n<p style=\"text-align: left;\">Kontakt:\u00a0<a href=\"https:\/\/www.weberlaw.de\/de\/\"><strong>https:\/\/www.weberlaw.de\/de\/<\/strong><\/a><\/p>\n<p style=\"text-align: left;\">\n","protected":false},"excerpt":{"rendered":"<p>EU-Kommission leitet das Vertragsverletzungsverfahren gegen Deutschland wegen neuer Umsatzsteuergesetze (\u00a7\u00a7 22f, 25e UStG) ein, die ab dem 1.10.2019 anwendbar sind: Die EU-Kommission forderte am 10.10.2019 Deutschland auf, j\u00fcngst beschlossene Gesetzes\u00e4nderungen zu widerrufen, die zulasten europ\u00e4ischer Unternehmen gehen, die online Waren an deutsche Verbraucher verkaufen. Seit dem 1. Oktober 2019 haftet gem\u00e4\u00df dem deutschen Recht (\u00a7 [&hellip;]<\/p>\n","protected":false},"author":2,"featured_media":0,"comment_status":"closed","ping_status":"closed","sticky":false,"template":"","format":"standard","meta":{"footnotes":""},"categories":[1],"tags":[],"class_list":["post-672","post","type-post","status-publish","format-standard","hentry","category-newsletter"],"yoast_head":"<!-- This site is optimized with the Yoast SEO plugin v27.3 - https:\/\/yoast.com\/product\/yoast-seo-wordpress\/ -->\n<title>Vertragsverletzungsverfahren wegen neuer Umsatzsteuergesetze<\/title>\n<meta name=\"description\" content=\"EU-Kommission, Vertragsverletzungsverfahren wegen Umsatzsteuergesetze (\u00a7\u00a7 22f, 25e UStG), elektronischer Marktplatz\" \/>\n<meta name=\"robots\" content=\"index, follow, max-snippet:-1, max-image-preview:large, max-video-preview:-1\" \/>\n<link rel=\"canonical\" href=\"https:\/\/www.weberlaw.de\/de\/eu-kommission-leitet-das-vertragsverletzungsverfahren-gegen-deutschland-wegen-neuer-umsatzsteuergesetze-\u00a7\u00a7-22f-25e-ustg-ein\/\" \/>\n<meta property=\"og:locale\" content=\"de_DE\" \/>\n<meta property=\"og:type\" content=\"article\" \/>\n<meta property=\"og:title\" content=\"Vertragsverletzungsverfahren wegen neuer Umsatzsteuergesetze\" \/>\n<meta property=\"og:description\" content=\"EU-Kommission, Vertragsverletzungsverfahren wegen Umsatzsteuergesetze (\u00a7\u00a7 22f, 25e UStG), elektronischer Marktplatz\" \/>\n<meta property=\"og:url\" content=\"https:\/\/www.weberlaw.de\/de\/eu-kommission-leitet-das-vertragsverletzungsverfahren-gegen-deutschland-wegen-neuer-umsatzsteuergesetze-\u00a7\u00a7-22f-25e-ustg-ein\/\" \/>\n<meta property=\"og:site_name\" content=\"Weber | Recht &amp; Steuern\" \/>\n<meta property=\"article:published_time\" content=\"2019-11-26T15:24:00+00:00\" \/>\n<meta property=\"article:modified_time\" content=\"2024-05-17T15:14:12+00:00\" \/>\n<meta name=\"author\" content=\"Konstantin Weber\" \/>\n<meta name=\"twitter:card\" content=\"summary_large_image\" \/>\n<meta name=\"twitter:label1\" content=\"Verfasst von\" \/>\n\t<meta name=\"twitter:data1\" content=\"Konstantin Weber\" \/>\n\t<meta name=\"twitter:label2\" content=\"Gesch\u00e4tzte Lesezeit\" \/>\n\t<meta name=\"twitter:data2\" content=\"3\u00a0Minuten\" \/>\n<script type=\"application\/ld+json\" class=\"yoast-schema-graph\">{\"@context\":\"https:\\\/\\\/schema.org\",\"@graph\":[{\"@type\":\"Article\",\"@id\":\"https:\\\/\\\/www.weberlaw.de\\\/de\\\/eu-kommission-leitet-das-vertragsverletzungsverfahren-gegen-deutschland-wegen-neuer-umsatzsteuergesetze-%c2%a7%c2%a7-22f-25e-ustg-ein\\\/#article\",\"isPartOf\":{\"@id\":\"https:\\\/\\\/www.weberlaw.de\\\/de\\\/eu-kommission-leitet-das-vertragsverletzungsverfahren-gegen-deutschland-wegen-neuer-umsatzsteuergesetze-%c2%a7%c2%a7-22f-25e-ustg-ein\\\/\"},\"author\":{\"name\":\"Konstantin Weber\",\"@id\":\"https:\\\/\\\/www.weberlaw.de\\\/de\\\/#\\\/schema\\\/person\\\/aa3de834799230a63dfdf264ad0a9f09\"},\"headline\":\"EU-Kommission leitet das Vertragsverletzungsverfahren gegen Deutschland wegen neuer Umsatzsteuergesetze (\u00a7\u00a7 22f, 25e UStG) ein [\u2026] \u00bb\",\"datePublished\":\"2019-11-26T15:24:00+00:00\",\"dateModified\":\"2024-05-17T15:14:12+00:00\",\"mainEntityOfPage\":{\"@id\":\"https:\\\/\\\/www.weberlaw.de\\\/de\\\/eu-kommission-leitet-das-vertragsverletzungsverfahren-gegen-deutschland-wegen-neuer-umsatzsteuergesetze-%c2%a7%c2%a7-22f-25e-ustg-ein\\\/\"},\"wordCount\":405,\"publisher\":{\"@id\":\"https:\\\/\\\/www.weberlaw.de\\\/de\\\/#organization\"},\"articleSection\":[\"Newsletter\"],\"inLanguage\":\"de\"},{\"@type\":\"WebPage\",\"@id\":\"https:\\\/\\\/www.weberlaw.de\\\/de\\\/eu-kommission-leitet-das-vertragsverletzungsverfahren-gegen-deutschland-wegen-neuer-umsatzsteuergesetze-%c2%a7%c2%a7-22f-25e-ustg-ein\\\/\",\"url\":\"https:\\\/\\\/www.weberlaw.de\\\/de\\\/eu-kommission-leitet-das-vertragsverletzungsverfahren-gegen-deutschland-wegen-neuer-umsatzsteuergesetze-%c2%a7%c2%a7-22f-25e-ustg-ein\\\/\",\"name\":\"Vertragsverletzungsverfahren wegen neuer Umsatzsteuergesetze\",\"isPartOf\":{\"@id\":\"https:\\\/\\\/www.weberlaw.de\\\/de\\\/#website\"},\"datePublished\":\"2019-11-26T15:24:00+00:00\",\"dateModified\":\"2024-05-17T15:14:12+00:00\",\"description\":\"EU-Kommission, Vertragsverletzungsverfahren wegen Umsatzsteuergesetze (\u00a7\u00a7 22f, 25e UStG), elektronischer Marktplatz\",\"breadcrumb\":{\"@id\":\"https:\\\/\\\/www.weberlaw.de\\\/de\\\/eu-kommission-leitet-das-vertragsverletzungsverfahren-gegen-deutschland-wegen-neuer-umsatzsteuergesetze-%c2%a7%c2%a7-22f-25e-ustg-ein\\\/#breadcrumb\"},\"inLanguage\":\"de\",\"potentialAction\":[{\"@type\":\"ReadAction\",\"target\":[\"https:\\\/\\\/www.weberlaw.de\\\/de\\\/eu-kommission-leitet-das-vertragsverletzungsverfahren-gegen-deutschland-wegen-neuer-umsatzsteuergesetze-%c2%a7%c2%a7-22f-25e-ustg-ein\\\/\"]}]},{\"@type\":\"BreadcrumbList\",\"@id\":\"https:\\\/\\\/www.weberlaw.de\\\/de\\\/eu-kommission-leitet-das-vertragsverletzungsverfahren-gegen-deutschland-wegen-neuer-umsatzsteuergesetze-%c2%a7%c2%a7-22f-25e-ustg-ein\\\/#breadcrumb\",\"itemListElement\":[{\"@type\":\"ListItem\",\"position\":1,\"name\":\"Kanzlei f\u00fcr Recht &amp; Steuern\",\"item\":\"https:\\\/\\\/www.weberlaw.de\\\/de\\\/fachanwalt-fuer-steuerrecht-in-karlsruhe-ettlingen-kanzlei-weber\\\/\"},{\"@type\":\"ListItem\",\"position\":2,\"name\":\"EU-Kommission leitet das Vertragsverletzungsverfahren gegen Deutschland wegen neuer Umsatzsteuergesetze (\u00a7\u00a7 22f, 25e UStG) ein [\u2026] \u00bb\"}]},{\"@type\":\"WebSite\",\"@id\":\"https:\\\/\\\/www.weberlaw.de\\\/de\\\/#website\",\"url\":\"https:\\\/\\\/www.weberlaw.de\\\/de\\\/\",\"name\":\"Weber | Recht &amp; Steuern\",\"description\":\"Kanzlei f\u00fcr Wirtschafts- und Steuerrecht\",\"publisher\":{\"@id\":\"https:\\\/\\\/www.weberlaw.de\\\/de\\\/#organization\"},\"potentialAction\":[{\"@type\":\"SearchAction\",\"target\":{\"@type\":\"EntryPoint\",\"urlTemplate\":\"https:\\\/\\\/www.weberlaw.de\\\/de\\\/?s={search_term_string}\"},\"query-input\":{\"@type\":\"PropertyValueSpecification\",\"valueRequired\":true,\"valueName\":\"search_term_string\"}}],\"inLanguage\":\"de\"},{\"@type\":\"Organization\",\"@id\":\"https:\\\/\\\/www.weberlaw.de\\\/de\\\/#organization\",\"name\":\"Weber Recht & Steuern Kanzlei\",\"url\":\"https:\\\/\\\/www.weberlaw.de\\\/de\\\/\",\"logo\":{\"@type\":\"ImageObject\",\"inLanguage\":\"de\",\"@id\":\"https:\\\/\\\/www.weberlaw.de\\\/de\\\/#\\\/schema\\\/logo\\\/image\\\/\",\"url\":\"https:\\\/\\\/www.weberlaw.de\\\/wp-content\\\/uploads\\\/2020\\\/05\\\/weber-recht-steuern-karlsruhe-baden-baden-3.png\",\"contentUrl\":\"https:\\\/\\\/www.weberlaw.de\\\/wp-content\\\/uploads\\\/2020\\\/05\\\/weber-recht-steuern-karlsruhe-baden-baden-3.png\",\"width\":890,\"height\":200,\"caption\":\"Weber Recht & Steuern Kanzlei\"},\"image\":{\"@id\":\"https:\\\/\\\/www.weberlaw.de\\\/de\\\/#\\\/schema\\\/logo\\\/image\\\/\"},\"sameAs\":[\"https:\\\/\\\/de.linkedin.com\\\/in\\\/konstantinweber\"]},{\"@type\":\"Person\",\"@id\":\"https:\\\/\\\/www.weberlaw.de\\\/de\\\/#\\\/schema\\\/person\\\/aa3de834799230a63dfdf264ad0a9f09\",\"name\":\"Konstantin Weber\",\"image\":{\"@type\":\"ImageObject\",\"inLanguage\":\"de\",\"@id\":\"https:\\\/\\\/secure.gravatar.com\\\/avatar\\\/c729da3aba19b03c8c704e97d38ca7d4f52fc7a904621d45b197baee2c1ce0e0?s=96&d=mm&r=g\",\"url\":\"https:\\\/\\\/secure.gravatar.com\\\/avatar\\\/c729da3aba19b03c8c704e97d38ca7d4f52fc7a904621d45b197baee2c1ce0e0?s=96&d=mm&r=g\",\"contentUrl\":\"https:\\\/\\\/secure.gravatar.com\\\/avatar\\\/c729da3aba19b03c8c704e97d38ca7d4f52fc7a904621d45b197baee2c1ce0e0?s=96&d=mm&r=g\",\"caption\":\"Konstantin Weber\"},\"description\":\"Vita Studiert in Heidelberg, Rechtsreferendariat in Karlsruhe, Stuttgart und Providence (USA) abgeschlossen, lebend und arbeitend in Karlsruhe und Baden-Baden. Verheiratet und zwei Kinder, Fachautor und Vortragender im Umsatzsteuerrecht, Steuerstrafrecht, Steuerstreitrecht und Wirtschaftsstrafrecht. Mehr Information..\"}]}<\/script>\n<!-- \/ Yoast SEO plugin. -->","yoast_head_json":{"title":"Vertragsverletzungsverfahren wegen neuer Umsatzsteuergesetze","description":"EU-Kommission, Vertragsverletzungsverfahren wegen Umsatzsteuergesetze (\u00a7\u00a7 22f, 25e UStG), elektronischer Marktplatz","robots":{"index":"index","follow":"follow","max-snippet":"max-snippet:-1","max-image-preview":"max-image-preview:large","max-video-preview":"max-video-preview:-1"},"canonical":"https:\/\/www.weberlaw.de\/de\/eu-kommission-leitet-das-vertragsverletzungsverfahren-gegen-deutschland-wegen-neuer-umsatzsteuergesetze-\u00a7\u00a7-22f-25e-ustg-ein\/","og_locale":"de_DE","og_type":"article","og_title":"Vertragsverletzungsverfahren wegen neuer Umsatzsteuergesetze","og_description":"EU-Kommission, Vertragsverletzungsverfahren wegen Umsatzsteuergesetze (\u00a7\u00a7 22f, 25e UStG), elektronischer Marktplatz","og_url":"https:\/\/www.weberlaw.de\/de\/eu-kommission-leitet-das-vertragsverletzungsverfahren-gegen-deutschland-wegen-neuer-umsatzsteuergesetze-\u00a7\u00a7-22f-25e-ustg-ein\/","og_site_name":"Weber | Recht &amp; Steuern","article_published_time":"2019-11-26T15:24:00+00:00","article_modified_time":"2024-05-17T15:14:12+00:00","author":"Konstantin Weber","twitter_card":"summary_large_image","twitter_misc":{"Verfasst von":"Konstantin Weber","Gesch\u00e4tzte Lesezeit":"3\u00a0Minuten"},"schema":{"@context":"https:\/\/schema.org","@graph":[{"@type":"Article","@id":"https:\/\/www.weberlaw.de\/de\/eu-kommission-leitet-das-vertragsverletzungsverfahren-gegen-deutschland-wegen-neuer-umsatzsteuergesetze-%c2%a7%c2%a7-22f-25e-ustg-ein\/#article","isPartOf":{"@id":"https:\/\/www.weberlaw.de\/de\/eu-kommission-leitet-das-vertragsverletzungsverfahren-gegen-deutschland-wegen-neuer-umsatzsteuergesetze-%c2%a7%c2%a7-22f-25e-ustg-ein\/"},"author":{"name":"Konstantin Weber","@id":"https:\/\/www.weberlaw.de\/de\/#\/schema\/person\/aa3de834799230a63dfdf264ad0a9f09"},"headline":"EU-Kommission leitet das Vertragsverletzungsverfahren gegen Deutschland wegen neuer Umsatzsteuergesetze (\u00a7\u00a7 22f, 25e UStG) ein [\u2026] \u00bb","datePublished":"2019-11-26T15:24:00+00:00","dateModified":"2024-05-17T15:14:12+00:00","mainEntityOfPage":{"@id":"https:\/\/www.weberlaw.de\/de\/eu-kommission-leitet-das-vertragsverletzungsverfahren-gegen-deutschland-wegen-neuer-umsatzsteuergesetze-%c2%a7%c2%a7-22f-25e-ustg-ein\/"},"wordCount":405,"publisher":{"@id":"https:\/\/www.weberlaw.de\/de\/#organization"},"articleSection":["Newsletter"],"inLanguage":"de"},{"@type":"WebPage","@id":"https:\/\/www.weberlaw.de\/de\/eu-kommission-leitet-das-vertragsverletzungsverfahren-gegen-deutschland-wegen-neuer-umsatzsteuergesetze-%c2%a7%c2%a7-22f-25e-ustg-ein\/","url":"https:\/\/www.weberlaw.de\/de\/eu-kommission-leitet-das-vertragsverletzungsverfahren-gegen-deutschland-wegen-neuer-umsatzsteuergesetze-%c2%a7%c2%a7-22f-25e-ustg-ein\/","name":"Vertragsverletzungsverfahren wegen neuer Umsatzsteuergesetze","isPartOf":{"@id":"https:\/\/www.weberlaw.de\/de\/#website"},"datePublished":"2019-11-26T15:24:00+00:00","dateModified":"2024-05-17T15:14:12+00:00","description":"EU-Kommission, Vertragsverletzungsverfahren wegen Umsatzsteuergesetze (\u00a7\u00a7 22f, 25e UStG), elektronischer Marktplatz","breadcrumb":{"@id":"https:\/\/www.weberlaw.de\/de\/eu-kommission-leitet-das-vertragsverletzungsverfahren-gegen-deutschland-wegen-neuer-umsatzsteuergesetze-%c2%a7%c2%a7-22f-25e-ustg-ein\/#breadcrumb"},"inLanguage":"de","potentialAction":[{"@type":"ReadAction","target":["https:\/\/www.weberlaw.de\/de\/eu-kommission-leitet-das-vertragsverletzungsverfahren-gegen-deutschland-wegen-neuer-umsatzsteuergesetze-%c2%a7%c2%a7-22f-25e-ustg-ein\/"]}]},{"@type":"BreadcrumbList","@id":"https:\/\/www.weberlaw.de\/de\/eu-kommission-leitet-das-vertragsverletzungsverfahren-gegen-deutschland-wegen-neuer-umsatzsteuergesetze-%c2%a7%c2%a7-22f-25e-ustg-ein\/#breadcrumb","itemListElement":[{"@type":"ListItem","position":1,"name":"Kanzlei f\u00fcr Recht &amp; Steuern","item":"https:\/\/www.weberlaw.de\/de\/fachanwalt-fuer-steuerrecht-in-karlsruhe-ettlingen-kanzlei-weber\/"},{"@type":"ListItem","position":2,"name":"EU-Kommission leitet das Vertragsverletzungsverfahren gegen Deutschland wegen neuer Umsatzsteuergesetze (\u00a7\u00a7 22f, 25e UStG) ein [\u2026] \u00bb"}]},{"@type":"WebSite","@id":"https:\/\/www.weberlaw.de\/de\/#website","url":"https:\/\/www.weberlaw.de\/de\/","name":"Weber | Recht &amp; Steuern","description":"Kanzlei f\u00fcr Wirtschafts- und Steuerrecht","publisher":{"@id":"https:\/\/www.weberlaw.de\/de\/#organization"},"potentialAction":[{"@type":"SearchAction","target":{"@type":"EntryPoint","urlTemplate":"https:\/\/www.weberlaw.de\/de\/?s={search_term_string}"},"query-input":{"@type":"PropertyValueSpecification","valueRequired":true,"valueName":"search_term_string"}}],"inLanguage":"de"},{"@type":"Organization","@id":"https:\/\/www.weberlaw.de\/de\/#organization","name":"Weber Recht & Steuern Kanzlei","url":"https:\/\/www.weberlaw.de\/de\/","logo":{"@type":"ImageObject","inLanguage":"de","@id":"https:\/\/www.weberlaw.de\/de\/#\/schema\/logo\/image\/","url":"https:\/\/www.weberlaw.de\/wp-content\/uploads\/2020\/05\/weber-recht-steuern-karlsruhe-baden-baden-3.png","contentUrl":"https:\/\/www.weberlaw.de\/wp-content\/uploads\/2020\/05\/weber-recht-steuern-karlsruhe-baden-baden-3.png","width":890,"height":200,"caption":"Weber Recht & Steuern Kanzlei"},"image":{"@id":"https:\/\/www.weberlaw.de\/de\/#\/schema\/logo\/image\/"},"sameAs":["https:\/\/de.linkedin.com\/in\/konstantinweber"]},{"@type":"Person","@id":"https:\/\/www.weberlaw.de\/de\/#\/schema\/person\/aa3de834799230a63dfdf264ad0a9f09","name":"Konstantin Weber","image":{"@type":"ImageObject","inLanguage":"de","@id":"https:\/\/secure.gravatar.com\/avatar\/c729da3aba19b03c8c704e97d38ca7d4f52fc7a904621d45b197baee2c1ce0e0?s=96&d=mm&r=g","url":"https:\/\/secure.gravatar.com\/avatar\/c729da3aba19b03c8c704e97d38ca7d4f52fc7a904621d45b197baee2c1ce0e0?s=96&d=mm&r=g","contentUrl":"https:\/\/secure.gravatar.com\/avatar\/c729da3aba19b03c8c704e97d38ca7d4f52fc7a904621d45b197baee2c1ce0e0?s=96&d=mm&r=g","caption":"Konstantin Weber"},"description":"Vita Studiert in Heidelberg, Rechtsreferendariat in Karlsruhe, Stuttgart und Providence (USA) abgeschlossen, lebend und arbeitend in Karlsruhe und Baden-Baden. Verheiratet und zwei Kinder, Fachautor und Vortragender im Umsatzsteuerrecht, Steuerstrafrecht, Steuerstreitrecht und Wirtschaftsstrafrecht. Mehr Information.."}]}},"_links":{"self":[{"href":"https:\/\/www.weberlaw.de\/de\/wp-json\/wp\/v2\/posts\/672","targetHints":{"allow":["GET"]}}],"collection":[{"href":"https:\/\/www.weberlaw.de\/de\/wp-json\/wp\/v2\/posts"}],"about":[{"href":"https:\/\/www.weberlaw.de\/de\/wp-json\/wp\/v2\/types\/post"}],"author":[{"embeddable":true,"href":"https:\/\/www.weberlaw.de\/de\/wp-json\/wp\/v2\/users\/2"}],"replies":[{"embeddable":true,"href":"https:\/\/www.weberlaw.de\/de\/wp-json\/wp\/v2\/comments?post=672"}],"version-history":[{"count":3,"href":"https:\/\/www.weberlaw.de\/de\/wp-json\/wp\/v2\/posts\/672\/revisions"}],"predecessor-version":[{"id":2652,"href":"https:\/\/www.weberlaw.de\/de\/wp-json\/wp\/v2\/posts\/672\/revisions\/2652"}],"wp:attachment":[{"href":"https:\/\/www.weberlaw.de\/de\/wp-json\/wp\/v2\/media?parent=672"}],"wp:term":[{"taxonomy":"category","embeddable":true,"href":"https:\/\/www.weberlaw.de\/de\/wp-json\/wp\/v2\/categories?post=672"},{"taxonomy":"post_tag","embeddable":true,"href":"https:\/\/www.weberlaw.de\/de\/wp-json\/wp\/v2\/tags?post=672"}],"curies":[{"name":"wp","href":"https:\/\/api.w.org\/{rel}","templated":true}]}}