{"id":686,"date":"2019-04-17T16:26:04","date_gmt":"2019-04-17T16:26:04","guid":{"rendered":"https:\/\/weberlaw.de\/de\/news-blog\/138-umsatzsteuer-amazon%2C-ebay%2C-zalando-und-co-in-der-gef%C3%A4hrdungshaftung-seit-dem-01-01-2019-%E2%80%A6-%C2%BB"},"modified":"2026-04-01T13:36:45","modified_gmt":"2026-04-01T13:36:45","slug":"umsatzsteuer-amazon-ebay-zalando-gefaehrdungshaftung","status":"publish","type":"post","link":"https:\/\/www.weberlaw.de\/de\/umsatzsteuer-amazon-ebay-zalando-gefaehrdungshaftung\/","title":{"rendered":"Umsatzsteuer: AMAZON, eBay, ZALANDO und CO. in der Gef\u00e4hrdungshaftung seit dem 01.01.2019 [\u2026] \u00bb"},"content":{"rendered":"<p style=\"text-align: left;\"><strong>Umsatzsteuer: AMAZON, eBay, ZALANDO und CO. in der Gef\u00e4hrdungshaftung seit dem 01.01.2019:<\/strong><\/p>\n<p style=\"text-align: left;\">In den Jahren 2016, 2017 und 2018 haben sich viele <strong>chinesische Unternehmer<\/strong> bzw. <strong>Unternehmer aus anderen Drittl\u00e4ndern bei dem Verkauf von Waren \u00fcber Onlineplattformbetreiber wie AMAZON<\/strong> weder in Deutschland umsatzsteuerlich registriert noch haben sie Einfuhrumsatzsteuer in Deutschland abgef\u00fchrt.<\/p>\n<p style=\"text-align: left;\">Experten sch\u00e4tzen den <strong>Schaden<\/strong> durch <strong>nicht gezahlte Einfuhrumsatzsteuer<\/strong> aus dem China-Onlinehandel <strong>EU-weit<\/strong> auf <strong>j\u00e4hrlich f\u00fcnf Milliarden Euro<\/strong> an. In <strong>Deutschland<\/strong> d\u00fcrfte durch Importe \u00fcber Amazon und eBay ein <strong>Schaden von 800 Millionen Euro<\/strong> entstehen \u2013 und der Direkthandel aus China ist darin noch nicht einmal enthalten (vgl. <em>Das Handelsblatt, 10.8.2018, S.1<\/em>).<\/p>\n<p style=\"text-align: left;\">Als Reaktion darauf treten zum 01.01.2019 neue Gesetze (\u00a7\u00a7 22 f und 25 e UStG) in Kraft als Verhinderung von Umsatzsteuerausf\u00e4llen beim Handel mit Waren auf Internetplattformen <strong>(z.B. Amazon, eBay etc.)<\/strong><\/p>\n<p style=\"text-align: left;\">\u00a725e UStG regelt die <strong>Gef\u00e4hrdungshaftung des Betreibers eines elektronischen Marktplatzes f\u00fcr die nicht entrichtete Umsatzsteuer<\/strong> aus der Lieferung eines Unternehmers, die auf dem von ihm bereitgestellten Marktplatz rechtlich begr\u00fcndet worden ist. Danach <strong>haftet der Betreiber nur dann nicht, wenn er eine Bescheinigung der Finanzverwaltung \u00fcber die steuerliche Erfassung des Online-Unternehmers vorlegt<\/strong>.<\/p>\n<p style=\"text-align: left;\">Die <strong>Haftung<\/strong> greift in Bezug auf <strong>Drittlands-Anbieter ab dem 01.03.2019<\/strong>, f\u00fcr <strong>alle anderen<\/strong> ab <strong>dem 01.10.2019<\/strong>, (vgl. \u00a727 Abs. 25 Satz 4 UStG-E).<\/p>\n<p style=\"text-align: left;\"><strong>Hinweis<\/strong><\/p>\n<p style=\"text-align: left;\">Mehr zu dieser Thematik lesen Sie in meinem Beitrag im aktuellen <strong>DATEV-MAGAZIN 2019\/02<\/strong><\/p>\n<p style=\"text-align: left;\"><strong>Ansprechpartner:<\/strong> Konstantin Weber, Rechtsanwalt und Fachanwalt f\u00fcr Steuerrecht, Karlsruhe, Bruchsal, Rastatt, Ettlingen, Offenburg, Pforzheim, Baden-Baden, Speyer, B\u00fchl, Gaggenau, Freudenstadt, Nagold, Horb am Neckar, Rheinstetten, Bretten, Wagh\u00e4usel, Landau in der Pfalz, Germersheim, Neustadt an der Weinstra\u00dfe, Ludwigshafen am Rhein, Frankenthal (Pfalz), Ludwigshafen am Rhein, Mannheim, Schwetzingen, Heidelberg, Hockenheim, Wiesloch, Sinsheim, Mosbach, Neckargm\u00fcnd, Bad Rappenau, Eppingen, Heilbronn, Ludwigsburg, Stuttgart<\/p>\n","protected":false},"excerpt":{"rendered":"<p>Umsatzsteuer: AMAZON, eBay, ZALANDO und CO. in der Gef\u00e4hrdungshaftung seit dem 01.01.2019: In den Jahren 2016, 2017 und 2018 haben sich viele chinesische Unternehmer bzw. Unternehmer aus anderen Drittl\u00e4ndern bei dem Verkauf von Waren \u00fcber Onlineplattformbetreiber wie AMAZON weder in Deutschland umsatzsteuerlich registriert noch haben sie Einfuhrumsatzsteuer in Deutschland abgef\u00fchrt. Experten sch\u00e4tzen den Schaden durch [&hellip;]<\/p>\n","protected":false},"author":2,"featured_media":0,"comment_status":"closed","ping_status":"closed","sticky":false,"template":"","format":"standard","meta":{"footnotes":""},"categories":[1],"tags":[],"class_list":["post-686","post","type-post","status-publish","format-standard","hentry","category-newsletter"],"yoast_head":"<!-- This site is optimized with the Yoast SEO plugin v27.3 - https:\/\/yoast.com\/product\/yoast-seo-wordpress\/ -->\n<title>Umsatzsteuer AMAZON eBay ZALANDO Gef\u00e4hrdungshaftung<\/title>\n<meta name=\"description\" content=\"Umsatzsteuer AMAZON eBay ZALANDO Gef\u00e4hrdungshaftung, Umsatzsteuer, Umsatzsteuergesetz, Datev-Magazin, Karlsruhe, Ettlingen\" \/>\n<meta name=\"robots\" content=\"index, follow, max-snippet:-1, max-image-preview:large, max-video-preview:-1\" \/>\n<link rel=\"canonical\" href=\"https:\/\/www.weberlaw.de\/de\/umsatzsteuer-amazon-ebay-zalando-gefaehrdungshaftung\/\" \/>\n<meta property=\"og:locale\" content=\"de_DE\" \/>\n<meta property=\"og:type\" content=\"article\" \/>\n<meta property=\"og:title\" content=\"Umsatzsteuer AMAZON eBay ZALANDO Gef\u00e4hrdungshaftung\" \/>\n<meta property=\"og:description\" content=\"Umsatzsteuer AMAZON eBay ZALANDO Gef\u00e4hrdungshaftung, Umsatzsteuer, Umsatzsteuergesetz, Datev-Magazin, Karlsruhe, Ettlingen\" \/>\n<meta property=\"og:url\" content=\"https:\/\/www.weberlaw.de\/de\/umsatzsteuer-amazon-ebay-zalando-gefaehrdungshaftung\/\" \/>\n<meta property=\"og:site_name\" content=\"Weber | Recht &amp; Steuern\" \/>\n<meta property=\"article:published_time\" content=\"2019-04-17T16:26:04+00:00\" \/>\n<meta property=\"article:modified_time\" content=\"2026-04-01T13:36:45+00:00\" \/>\n<meta name=\"author\" content=\"Konstantin Weber\" \/>\n<meta name=\"twitter:card\" content=\"summary_large_image\" \/>\n<meta name=\"twitter:label1\" content=\"Verfasst von\" \/>\n\t<meta name=\"twitter:data1\" content=\"Konstantin Weber\" \/>\n\t<meta name=\"twitter:label2\" content=\"Gesch\u00e4tzte Lesezeit\" \/>\n\t<meta name=\"twitter:data2\" content=\"2\u00a0Minuten\" \/>\n<script type=\"application\/ld+json\" class=\"yoast-schema-graph\">{\"@context\":\"https:\\\/\\\/schema.org\",\"@graph\":[{\"@type\":\"Article\",\"@id\":\"https:\\\/\\\/www.weberlaw.de\\\/de\\\/umsatzsteuer-amazon-ebay-zalando-gefaehrdungshaftung\\\/#article\",\"isPartOf\":{\"@id\":\"https:\\\/\\\/www.weberlaw.de\\\/de\\\/umsatzsteuer-amazon-ebay-zalando-gefaehrdungshaftung\\\/\"},\"author\":{\"name\":\"Konstantin Weber\",\"@id\":\"https:\\\/\\\/www.weberlaw.de\\\/de\\\/#\\\/schema\\\/person\\\/aa3de834799230a63dfdf264ad0a9f09\"},\"headline\":\"Umsatzsteuer: AMAZON, eBay, ZALANDO und CO. in der Gef\u00e4hrdungshaftung seit dem 01.01.2019 [\u2026] \u00bb\",\"datePublished\":\"2019-04-17T16:26:04+00:00\",\"dateModified\":\"2026-04-01T13:36:45+00:00\",\"mainEntityOfPage\":{\"@id\":\"https:\\\/\\\/www.weberlaw.de\\\/de\\\/umsatzsteuer-amazon-ebay-zalando-gefaehrdungshaftung\\\/\"},\"wordCount\":290,\"publisher\":{\"@id\":\"https:\\\/\\\/www.weberlaw.de\\\/de\\\/#organization\"},\"articleSection\":[\"Newsletter\"],\"inLanguage\":\"de\"},{\"@type\":\"WebPage\",\"@id\":\"https:\\\/\\\/www.weberlaw.de\\\/de\\\/umsatzsteuer-amazon-ebay-zalando-gefaehrdungshaftung\\\/\",\"url\":\"https:\\\/\\\/www.weberlaw.de\\\/de\\\/umsatzsteuer-amazon-ebay-zalando-gefaehrdungshaftung\\\/\",\"name\":\"Umsatzsteuer AMAZON eBay ZALANDO Gef\u00e4hrdungshaftung\",\"isPartOf\":{\"@id\":\"https:\\\/\\\/www.weberlaw.de\\\/de\\\/#website\"},\"datePublished\":\"2019-04-17T16:26:04+00:00\",\"dateModified\":\"2026-04-01T13:36:45+00:00\",\"description\":\"Umsatzsteuer AMAZON eBay ZALANDO Gef\u00e4hrdungshaftung, Umsatzsteuer, Umsatzsteuergesetz, Datev-Magazin, Karlsruhe, Ettlingen\",\"breadcrumb\":{\"@id\":\"https:\\\/\\\/www.weberlaw.de\\\/de\\\/umsatzsteuer-amazon-ebay-zalando-gefaehrdungshaftung\\\/#breadcrumb\"},\"inLanguage\":\"de\",\"potentialAction\":[{\"@type\":\"ReadAction\",\"target\":[\"https:\\\/\\\/www.weberlaw.de\\\/de\\\/umsatzsteuer-amazon-ebay-zalando-gefaehrdungshaftung\\\/\"]}]},{\"@type\":\"BreadcrumbList\",\"@id\":\"https:\\\/\\\/www.weberlaw.de\\\/de\\\/umsatzsteuer-amazon-ebay-zalando-gefaehrdungshaftung\\\/#breadcrumb\",\"itemListElement\":[{\"@type\":\"ListItem\",\"position\":1,\"name\":\"Kanzlei f\u00fcr Recht &amp; Steuern\",\"item\":\"https:\\\/\\\/www.weberlaw.de\\\/de\\\/fachanwalt-fuer-steuerrecht-in-karlsruhe-ettlingen-kanzlei-weber\\\/\"},{\"@type\":\"ListItem\",\"position\":2,\"name\":\"Umsatzsteuer: AMAZON, eBay, ZALANDO und CO. in der Gef\u00e4hrdungshaftung seit dem 01.01.2019 [\u2026] \u00bb\"}]},{\"@type\":\"WebSite\",\"@id\":\"https:\\\/\\\/www.weberlaw.de\\\/de\\\/#website\",\"url\":\"https:\\\/\\\/www.weberlaw.de\\\/de\\\/\",\"name\":\"Weber | Recht &amp; Steuern\",\"description\":\"Kanzlei f\u00fcr Wirtschafts- und Steuerrecht\",\"publisher\":{\"@id\":\"https:\\\/\\\/www.weberlaw.de\\\/de\\\/#organization\"},\"potentialAction\":[{\"@type\":\"SearchAction\",\"target\":{\"@type\":\"EntryPoint\",\"urlTemplate\":\"https:\\\/\\\/www.weberlaw.de\\\/de\\\/?s={search_term_string}\"},\"query-input\":{\"@type\":\"PropertyValueSpecification\",\"valueRequired\":true,\"valueName\":\"search_term_string\"}}],\"inLanguage\":\"de\"},{\"@type\":\"Organization\",\"@id\":\"https:\\\/\\\/www.weberlaw.de\\\/de\\\/#organization\",\"name\":\"Weber Recht & Steuern Kanzlei\",\"url\":\"https:\\\/\\\/www.weberlaw.de\\\/de\\\/\",\"logo\":{\"@type\":\"ImageObject\",\"inLanguage\":\"de\",\"@id\":\"https:\\\/\\\/www.weberlaw.de\\\/de\\\/#\\\/schema\\\/logo\\\/image\\\/\",\"url\":\"https:\\\/\\\/www.weberlaw.de\\\/wp-content\\\/uploads\\\/2020\\\/05\\\/weber-recht-steuern-karlsruhe-baden-baden-3.png\",\"contentUrl\":\"https:\\\/\\\/www.weberlaw.de\\\/wp-content\\\/uploads\\\/2020\\\/05\\\/weber-recht-steuern-karlsruhe-baden-baden-3.png\",\"width\":890,\"height\":200,\"caption\":\"Weber Recht & Steuern Kanzlei\"},\"image\":{\"@id\":\"https:\\\/\\\/www.weberlaw.de\\\/de\\\/#\\\/schema\\\/logo\\\/image\\\/\"},\"sameAs\":[\"https:\\\/\\\/de.linkedin.com\\\/in\\\/konstantinweber\"]},{\"@type\":\"Person\",\"@id\":\"https:\\\/\\\/www.weberlaw.de\\\/de\\\/#\\\/schema\\\/person\\\/aa3de834799230a63dfdf264ad0a9f09\",\"name\":\"Konstantin Weber\",\"image\":{\"@type\":\"ImageObject\",\"inLanguage\":\"de\",\"@id\":\"https:\\\/\\\/secure.gravatar.com\\\/avatar\\\/c729da3aba19b03c8c704e97d38ca7d4f52fc7a904621d45b197baee2c1ce0e0?s=96&d=mm&r=g\",\"url\":\"https:\\\/\\\/secure.gravatar.com\\\/avatar\\\/c729da3aba19b03c8c704e97d38ca7d4f52fc7a904621d45b197baee2c1ce0e0?s=96&d=mm&r=g\",\"contentUrl\":\"https:\\\/\\\/secure.gravatar.com\\\/avatar\\\/c729da3aba19b03c8c704e97d38ca7d4f52fc7a904621d45b197baee2c1ce0e0?s=96&d=mm&r=g\",\"caption\":\"Konstantin Weber\"},\"description\":\"Vita Studiert in Heidelberg, Rechtsreferendariat in Karlsruhe, Stuttgart und Providence (USA) abgeschlossen, lebend und arbeitend in Karlsruhe und Baden-Baden. Verheiratet und zwei Kinder, Fachautor und Vortragender im Umsatzsteuerrecht, Steuerstrafrecht, Steuerstreitrecht und Wirtschaftsstrafrecht. Mehr Information..\"}]}<\/script>\n<!-- \/ Yoast SEO plugin. -->","yoast_head_json":{"title":"Umsatzsteuer AMAZON eBay ZALANDO Gef\u00e4hrdungshaftung","description":"Umsatzsteuer AMAZON eBay ZALANDO Gef\u00e4hrdungshaftung, Umsatzsteuer, Umsatzsteuergesetz, Datev-Magazin, Karlsruhe, Ettlingen","robots":{"index":"index","follow":"follow","max-snippet":"max-snippet:-1","max-image-preview":"max-image-preview:large","max-video-preview":"max-video-preview:-1"},"canonical":"https:\/\/www.weberlaw.de\/de\/umsatzsteuer-amazon-ebay-zalando-gefaehrdungshaftung\/","og_locale":"de_DE","og_type":"article","og_title":"Umsatzsteuer AMAZON eBay ZALANDO Gef\u00e4hrdungshaftung","og_description":"Umsatzsteuer AMAZON eBay ZALANDO Gef\u00e4hrdungshaftung, Umsatzsteuer, Umsatzsteuergesetz, Datev-Magazin, Karlsruhe, Ettlingen","og_url":"https:\/\/www.weberlaw.de\/de\/umsatzsteuer-amazon-ebay-zalando-gefaehrdungshaftung\/","og_site_name":"Weber | Recht &amp; Steuern","article_published_time":"2019-04-17T16:26:04+00:00","article_modified_time":"2026-04-01T13:36:45+00:00","author":"Konstantin Weber","twitter_card":"summary_large_image","twitter_misc":{"Verfasst von":"Konstantin Weber","Gesch\u00e4tzte Lesezeit":"2\u00a0Minuten"},"schema":{"@context":"https:\/\/schema.org","@graph":[{"@type":"Article","@id":"https:\/\/www.weberlaw.de\/de\/umsatzsteuer-amazon-ebay-zalando-gefaehrdungshaftung\/#article","isPartOf":{"@id":"https:\/\/www.weberlaw.de\/de\/umsatzsteuer-amazon-ebay-zalando-gefaehrdungshaftung\/"},"author":{"name":"Konstantin Weber","@id":"https:\/\/www.weberlaw.de\/de\/#\/schema\/person\/aa3de834799230a63dfdf264ad0a9f09"},"headline":"Umsatzsteuer: AMAZON, eBay, ZALANDO und CO. in der Gef\u00e4hrdungshaftung seit dem 01.01.2019 [\u2026] \u00bb","datePublished":"2019-04-17T16:26:04+00:00","dateModified":"2026-04-01T13:36:45+00:00","mainEntityOfPage":{"@id":"https:\/\/www.weberlaw.de\/de\/umsatzsteuer-amazon-ebay-zalando-gefaehrdungshaftung\/"},"wordCount":290,"publisher":{"@id":"https:\/\/www.weberlaw.de\/de\/#organization"},"articleSection":["Newsletter"],"inLanguage":"de"},{"@type":"WebPage","@id":"https:\/\/www.weberlaw.de\/de\/umsatzsteuer-amazon-ebay-zalando-gefaehrdungshaftung\/","url":"https:\/\/www.weberlaw.de\/de\/umsatzsteuer-amazon-ebay-zalando-gefaehrdungshaftung\/","name":"Umsatzsteuer AMAZON eBay ZALANDO Gef\u00e4hrdungshaftung","isPartOf":{"@id":"https:\/\/www.weberlaw.de\/de\/#website"},"datePublished":"2019-04-17T16:26:04+00:00","dateModified":"2026-04-01T13:36:45+00:00","description":"Umsatzsteuer AMAZON eBay ZALANDO Gef\u00e4hrdungshaftung, Umsatzsteuer, Umsatzsteuergesetz, Datev-Magazin, Karlsruhe, Ettlingen","breadcrumb":{"@id":"https:\/\/www.weberlaw.de\/de\/umsatzsteuer-amazon-ebay-zalando-gefaehrdungshaftung\/#breadcrumb"},"inLanguage":"de","potentialAction":[{"@type":"ReadAction","target":["https:\/\/www.weberlaw.de\/de\/umsatzsteuer-amazon-ebay-zalando-gefaehrdungshaftung\/"]}]},{"@type":"BreadcrumbList","@id":"https:\/\/www.weberlaw.de\/de\/umsatzsteuer-amazon-ebay-zalando-gefaehrdungshaftung\/#breadcrumb","itemListElement":[{"@type":"ListItem","position":1,"name":"Kanzlei f\u00fcr Recht &amp; Steuern","item":"https:\/\/www.weberlaw.de\/de\/fachanwalt-fuer-steuerrecht-in-karlsruhe-ettlingen-kanzlei-weber\/"},{"@type":"ListItem","position":2,"name":"Umsatzsteuer: AMAZON, eBay, ZALANDO und CO. in der Gef\u00e4hrdungshaftung seit dem 01.01.2019 [\u2026] \u00bb"}]},{"@type":"WebSite","@id":"https:\/\/www.weberlaw.de\/de\/#website","url":"https:\/\/www.weberlaw.de\/de\/","name":"Weber | Recht &amp; Steuern","description":"Kanzlei f\u00fcr Wirtschafts- und Steuerrecht","publisher":{"@id":"https:\/\/www.weberlaw.de\/de\/#organization"},"potentialAction":[{"@type":"SearchAction","target":{"@type":"EntryPoint","urlTemplate":"https:\/\/www.weberlaw.de\/de\/?s={search_term_string}"},"query-input":{"@type":"PropertyValueSpecification","valueRequired":true,"valueName":"search_term_string"}}],"inLanguage":"de"},{"@type":"Organization","@id":"https:\/\/www.weberlaw.de\/de\/#organization","name":"Weber Recht & Steuern Kanzlei","url":"https:\/\/www.weberlaw.de\/de\/","logo":{"@type":"ImageObject","inLanguage":"de","@id":"https:\/\/www.weberlaw.de\/de\/#\/schema\/logo\/image\/","url":"https:\/\/www.weberlaw.de\/wp-content\/uploads\/2020\/05\/weber-recht-steuern-karlsruhe-baden-baden-3.png","contentUrl":"https:\/\/www.weberlaw.de\/wp-content\/uploads\/2020\/05\/weber-recht-steuern-karlsruhe-baden-baden-3.png","width":890,"height":200,"caption":"Weber Recht & Steuern Kanzlei"},"image":{"@id":"https:\/\/www.weberlaw.de\/de\/#\/schema\/logo\/image\/"},"sameAs":["https:\/\/de.linkedin.com\/in\/konstantinweber"]},{"@type":"Person","@id":"https:\/\/www.weberlaw.de\/de\/#\/schema\/person\/aa3de834799230a63dfdf264ad0a9f09","name":"Konstantin Weber","image":{"@type":"ImageObject","inLanguage":"de","@id":"https:\/\/secure.gravatar.com\/avatar\/c729da3aba19b03c8c704e97d38ca7d4f52fc7a904621d45b197baee2c1ce0e0?s=96&d=mm&r=g","url":"https:\/\/secure.gravatar.com\/avatar\/c729da3aba19b03c8c704e97d38ca7d4f52fc7a904621d45b197baee2c1ce0e0?s=96&d=mm&r=g","contentUrl":"https:\/\/secure.gravatar.com\/avatar\/c729da3aba19b03c8c704e97d38ca7d4f52fc7a904621d45b197baee2c1ce0e0?s=96&d=mm&r=g","caption":"Konstantin Weber"},"description":"Vita Studiert in Heidelberg, Rechtsreferendariat in Karlsruhe, Stuttgart und Providence (USA) abgeschlossen, lebend und arbeitend in Karlsruhe und Baden-Baden. Verheiratet und zwei Kinder, Fachautor und Vortragender im Umsatzsteuerrecht, Steuerstrafrecht, Steuerstreitrecht und Wirtschaftsstrafrecht. Mehr Information.."}]}},"_links":{"self":[{"href":"https:\/\/www.weberlaw.de\/de\/wp-json\/wp\/v2\/posts\/686","targetHints":{"allow":["GET"]}}],"collection":[{"href":"https:\/\/www.weberlaw.de\/de\/wp-json\/wp\/v2\/posts"}],"about":[{"href":"https:\/\/www.weberlaw.de\/de\/wp-json\/wp\/v2\/types\/post"}],"author":[{"embeddable":true,"href":"https:\/\/www.weberlaw.de\/de\/wp-json\/wp\/v2\/users\/2"}],"replies":[{"embeddable":true,"href":"https:\/\/www.weberlaw.de\/de\/wp-json\/wp\/v2\/comments?post=686"}],"version-history":[{"count":3,"href":"https:\/\/www.weberlaw.de\/de\/wp-json\/wp\/v2\/posts\/686\/revisions"}],"predecessor-version":[{"id":2673,"href":"https:\/\/www.weberlaw.de\/de\/wp-json\/wp\/v2\/posts\/686\/revisions\/2673"}],"wp:attachment":[{"href":"https:\/\/www.weberlaw.de\/de\/wp-json\/wp\/v2\/media?parent=686"}],"wp:term":[{"taxonomy":"category","embeddable":true,"href":"https:\/\/www.weberlaw.de\/de\/wp-json\/wp\/v2\/categories?post=686"},{"taxonomy":"post_tag","embeddable":true,"href":"https:\/\/www.weberlaw.de\/de\/wp-json\/wp\/v2\/tags?post=686"}],"curies":[{"name":"wp","href":"https:\/\/api.w.org\/{rel}","templated":true}]}}