{"id":709,"date":"2017-03-22T14:59:04","date_gmt":"2017-03-22T14:59:04","guid":{"rendered":"https:\/\/weberlaw.de\/de\/news-blog\/110-steuerstrafrecht-erstattung-von-kapitalertragsteuer-bei-cum-cum-steuergestaltungen"},"modified":"2026-04-01T14:10:38","modified_gmt":"2026-04-01T14:10:38","slug":"erstattung-kapitalertragsteuer-cum-steuergestaltungen","status":"publish","type":"post","link":"https:\/\/www.weberlaw.de\/de\/erstattung-kapitalertragsteuer-cum-steuergestaltungen\/","title":{"rendered":"Steuerstrafrecht: Erstattung von Kapitalertragsteuer bei Cum\/Cum-Steuergestaltungen [\u2026] \u00bb"},"content":{"rendered":"<h3 style=\"text-align: left;\"><strong>Bund und L\u00e4nder einig \u00fcber die steuerliche Aufarbeitung von Cum\/Cum-Gestaltungen <\/strong><strong>(Erstattung von Kapitalertragsteuer):<\/strong><\/h3>\n<div class=\"col-main\" style=\"text-align: left;\">\n<div class=\"news-view\">\n<div><\/div>\n<div class=\"news-short-description\">Bund und L\u00e4nder haben sich einvernehmlich auf Kriterien zur steuerlichen Aufarbeitung vergangener Cum\/Cum-Gestaltungen verst\u00e4ndigt.<\/div>\n<div><\/div>\n<div class=\"news-short-description\">Die Finanz\u00e4mter der L\u00e4nder sollen damit fl\u00e4chendeckend und nach einheitlichen Kriterien Cum\/Cum-Transaktionen aufgreifen k\u00f6nnen, die vor der Gesetzes\u00e4nderung bis zum 31.12.2015 durchgef\u00fchrt wurden.<\/div>\n<div><\/div>\n<div class=\"news-short-description\">Die unrechtm\u00e4\u00dfige Anrechnung bzw. Erstattung von Kapitalertragsteuer soll auf diesem Wege verhindert werden.<\/div>\n<div class=\"news-description\">\n<p>Bei Cum\/Cum-Transaktionen wurden Aktien vor dem Dividendenstichtag von einem ausl\u00e4ndischen Anteilseigner mit dem Ziel der missbr\u00e4uchlichen Steuergestaltung auf eine inl\u00e4ndische Bank \u00fcbertragen und nach dem Dividendenstichtag einschlie\u00dflich Dividende zur\u00fcckerworben.<\/p>\n<p>Die inl\u00e4ndische Bank hat sich die auf die Dividende abzuf\u00fchrende Kapitalertragsteuer anrechnen lassen und die Steuerersparnis mit dem ausl\u00e4ndischen Eigner geteilt.<\/p>\n<p>Seit dem 1.1.2016 sind Cum\/Cum-Steuergestaltungen gesetzlich \u00fcber \u00a7 36a Einkommensteuergesetz (EStG) die Grundlage entzogen.<\/p>\n<p>Eine Anrechnung von Kapitalertragsteuer wird seitdem nur noch gew\u00e4hrt, wenn ein Aktienerwerber w\u00e4hrend eines Zeitraumes von 91 Tagen um den Dividendenstichtag die Aktie mindestens 45 Tage gehalten und dabei ein erhebliches Kursrisiko getragen hat.<\/p>\n<p>Zur Umsetzung des nun gefassten Beschlusses wird ein weiteres BMF-Schreiben vorbereitet. Das bestehende BMF-Schreiben vom 11.11.2016 zur wirtschaftlichen Zurechnung bei Wertpapiergesch\u00e4ften beh\u00e4lt G\u00fcltigkeit.<\/p>\n<\/div>\n<div class=\"news-source\"><strong>Quelle: BMF-Pressemitteilung Nr. 9 vom 07.03.2017<\/strong><\/div>\n<\/div>\n<\/div>\n<div style=\"text-align: left;\"><\/div>\n<div style=\"text-align: left;\">Rechtsanwalt und Fachanwalt f\u00fcr Steuerrecht Konstantin Weber, Karlsruhe, Bruchsal, Rastatt, Ettlingen, Offenburg, Pforzheim, Baden-Baden, Speyer, B\u00fchl, Gaggenau, Freudenstadt, Nagold, Horb am Neckar, Rheinstetten, Bretten, Wagh\u00e4usel, Landau in der Pfalz, Germersheim, Neustadt an der Weinstra\u00dfe, Ludwigshafen am Rhein, Frankenthal (Pfalz), Ludwigshafen am Rhein, Mannheim, Schwetzingen, Heidelberg, Hockenheim, Wiesloch, Sinsheim, Mosbach, Neckargm\u00fcnd, Bad Rappenau, Eppingen, Heilbronn, Ludwigsburg, Stuttgart.<\/div>\n<div><\/div>\n<div>F\u00fcr ein pers\u00f6nliches Gespr\u00e4ch oder bei akuten Fragestellungen k\u00f6nnen Sie jederzeit mit uns\u00a0<span tabindex=\"0\" role=\"button\" data-url=\"https:\/\/www.weberlaw.de\/de\/kontakt-weber-i-recht-steuern-kanzlei-ettlingen-karlsruhe\/\" aria-label=\"Kontaktformular, dadurch gelangen Sie zu www.weberlaw.de\"><strong><a href=\"https:\/\/www.weberlaw.de\/de\/kontakt-weber-i-recht-steuern-kanzlei-ettlingen-karlsruhe\/\">Kontakt<\/a><\/strong>\u00a0 oder per E-Mail:\u00a0<a href=\"mailto:kw@weberlaw.de\"><strong>kw@weberlaw.de<\/strong><\/a>\u00a0aufnehmen<\/span>.<\/div>\n","protected":false},"excerpt":{"rendered":"<p>Bund und L\u00e4nder einig \u00fcber die steuerliche Aufarbeitung von Cum\/Cum-Gestaltungen (Erstattung von Kapitalertragsteuer): Bund und L\u00e4nder haben sich einvernehmlich auf Kriterien zur steuerlichen Aufarbeitung vergangener Cum\/Cum-Gestaltungen verst\u00e4ndigt. Die Finanz\u00e4mter der L\u00e4nder sollen damit fl\u00e4chendeckend und nach einheitlichen Kriterien Cum\/Cum-Transaktionen aufgreifen k\u00f6nnen, die vor der Gesetzes\u00e4nderung bis zum 31.12.2015 durchgef\u00fchrt wurden. Die unrechtm\u00e4\u00dfige Anrechnung bzw. Erstattung [&hellip;]<\/p>\n","protected":false},"author":2,"featured_media":0,"comment_status":"closed","ping_status":"closed","sticky":false,"template":"","format":"standard","meta":{"footnotes":""},"categories":[1],"tags":[],"class_list":["post-709","post","type-post","status-publish","format-standard","hentry","category-newsletter"],"yoast_head":"<!-- This site is optimized with the Yoast SEO plugin v27.3 - https:\/\/yoast.com\/product\/yoast-seo-wordpress\/ -->\n<title>Erstattung Kapitalertragsteuer Cum-Steuergestaltungen<\/title>\n<meta name=\"description\" content=\"Erstattung Kapitalertragsteuer Cum-Steuergestaltungen, Cum\/Cum-Steuergestaltungen, Steuerstrafrecht, steuerliche Aufarbeitung\" \/>\n<meta name=\"robots\" content=\"index, follow, max-snippet:-1, max-image-preview:large, max-video-preview:-1\" \/>\n<link rel=\"canonical\" href=\"https:\/\/www.weberlaw.de\/de\/erstattung-kapitalertragsteuer-cum-steuergestaltungen\/\" \/>\n<meta property=\"og:locale\" content=\"de_DE\" \/>\n<meta property=\"og:type\" content=\"article\" \/>\n<meta property=\"og:title\" content=\"Erstattung Kapitalertragsteuer Cum-Steuergestaltungen\" \/>\n<meta property=\"og:description\" content=\"Erstattung Kapitalertragsteuer Cum-Steuergestaltungen, Cum\/Cum-Steuergestaltungen, Steuerstrafrecht, steuerliche Aufarbeitung\" \/>\n<meta property=\"og:url\" content=\"https:\/\/www.weberlaw.de\/de\/erstattung-kapitalertragsteuer-cum-steuergestaltungen\/\" \/>\n<meta property=\"og:site_name\" content=\"Weber | Recht &amp; Steuern\" \/>\n<meta property=\"article:published_time\" content=\"2017-03-22T14:59:04+00:00\" \/>\n<meta property=\"article:modified_time\" content=\"2026-04-01T14:10:38+00:00\" \/>\n<meta name=\"author\" content=\"Konstantin Weber\" \/>\n<meta name=\"twitter:card\" content=\"summary_large_image\" \/>\n<meta name=\"twitter:label1\" content=\"Verfasst von\" \/>\n\t<meta name=\"twitter:data1\" content=\"Konstantin Weber\" \/>\n\t<meta name=\"twitter:label2\" content=\"Gesch\u00e4tzte Lesezeit\" \/>\n\t<meta name=\"twitter:data2\" content=\"2\u00a0Minuten\" \/>\n<script type=\"application\/ld+json\" class=\"yoast-schema-graph\">{\"@context\":\"https:\\\/\\\/schema.org\",\"@graph\":[{\"@type\":\"Article\",\"@id\":\"https:\\\/\\\/www.weberlaw.de\\\/de\\\/erstattung-kapitalertragsteuer-cum-steuergestaltungen\\\/#article\",\"isPartOf\":{\"@id\":\"https:\\\/\\\/www.weberlaw.de\\\/de\\\/erstattung-kapitalertragsteuer-cum-steuergestaltungen\\\/\"},\"author\":{\"name\":\"Konstantin Weber\",\"@id\":\"https:\\\/\\\/www.weberlaw.de\\\/de\\\/#\\\/schema\\\/person\\\/aa3de834799230a63dfdf264ad0a9f09\"},\"headline\":\"Steuerstrafrecht: Erstattung von Kapitalertragsteuer bei Cum\\\/Cum-Steuergestaltungen [\u2026] \u00bb\",\"datePublished\":\"2017-03-22T14:59:04+00:00\",\"dateModified\":\"2026-04-01T14:10:38+00:00\",\"mainEntityOfPage\":{\"@id\":\"https:\\\/\\\/www.weberlaw.de\\\/de\\\/erstattung-kapitalertragsteuer-cum-steuergestaltungen\\\/\"},\"wordCount\":303,\"publisher\":{\"@id\":\"https:\\\/\\\/www.weberlaw.de\\\/de\\\/#organization\"},\"articleSection\":[\"Newsletter\"],\"inLanguage\":\"de\"},{\"@type\":\"WebPage\",\"@id\":\"https:\\\/\\\/www.weberlaw.de\\\/de\\\/erstattung-kapitalertragsteuer-cum-steuergestaltungen\\\/\",\"url\":\"https:\\\/\\\/www.weberlaw.de\\\/de\\\/erstattung-kapitalertragsteuer-cum-steuergestaltungen\\\/\",\"name\":\"Erstattung Kapitalertragsteuer Cum-Steuergestaltungen\",\"isPartOf\":{\"@id\":\"https:\\\/\\\/www.weberlaw.de\\\/de\\\/#website\"},\"datePublished\":\"2017-03-22T14:59:04+00:00\",\"dateModified\":\"2026-04-01T14:10:38+00:00\",\"description\":\"Erstattung Kapitalertragsteuer Cum-Steuergestaltungen, Cum\\\/Cum-Steuergestaltungen, Steuerstrafrecht, steuerliche Aufarbeitung\",\"breadcrumb\":{\"@id\":\"https:\\\/\\\/www.weberlaw.de\\\/de\\\/erstattung-kapitalertragsteuer-cum-steuergestaltungen\\\/#breadcrumb\"},\"inLanguage\":\"de\",\"potentialAction\":[{\"@type\":\"ReadAction\",\"target\":[\"https:\\\/\\\/www.weberlaw.de\\\/de\\\/erstattung-kapitalertragsteuer-cum-steuergestaltungen\\\/\"]}]},{\"@type\":\"BreadcrumbList\",\"@id\":\"https:\\\/\\\/www.weberlaw.de\\\/de\\\/erstattung-kapitalertragsteuer-cum-steuergestaltungen\\\/#breadcrumb\",\"itemListElement\":[{\"@type\":\"ListItem\",\"position\":1,\"name\":\"Kanzlei f\u00fcr Recht &amp; Steuern\",\"item\":\"https:\\\/\\\/www.weberlaw.de\\\/de\\\/fachanwalt-fuer-steuerrecht-in-karlsruhe-ettlingen-kanzlei-weber\\\/\"},{\"@type\":\"ListItem\",\"position\":2,\"name\":\"Steuerstrafrecht: Erstattung von Kapitalertragsteuer bei Cum\\\/Cum-Steuergestaltungen [\u2026] \u00bb\"}]},{\"@type\":\"WebSite\",\"@id\":\"https:\\\/\\\/www.weberlaw.de\\\/de\\\/#website\",\"url\":\"https:\\\/\\\/www.weberlaw.de\\\/de\\\/\",\"name\":\"Weber | Recht &amp; Steuern\",\"description\":\"Kanzlei f\u00fcr Wirtschafts- und Steuerrecht\",\"publisher\":{\"@id\":\"https:\\\/\\\/www.weberlaw.de\\\/de\\\/#organization\"},\"potentialAction\":[{\"@type\":\"SearchAction\",\"target\":{\"@type\":\"EntryPoint\",\"urlTemplate\":\"https:\\\/\\\/www.weberlaw.de\\\/de\\\/?s={search_term_string}\"},\"query-input\":{\"@type\":\"PropertyValueSpecification\",\"valueRequired\":true,\"valueName\":\"search_term_string\"}}],\"inLanguage\":\"de\"},{\"@type\":\"Organization\",\"@id\":\"https:\\\/\\\/www.weberlaw.de\\\/de\\\/#organization\",\"name\":\"Weber Recht & Steuern Kanzlei\",\"url\":\"https:\\\/\\\/www.weberlaw.de\\\/de\\\/\",\"logo\":{\"@type\":\"ImageObject\",\"inLanguage\":\"de\",\"@id\":\"https:\\\/\\\/www.weberlaw.de\\\/de\\\/#\\\/schema\\\/logo\\\/image\\\/\",\"url\":\"https:\\\/\\\/www.weberlaw.de\\\/wp-content\\\/uploads\\\/2020\\\/05\\\/weber-recht-steuern-karlsruhe-baden-baden-3.png\",\"contentUrl\":\"https:\\\/\\\/www.weberlaw.de\\\/wp-content\\\/uploads\\\/2020\\\/05\\\/weber-recht-steuern-karlsruhe-baden-baden-3.png\",\"width\":890,\"height\":200,\"caption\":\"Weber Recht & Steuern Kanzlei\"},\"image\":{\"@id\":\"https:\\\/\\\/www.weberlaw.de\\\/de\\\/#\\\/schema\\\/logo\\\/image\\\/\"},\"sameAs\":[\"https:\\\/\\\/de.linkedin.com\\\/in\\\/konstantinweber\"]},{\"@type\":\"Person\",\"@id\":\"https:\\\/\\\/www.weberlaw.de\\\/de\\\/#\\\/schema\\\/person\\\/aa3de834799230a63dfdf264ad0a9f09\",\"name\":\"Konstantin Weber\",\"image\":{\"@type\":\"ImageObject\",\"inLanguage\":\"de\",\"@id\":\"https:\\\/\\\/secure.gravatar.com\\\/avatar\\\/c729da3aba19b03c8c704e97d38ca7d4f52fc7a904621d45b197baee2c1ce0e0?s=96&d=mm&r=g\",\"url\":\"https:\\\/\\\/secure.gravatar.com\\\/avatar\\\/c729da3aba19b03c8c704e97d38ca7d4f52fc7a904621d45b197baee2c1ce0e0?s=96&d=mm&r=g\",\"contentUrl\":\"https:\\\/\\\/secure.gravatar.com\\\/avatar\\\/c729da3aba19b03c8c704e97d38ca7d4f52fc7a904621d45b197baee2c1ce0e0?s=96&d=mm&r=g\",\"caption\":\"Konstantin Weber\"},\"description\":\"Vita Studiert in Heidelberg, Rechtsreferendariat in Karlsruhe, Stuttgart und Providence (USA) abgeschlossen, lebend und arbeitend in Karlsruhe und Baden-Baden. Verheiratet und zwei Kinder, Fachautor und Vortragender im Umsatzsteuerrecht, Steuerstrafrecht, Steuerstreitrecht und Wirtschaftsstrafrecht. Mehr Information..\"}]}<\/script>\n<!-- \/ Yoast SEO plugin. -->","yoast_head_json":{"title":"Erstattung Kapitalertragsteuer Cum-Steuergestaltungen","description":"Erstattung Kapitalertragsteuer Cum-Steuergestaltungen, Cum\/Cum-Steuergestaltungen, Steuerstrafrecht, steuerliche Aufarbeitung","robots":{"index":"index","follow":"follow","max-snippet":"max-snippet:-1","max-image-preview":"max-image-preview:large","max-video-preview":"max-video-preview:-1"},"canonical":"https:\/\/www.weberlaw.de\/de\/erstattung-kapitalertragsteuer-cum-steuergestaltungen\/","og_locale":"de_DE","og_type":"article","og_title":"Erstattung Kapitalertragsteuer Cum-Steuergestaltungen","og_description":"Erstattung Kapitalertragsteuer Cum-Steuergestaltungen, Cum\/Cum-Steuergestaltungen, Steuerstrafrecht, steuerliche Aufarbeitung","og_url":"https:\/\/www.weberlaw.de\/de\/erstattung-kapitalertragsteuer-cum-steuergestaltungen\/","og_site_name":"Weber | Recht &amp; Steuern","article_published_time":"2017-03-22T14:59:04+00:00","article_modified_time":"2026-04-01T14:10:38+00:00","author":"Konstantin Weber","twitter_card":"summary_large_image","twitter_misc":{"Verfasst von":"Konstantin Weber","Gesch\u00e4tzte Lesezeit":"2\u00a0Minuten"},"schema":{"@context":"https:\/\/schema.org","@graph":[{"@type":"Article","@id":"https:\/\/www.weberlaw.de\/de\/erstattung-kapitalertragsteuer-cum-steuergestaltungen\/#article","isPartOf":{"@id":"https:\/\/www.weberlaw.de\/de\/erstattung-kapitalertragsteuer-cum-steuergestaltungen\/"},"author":{"name":"Konstantin Weber","@id":"https:\/\/www.weberlaw.de\/de\/#\/schema\/person\/aa3de834799230a63dfdf264ad0a9f09"},"headline":"Steuerstrafrecht: Erstattung von Kapitalertragsteuer bei Cum\/Cum-Steuergestaltungen [\u2026] \u00bb","datePublished":"2017-03-22T14:59:04+00:00","dateModified":"2026-04-01T14:10:38+00:00","mainEntityOfPage":{"@id":"https:\/\/www.weberlaw.de\/de\/erstattung-kapitalertragsteuer-cum-steuergestaltungen\/"},"wordCount":303,"publisher":{"@id":"https:\/\/www.weberlaw.de\/de\/#organization"},"articleSection":["Newsletter"],"inLanguage":"de"},{"@type":"WebPage","@id":"https:\/\/www.weberlaw.de\/de\/erstattung-kapitalertragsteuer-cum-steuergestaltungen\/","url":"https:\/\/www.weberlaw.de\/de\/erstattung-kapitalertragsteuer-cum-steuergestaltungen\/","name":"Erstattung Kapitalertragsteuer Cum-Steuergestaltungen","isPartOf":{"@id":"https:\/\/www.weberlaw.de\/de\/#website"},"datePublished":"2017-03-22T14:59:04+00:00","dateModified":"2026-04-01T14:10:38+00:00","description":"Erstattung Kapitalertragsteuer Cum-Steuergestaltungen, Cum\/Cum-Steuergestaltungen, Steuerstrafrecht, steuerliche Aufarbeitung","breadcrumb":{"@id":"https:\/\/www.weberlaw.de\/de\/erstattung-kapitalertragsteuer-cum-steuergestaltungen\/#breadcrumb"},"inLanguage":"de","potentialAction":[{"@type":"ReadAction","target":["https:\/\/www.weberlaw.de\/de\/erstattung-kapitalertragsteuer-cum-steuergestaltungen\/"]}]},{"@type":"BreadcrumbList","@id":"https:\/\/www.weberlaw.de\/de\/erstattung-kapitalertragsteuer-cum-steuergestaltungen\/#breadcrumb","itemListElement":[{"@type":"ListItem","position":1,"name":"Kanzlei f\u00fcr Recht &amp; Steuern","item":"https:\/\/www.weberlaw.de\/de\/fachanwalt-fuer-steuerrecht-in-karlsruhe-ettlingen-kanzlei-weber\/"},{"@type":"ListItem","position":2,"name":"Steuerstrafrecht: Erstattung von Kapitalertragsteuer bei Cum\/Cum-Steuergestaltungen [\u2026] \u00bb"}]},{"@type":"WebSite","@id":"https:\/\/www.weberlaw.de\/de\/#website","url":"https:\/\/www.weberlaw.de\/de\/","name":"Weber | Recht &amp; Steuern","description":"Kanzlei f\u00fcr Wirtschafts- und Steuerrecht","publisher":{"@id":"https:\/\/www.weberlaw.de\/de\/#organization"},"potentialAction":[{"@type":"SearchAction","target":{"@type":"EntryPoint","urlTemplate":"https:\/\/www.weberlaw.de\/de\/?s={search_term_string}"},"query-input":{"@type":"PropertyValueSpecification","valueRequired":true,"valueName":"search_term_string"}}],"inLanguage":"de"},{"@type":"Organization","@id":"https:\/\/www.weberlaw.de\/de\/#organization","name":"Weber Recht & Steuern Kanzlei","url":"https:\/\/www.weberlaw.de\/de\/","logo":{"@type":"ImageObject","inLanguage":"de","@id":"https:\/\/www.weberlaw.de\/de\/#\/schema\/logo\/image\/","url":"https:\/\/www.weberlaw.de\/wp-content\/uploads\/2020\/05\/weber-recht-steuern-karlsruhe-baden-baden-3.png","contentUrl":"https:\/\/www.weberlaw.de\/wp-content\/uploads\/2020\/05\/weber-recht-steuern-karlsruhe-baden-baden-3.png","width":890,"height":200,"caption":"Weber Recht & Steuern Kanzlei"},"image":{"@id":"https:\/\/www.weberlaw.de\/de\/#\/schema\/logo\/image\/"},"sameAs":["https:\/\/de.linkedin.com\/in\/konstantinweber"]},{"@type":"Person","@id":"https:\/\/www.weberlaw.de\/de\/#\/schema\/person\/aa3de834799230a63dfdf264ad0a9f09","name":"Konstantin Weber","image":{"@type":"ImageObject","inLanguage":"de","@id":"https:\/\/secure.gravatar.com\/avatar\/c729da3aba19b03c8c704e97d38ca7d4f52fc7a904621d45b197baee2c1ce0e0?s=96&d=mm&r=g","url":"https:\/\/secure.gravatar.com\/avatar\/c729da3aba19b03c8c704e97d38ca7d4f52fc7a904621d45b197baee2c1ce0e0?s=96&d=mm&r=g","contentUrl":"https:\/\/secure.gravatar.com\/avatar\/c729da3aba19b03c8c704e97d38ca7d4f52fc7a904621d45b197baee2c1ce0e0?s=96&d=mm&r=g","caption":"Konstantin Weber"},"description":"Vita Studiert in Heidelberg, Rechtsreferendariat in Karlsruhe, Stuttgart und Providence (USA) abgeschlossen, lebend und arbeitend in Karlsruhe und Baden-Baden. Verheiratet und zwei Kinder, Fachautor und Vortragender im Umsatzsteuerrecht, Steuerstrafrecht, Steuerstreitrecht und Wirtschaftsstrafrecht. Mehr Information.."}]}},"_links":{"self":[{"href":"https:\/\/www.weberlaw.de\/de\/wp-json\/wp\/v2\/posts\/709","targetHints":{"allow":["GET"]}}],"collection":[{"href":"https:\/\/www.weberlaw.de\/de\/wp-json\/wp\/v2\/posts"}],"about":[{"href":"https:\/\/www.weberlaw.de\/de\/wp-json\/wp\/v2\/types\/post"}],"author":[{"embeddable":true,"href":"https:\/\/www.weberlaw.de\/de\/wp-json\/wp\/v2\/users\/2"}],"replies":[{"embeddable":true,"href":"https:\/\/www.weberlaw.de\/de\/wp-json\/wp\/v2\/comments?post=709"}],"version-history":[{"count":8,"href":"https:\/\/www.weberlaw.de\/de\/wp-json\/wp\/v2\/posts\/709\/revisions"}],"predecessor-version":[{"id":2695,"href":"https:\/\/www.weberlaw.de\/de\/wp-json\/wp\/v2\/posts\/709\/revisions\/2695"}],"wp:attachment":[{"href":"https:\/\/www.weberlaw.de\/de\/wp-json\/wp\/v2\/media?parent=709"}],"wp:term":[{"taxonomy":"category","embeddable":true,"href":"https:\/\/www.weberlaw.de\/de\/wp-json\/wp\/v2\/categories?post=709"},{"taxonomy":"post_tag","embeddable":true,"href":"https:\/\/www.weberlaw.de\/de\/wp-json\/wp\/v2\/tags?post=709"}],"curies":[{"name":"wp","href":"https:\/\/api.w.org\/{rel}","templated":true}]}}