{"id":790,"date":"2020-07-20T11:28:47","date_gmt":"2020-07-20T11:28:47","guid":{"rendered":"https:\/\/www.weberlaw.de\/?p=790"},"modified":"2026-04-01T11:23:41","modified_gmt":"2026-04-01T11:23:41","slug":"statistik-der-finanzkontrolle-schwarzarbeit-fks-im-jahr-2019","status":"publish","type":"post","link":"https:\/\/www.weberlaw.de\/de\/statistik-der-finanzkontrolle-schwarzarbeit-fks-im-jahr-2019\/","title":{"rendered":"Statistik der Finanzkontrolle Schwarzarbeit (FKS) im Jahr 2019"},"content":{"rendered":"<p style=\"text-align: left;\"><strong>Statistik der Finanzkontrolle Schwarzarbeit (FKS) im Jahr 2019:<\/strong><\/p>\n<p style=\"text-align: left;\">Im Jahr 2019 wurden insgesamt 54.733 (2018: 53.491) Arbeitgeber von der FKS gepr\u00fcft.<\/p>\n<p style=\"text-align: left;\">Die FKS hat im Jahr 2019 insgesamt 146.296 (2018: 139.470) Ermittlungsverfahren eingeleitet, davon 3.010 wegen Nichtgew\u00e4hrung des gesetzlichen Mindestlohns nach dem MiLoG (2018: 2.740), 1.866 wegen Nichtgew\u00e4hrung branchenspezifischer Mindestl\u00f6hne nach dem AEntG (2018: 1.732) und 97 wegen Versto\u00dfes gegen die Lohnuntergrenze nach dem A\u00dcG (2018: 101).<\/p>\n<p style=\"text-align: left;\">Festgesetzt wurden im Jahr 2019 Geldbu\u00dfen in H\u00f6he von insgesamt 57,4 Mio. Euro (2018: 49,3 Mio. Euro), davon 9,5 Mio. Euro wegen Nichtgew\u00e4hrung desgesetzlichen Mindestlohns nach dem MiLoG (2018: 6,8 Mio. Euro), 17,2 Mio. Euro wegen Nichtgew\u00e4hrung branchenspezifischer Mindestl\u00f6hne nach dem AEntG (2018: 20,6 Mio. Euro) und 0,4 Mio. Euro wegen Verst\u00f6\u00dfen gegen die Lohnuntergrenze nach dem A\u00dcG (2018: 0,3 Mio. Euro).<\/p>\n<p style=\"text-align: left;\">Aufgrund des Verdachts auf Vorenthaltung und Veruntreuung von Arbeitsentgelt nach \u00a7 266a StGB wurden in der Arbeitsstatistik der FKS im Jahr 2019 insgesamt 16.441 (2018: 15.888) abgeschlossene Ermittlungsverfahren erfasst. Auf Basis der R\u00fcckmeldungen der Landesjustizverwaltungen an die FKS zu Verurteilungen nach \u00a7 266a StGB, wurden im Jahr 2019 Geldstrafen insgesamt in einer H\u00f6he von 36,6 Mio. Euro (2018: 8,2 Mio. Euro) und Freiheitsstrafen von insgesamt 1.891 Jahren (2018: 707 Jahre) verh\u00e4ngt.<\/p>\n<p style=\"text-align: left;\"><strong>Quelle: Antwort der Bundesregierung (Drucksache 19\/18583) auf die Kleine Anfrage der Fraktion B\u00fcndnis 90\/Die Gr\u00fcnen (Drucksache 19\/17481).<\/strong><\/p>\n<p style=\"text-align: left;\">In diesem Zusammenhang verweise ich auf meinen neulich erschienen Aufsatz, der die rechtliche St\u00e4rkung der FKS im Fokus hat: Rechtliche St\u00e4rkung der Finanzkontrolle in NWB (Steuer- und Wirtschaftsrecht) Nr. 21\/2020 (S.1575-1579) <a href=\"https:\/\/datenbank.nwb.de\/Zeitschriften\/Ausgabe\/7KT54KUPEH\/2020\/21\">https:\/\/datenbank.nwb.de\/Zeitschriften\/Ausgabe\/7KT54KUPEH\/2020\/21<\/a><\/p>\n<p style=\"text-align: left;\">Kontakt: <a href=\"https:\/\/www.weberlaw.de\/de\/\">www.weberlaw.de<\/a><\/p>\n","protected":false},"excerpt":{"rendered":"<p>Statistik der Finanzkontrolle Schwarzarbeit (FKS) im Jahr 2019: Im Jahr 2019 wurden insgesamt 54.733 (2018: 53.491) Arbeitgeber von der FKS gepr\u00fcft. Die FKS hat im Jahr 2019 insgesamt 146.296 (2018: 139.470) Ermittlungsverfahren eingeleitet, davon 3.010 wegen Nichtgew\u00e4hrung des gesetzlichen Mindestlohns nach dem MiLoG (2018: 2.740), 1.866 wegen Nichtgew\u00e4hrung branchenspezifischer Mindestl\u00f6hne nach dem AEntG (2018: 1.732) [&hellip;]<\/p>\n","protected":false},"author":2,"featured_media":0,"comment_status":"closed","ping_status":"closed","sticky":false,"template":"","format":"standard","meta":{"footnotes":""},"categories":[1],"tags":[],"class_list":["post-790","post","type-post","status-publish","format-standard","hentry","category-newsletter"],"yoast_head":"<!-- This site is optimized with the Yoast SEO plugin v27.3 - https:\/\/yoast.com\/product\/yoast-seo-wordpress\/ -->\n<title>Statistik der Finanzkontrolle Schwarzarbeit (FKS)<\/title>\n<meta name=\"description\" content=\"Statistik der Finanzkontrolle Schwarzarbeit (FKS)\" \/>\n<meta name=\"robots\" content=\"index, follow, max-snippet:-1, max-image-preview:large, max-video-preview:-1\" \/>\n<link rel=\"canonical\" href=\"https:\/\/www.weberlaw.de\/de\/statistik-der-finanzkontrolle-schwarzarbeit-fks-im-jahr-2019\/\" \/>\n<meta property=\"og:locale\" content=\"de_DE\" \/>\n<meta property=\"og:type\" content=\"article\" \/>\n<meta property=\"og:title\" content=\"Statistik der Finanzkontrolle Schwarzarbeit (FKS)\" \/>\n<meta property=\"og:description\" content=\"Statistik der Finanzkontrolle Schwarzarbeit (FKS)\" \/>\n<meta property=\"og:url\" content=\"https:\/\/www.weberlaw.de\/de\/statistik-der-finanzkontrolle-schwarzarbeit-fks-im-jahr-2019\/\" \/>\n<meta property=\"og:site_name\" content=\"Weber | Recht &amp; Steuern\" \/>\n<meta property=\"article:published_time\" content=\"2020-07-20T11:28:47+00:00\" \/>\n<meta property=\"article:modified_time\" content=\"2026-04-01T11:23:41+00:00\" \/>\n<meta name=\"author\" content=\"Konstantin Weber\" \/>\n<meta name=\"twitter:card\" content=\"summary_large_image\" \/>\n<meta name=\"twitter:label1\" content=\"Verfasst von\" \/>\n\t<meta name=\"twitter:data1\" content=\"Konstantin Weber\" \/>\n\t<meta name=\"twitter:label2\" content=\"Gesch\u00e4tzte Lesezeit\" \/>\n\t<meta name=\"twitter:data2\" content=\"2\u00a0Minuten\" \/>\n<script type=\"application\/ld+json\" class=\"yoast-schema-graph\">{\"@context\":\"https:\\\/\\\/schema.org\",\"@graph\":[{\"@type\":\"Article\",\"@id\":\"https:\\\/\\\/www.weberlaw.de\\\/de\\\/statistik-der-finanzkontrolle-schwarzarbeit-fks-im-jahr-2019\\\/#article\",\"isPartOf\":{\"@id\":\"https:\\\/\\\/www.weberlaw.de\\\/de\\\/statistik-der-finanzkontrolle-schwarzarbeit-fks-im-jahr-2019\\\/\"},\"author\":{\"name\":\"Konstantin Weber\",\"@id\":\"https:\\\/\\\/www.weberlaw.de\\\/de\\\/#\\\/schema\\\/person\\\/aa3de834799230a63dfdf264ad0a9f09\"},\"headline\":\"Statistik der Finanzkontrolle Schwarzarbeit (FKS) im Jahr 2019\",\"datePublished\":\"2020-07-20T11:28:47+00:00\",\"dateModified\":\"2026-04-01T11:23:41+00:00\",\"mainEntityOfPage\":{\"@id\":\"https:\\\/\\\/www.weberlaw.de\\\/de\\\/statistik-der-finanzkontrolle-schwarzarbeit-fks-im-jahr-2019\\\/\"},\"wordCount\":241,\"publisher\":{\"@id\":\"https:\\\/\\\/www.weberlaw.de\\\/de\\\/#organization\"},\"articleSection\":[\"Newsletter\"],\"inLanguage\":\"de\"},{\"@type\":\"WebPage\",\"@id\":\"https:\\\/\\\/www.weberlaw.de\\\/de\\\/statistik-der-finanzkontrolle-schwarzarbeit-fks-im-jahr-2019\\\/\",\"url\":\"https:\\\/\\\/www.weberlaw.de\\\/de\\\/statistik-der-finanzkontrolle-schwarzarbeit-fks-im-jahr-2019\\\/\",\"name\":\"Statistik der Finanzkontrolle Schwarzarbeit (FKS)\",\"isPartOf\":{\"@id\":\"https:\\\/\\\/www.weberlaw.de\\\/de\\\/#website\"},\"datePublished\":\"2020-07-20T11:28:47+00:00\",\"dateModified\":\"2026-04-01T11:23:41+00:00\",\"description\":\"Statistik der Finanzkontrolle Schwarzarbeit (FKS)\",\"breadcrumb\":{\"@id\":\"https:\\\/\\\/www.weberlaw.de\\\/de\\\/statistik-der-finanzkontrolle-schwarzarbeit-fks-im-jahr-2019\\\/#breadcrumb\"},\"inLanguage\":\"de\",\"potentialAction\":[{\"@type\":\"ReadAction\",\"target\":[\"https:\\\/\\\/www.weberlaw.de\\\/de\\\/statistik-der-finanzkontrolle-schwarzarbeit-fks-im-jahr-2019\\\/\"]}]},{\"@type\":\"BreadcrumbList\",\"@id\":\"https:\\\/\\\/www.weberlaw.de\\\/de\\\/statistik-der-finanzkontrolle-schwarzarbeit-fks-im-jahr-2019\\\/#breadcrumb\",\"itemListElement\":[{\"@type\":\"ListItem\",\"position\":1,\"name\":\"Kanzlei f\u00fcr Recht &amp; Steuern\",\"item\":\"https:\\\/\\\/www.weberlaw.de\\\/de\\\/fachanwalt-fuer-steuerrecht-in-karlsruhe-ettlingen-kanzlei-weber\\\/\"},{\"@type\":\"ListItem\",\"position\":2,\"name\":\"Statistik der Finanzkontrolle Schwarzarbeit (FKS) im Jahr 2019\"}]},{\"@type\":\"WebSite\",\"@id\":\"https:\\\/\\\/www.weberlaw.de\\\/de\\\/#website\",\"url\":\"https:\\\/\\\/www.weberlaw.de\\\/de\\\/\",\"name\":\"Weber | Recht &amp; Steuern\",\"description\":\"Kanzlei f\u00fcr Wirtschafts- und Steuerrecht\",\"publisher\":{\"@id\":\"https:\\\/\\\/www.weberlaw.de\\\/de\\\/#organization\"},\"potentialAction\":[{\"@type\":\"SearchAction\",\"target\":{\"@type\":\"EntryPoint\",\"urlTemplate\":\"https:\\\/\\\/www.weberlaw.de\\\/de\\\/?s={search_term_string}\"},\"query-input\":{\"@type\":\"PropertyValueSpecification\",\"valueRequired\":true,\"valueName\":\"search_term_string\"}}],\"inLanguage\":\"de\"},{\"@type\":\"Organization\",\"@id\":\"https:\\\/\\\/www.weberlaw.de\\\/de\\\/#organization\",\"name\":\"Weber Recht & Steuern Kanzlei\",\"url\":\"https:\\\/\\\/www.weberlaw.de\\\/de\\\/\",\"logo\":{\"@type\":\"ImageObject\",\"inLanguage\":\"de\",\"@id\":\"https:\\\/\\\/www.weberlaw.de\\\/de\\\/#\\\/schema\\\/logo\\\/image\\\/\",\"url\":\"https:\\\/\\\/www.weberlaw.de\\\/wp-content\\\/uploads\\\/2020\\\/05\\\/weber-recht-steuern-karlsruhe-baden-baden-3.png\",\"contentUrl\":\"https:\\\/\\\/www.weberlaw.de\\\/wp-content\\\/uploads\\\/2020\\\/05\\\/weber-recht-steuern-karlsruhe-baden-baden-3.png\",\"width\":890,\"height\":200,\"caption\":\"Weber Recht & Steuern Kanzlei\"},\"image\":{\"@id\":\"https:\\\/\\\/www.weberlaw.de\\\/de\\\/#\\\/schema\\\/logo\\\/image\\\/\"},\"sameAs\":[\"https:\\\/\\\/de.linkedin.com\\\/in\\\/konstantinweber\"]},{\"@type\":\"Person\",\"@id\":\"https:\\\/\\\/www.weberlaw.de\\\/de\\\/#\\\/schema\\\/person\\\/aa3de834799230a63dfdf264ad0a9f09\",\"name\":\"Konstantin Weber\",\"image\":{\"@type\":\"ImageObject\",\"inLanguage\":\"de\",\"@id\":\"https:\\\/\\\/secure.gravatar.com\\\/avatar\\\/c729da3aba19b03c8c704e97d38ca7d4f52fc7a904621d45b197baee2c1ce0e0?s=96&d=mm&r=g\",\"url\":\"https:\\\/\\\/secure.gravatar.com\\\/avatar\\\/c729da3aba19b03c8c704e97d38ca7d4f52fc7a904621d45b197baee2c1ce0e0?s=96&d=mm&r=g\",\"contentUrl\":\"https:\\\/\\\/secure.gravatar.com\\\/avatar\\\/c729da3aba19b03c8c704e97d38ca7d4f52fc7a904621d45b197baee2c1ce0e0?s=96&d=mm&r=g\",\"caption\":\"Konstantin Weber\"},\"description\":\"Vita Studiert in Heidelberg, Rechtsreferendariat in Karlsruhe, Stuttgart und Providence (USA) abgeschlossen, lebend und arbeitend in Karlsruhe und Baden-Baden. Verheiratet und zwei Kinder, Fachautor und Vortragender im Umsatzsteuerrecht, Steuerstrafrecht, Steuerstreitrecht und Wirtschaftsstrafrecht. Mehr Information..\"}]}<\/script>\n<!-- \/ Yoast SEO plugin. -->","yoast_head_json":{"title":"Statistik der Finanzkontrolle Schwarzarbeit (FKS)","description":"Statistik der Finanzkontrolle Schwarzarbeit (FKS)","robots":{"index":"index","follow":"follow","max-snippet":"max-snippet:-1","max-image-preview":"max-image-preview:large","max-video-preview":"max-video-preview:-1"},"canonical":"https:\/\/www.weberlaw.de\/de\/statistik-der-finanzkontrolle-schwarzarbeit-fks-im-jahr-2019\/","og_locale":"de_DE","og_type":"article","og_title":"Statistik der Finanzkontrolle Schwarzarbeit (FKS)","og_description":"Statistik der Finanzkontrolle Schwarzarbeit (FKS)","og_url":"https:\/\/www.weberlaw.de\/de\/statistik-der-finanzkontrolle-schwarzarbeit-fks-im-jahr-2019\/","og_site_name":"Weber | Recht &amp; Steuern","article_published_time":"2020-07-20T11:28:47+00:00","article_modified_time":"2026-04-01T11:23:41+00:00","author":"Konstantin Weber","twitter_card":"summary_large_image","twitter_misc":{"Verfasst von":"Konstantin Weber","Gesch\u00e4tzte Lesezeit":"2\u00a0Minuten"},"schema":{"@context":"https:\/\/schema.org","@graph":[{"@type":"Article","@id":"https:\/\/www.weberlaw.de\/de\/statistik-der-finanzkontrolle-schwarzarbeit-fks-im-jahr-2019\/#article","isPartOf":{"@id":"https:\/\/www.weberlaw.de\/de\/statistik-der-finanzkontrolle-schwarzarbeit-fks-im-jahr-2019\/"},"author":{"name":"Konstantin Weber","@id":"https:\/\/www.weberlaw.de\/de\/#\/schema\/person\/aa3de834799230a63dfdf264ad0a9f09"},"headline":"Statistik der Finanzkontrolle Schwarzarbeit (FKS) im Jahr 2019","datePublished":"2020-07-20T11:28:47+00:00","dateModified":"2026-04-01T11:23:41+00:00","mainEntityOfPage":{"@id":"https:\/\/www.weberlaw.de\/de\/statistik-der-finanzkontrolle-schwarzarbeit-fks-im-jahr-2019\/"},"wordCount":241,"publisher":{"@id":"https:\/\/www.weberlaw.de\/de\/#organization"},"articleSection":["Newsletter"],"inLanguage":"de"},{"@type":"WebPage","@id":"https:\/\/www.weberlaw.de\/de\/statistik-der-finanzkontrolle-schwarzarbeit-fks-im-jahr-2019\/","url":"https:\/\/www.weberlaw.de\/de\/statistik-der-finanzkontrolle-schwarzarbeit-fks-im-jahr-2019\/","name":"Statistik der Finanzkontrolle Schwarzarbeit (FKS)","isPartOf":{"@id":"https:\/\/www.weberlaw.de\/de\/#website"},"datePublished":"2020-07-20T11:28:47+00:00","dateModified":"2026-04-01T11:23:41+00:00","description":"Statistik der Finanzkontrolle Schwarzarbeit (FKS)","breadcrumb":{"@id":"https:\/\/www.weberlaw.de\/de\/statistik-der-finanzkontrolle-schwarzarbeit-fks-im-jahr-2019\/#breadcrumb"},"inLanguage":"de","potentialAction":[{"@type":"ReadAction","target":["https:\/\/www.weberlaw.de\/de\/statistik-der-finanzkontrolle-schwarzarbeit-fks-im-jahr-2019\/"]}]},{"@type":"BreadcrumbList","@id":"https:\/\/www.weberlaw.de\/de\/statistik-der-finanzkontrolle-schwarzarbeit-fks-im-jahr-2019\/#breadcrumb","itemListElement":[{"@type":"ListItem","position":1,"name":"Kanzlei f\u00fcr Recht &amp; Steuern","item":"https:\/\/www.weberlaw.de\/de\/fachanwalt-fuer-steuerrecht-in-karlsruhe-ettlingen-kanzlei-weber\/"},{"@type":"ListItem","position":2,"name":"Statistik der Finanzkontrolle Schwarzarbeit (FKS) im Jahr 2019"}]},{"@type":"WebSite","@id":"https:\/\/www.weberlaw.de\/de\/#website","url":"https:\/\/www.weberlaw.de\/de\/","name":"Weber | Recht &amp; Steuern","description":"Kanzlei f\u00fcr Wirtschafts- und Steuerrecht","publisher":{"@id":"https:\/\/www.weberlaw.de\/de\/#organization"},"potentialAction":[{"@type":"SearchAction","target":{"@type":"EntryPoint","urlTemplate":"https:\/\/www.weberlaw.de\/de\/?s={search_term_string}"},"query-input":{"@type":"PropertyValueSpecification","valueRequired":true,"valueName":"search_term_string"}}],"inLanguage":"de"},{"@type":"Organization","@id":"https:\/\/www.weberlaw.de\/de\/#organization","name":"Weber Recht & Steuern Kanzlei","url":"https:\/\/www.weberlaw.de\/de\/","logo":{"@type":"ImageObject","inLanguage":"de","@id":"https:\/\/www.weberlaw.de\/de\/#\/schema\/logo\/image\/","url":"https:\/\/www.weberlaw.de\/wp-content\/uploads\/2020\/05\/weber-recht-steuern-karlsruhe-baden-baden-3.png","contentUrl":"https:\/\/www.weberlaw.de\/wp-content\/uploads\/2020\/05\/weber-recht-steuern-karlsruhe-baden-baden-3.png","width":890,"height":200,"caption":"Weber Recht & Steuern Kanzlei"},"image":{"@id":"https:\/\/www.weberlaw.de\/de\/#\/schema\/logo\/image\/"},"sameAs":["https:\/\/de.linkedin.com\/in\/konstantinweber"]},{"@type":"Person","@id":"https:\/\/www.weberlaw.de\/de\/#\/schema\/person\/aa3de834799230a63dfdf264ad0a9f09","name":"Konstantin Weber","image":{"@type":"ImageObject","inLanguage":"de","@id":"https:\/\/secure.gravatar.com\/avatar\/c729da3aba19b03c8c704e97d38ca7d4f52fc7a904621d45b197baee2c1ce0e0?s=96&d=mm&r=g","url":"https:\/\/secure.gravatar.com\/avatar\/c729da3aba19b03c8c704e97d38ca7d4f52fc7a904621d45b197baee2c1ce0e0?s=96&d=mm&r=g","contentUrl":"https:\/\/secure.gravatar.com\/avatar\/c729da3aba19b03c8c704e97d38ca7d4f52fc7a904621d45b197baee2c1ce0e0?s=96&d=mm&r=g","caption":"Konstantin Weber"},"description":"Vita Studiert in Heidelberg, Rechtsreferendariat in Karlsruhe, Stuttgart und Providence (USA) abgeschlossen, lebend und arbeitend in Karlsruhe und Baden-Baden. Verheiratet und zwei Kinder, Fachautor und Vortragender im Umsatzsteuerrecht, Steuerstrafrecht, Steuerstreitrecht und Wirtschaftsstrafrecht. Mehr Information.."}]}},"_links":{"self":[{"href":"https:\/\/www.weberlaw.de\/de\/wp-json\/wp\/v2\/posts\/790","targetHints":{"allow":["GET"]}}],"collection":[{"href":"https:\/\/www.weberlaw.de\/de\/wp-json\/wp\/v2\/posts"}],"about":[{"href":"https:\/\/www.weberlaw.de\/de\/wp-json\/wp\/v2\/types\/post"}],"author":[{"embeddable":true,"href":"https:\/\/www.weberlaw.de\/de\/wp-json\/wp\/v2\/users\/2"}],"replies":[{"embeddable":true,"href":"https:\/\/www.weberlaw.de\/de\/wp-json\/wp\/v2\/comments?post=790"}],"version-history":[{"count":3,"href":"https:\/\/www.weberlaw.de\/de\/wp-json\/wp\/v2\/posts\/790\/revisions"}],"predecessor-version":[{"id":2636,"href":"https:\/\/www.weberlaw.de\/de\/wp-json\/wp\/v2\/posts\/790\/revisions\/2636"}],"wp:attachment":[{"href":"https:\/\/www.weberlaw.de\/de\/wp-json\/wp\/v2\/media?parent=790"}],"wp:term":[{"taxonomy":"category","embeddable":true,"href":"https:\/\/www.weberlaw.de\/de\/wp-json\/wp\/v2\/categories?post=790"},{"taxonomy":"post_tag","embeddable":true,"href":"https:\/\/www.weberlaw.de\/de\/wp-json\/wp\/v2\/tags?post=790"}],"curies":[{"name":"wp","href":"https:\/\/api.w.org\/{rel}","templated":true}]}}