{"id":798,"date":"2020-10-13T11:12:38","date_gmt":"2020-10-13T11:12:38","guid":{"rendered":"https:\/\/www.weberlaw.de\/?p=798"},"modified":"2024-05-10T19:59:04","modified_gmt":"2024-05-10T19:59:04","slug":"finanzkontrolle-schwarzarbeit-bekaempfung-der-schwarzarbeit-beitrag-im-datev-magazin-10-2020-s-24-26-von-ra-fastr-kostantin-weber","status":"publish","type":"post","link":"https:\/\/www.weberlaw.de\/de\/finanzkontrolle-schwarzarbeit-bekaempfung-der-schwarzarbeit-beitrag-im-datev-magazin-10-2020-s-24-26-von-ra-fastr-kostantin-weber\/","title":{"rendered":"Finanzkontrolle Schwarzarbeit, Bek\u00e4mpfung der Schwarzarbeit; Beitrag im Datev-Magazin 10\/2020 (S. 24-26) von RA\/FAStR Kostantin Weber [\u2026] \u00bb"},"content":{"rendered":"<div class=\"entry-content\">\n<p style=\"text-align: left;\"><strong><span class=\"stage-single__kicker\">Finanzkontrolle Schwarzarbeit<\/span>, Bek\u00e4mpfung der Schwarzarbeit, neue Gesetze in Kraft:<\/strong><\/p>\n<\/div>\n<p style=\"text-align: left;\">Das neue SchwarzArbG (Schwarzarbeitsgesetz) ist sehr undurchsichtig, was die neue Rechtslage anbelangt.<\/p>\n<p style=\"text-align: left;\">Au\u00dferdem ist durch das neue Gesetz eine neue Anklagebeh\u00f6rde entstanden, da die Finanzkontrolle Schwarzarbeit \u00fcber Staatsanwaltschaften selbst\u00e4ndig Strafbefehle beantragen kann.<\/p>\n<div class=\"entry-content\" style=\"text-align: left;\">\n<p>Mehr dazu ist in meinem Beitrag (Datev-Magazin) unter folgendem Link kostenlos zu lesen:<\/p>\n<p><a href=\"https:\/\/www.datev-magazin.de\/praxis\/undurchsichtige-rechtslage-32171\">https:\/\/www.datev-magazin.de\/praxis\/undurchsichtige-rechtslage-32171<\/a><\/p>\n<p>Ansprechpartner f\u00fcr Steuerstrafrecht, Wirtschaftsstrafrecht, Steuerstreitrecht (Einspruchs- und Finanzgerichtsverfahren) und Umsatzsteuerrecht, Seminare und Inhouse-Schulungen: Konstantin Weber, Rechtsanwalt und Fachanwalt f\u00fcr Steuerrecht, Karlsruhe und Baden-Baden<\/p>\n<p>Kontakt:\u00a0<a href=\"https:\/\/www.weberlaw.de\/de\/\">https:\/\/www.weberlaw.de\/de\/<\/a><\/p>\n<\/div>\n<p style=\"text-align: left;\">\n","protected":false},"excerpt":{"rendered":"<p>Finanzkontrolle Schwarzarbeit, Bek\u00e4mpfung der Schwarzarbeit, neue Gesetze in Kraft: Das neue SchwarzArbG (Schwarzarbeitsgesetz) ist sehr undurchsichtig, was die neue Rechtslage anbelangt. Au\u00dferdem ist durch das neue Gesetz eine neue Anklagebeh\u00f6rde entstanden, da die Finanzkontrolle Schwarzarbeit \u00fcber Staatsanwaltschaften selbst\u00e4ndig Strafbefehle beantragen kann. Mehr dazu ist in meinem Beitrag (Datev-Magazin) unter folgendem Link kostenlos zu lesen: https:\/\/www.datev-magazin.de\/praxis\/undurchsichtige-rechtslage-32171 [&hellip;]<\/p>\n","protected":false},"author":2,"featured_media":0,"comment_status":"closed","ping_status":"closed","sticky":false,"template":"","format":"standard","meta":{"footnotes":""},"categories":[1],"tags":[],"class_list":["post-798","post","type-post","status-publish","format-standard","hentry","category-newsletter"],"yoast_head":"<!-- This site is optimized with the Yoast SEO plugin v27.3 - https:\/\/yoast.com\/product\/yoast-seo-wordpress\/ -->\n<title>Finanzkontrolle und Bek\u00e4mpfung der Schwarzarbeit<\/title>\n<meta name=\"description\" content=\"Finanzkontrolle Schwarzarbeit, Bek\u00e4mpfung der Schwarzarbeit, Finanzkontrolle Schwarzarbeit als neue Anklagebeh\u00f6rde\" \/>\n<meta name=\"robots\" content=\"index, follow, max-snippet:-1, max-image-preview:large, max-video-preview:-1\" \/>\n<link rel=\"canonical\" href=\"https:\/\/www.weberlaw.de\/de\/finanzkontrolle-schwarzarbeit-bekaempfung-der-schwarzarbeit-beitrag-im-datev-magazin-10-2020-s-24-26-von-ra-fastr-kostantin-weber\/\" \/>\n<meta property=\"og:locale\" content=\"de_DE\" \/>\n<meta property=\"og:type\" content=\"article\" \/>\n<meta property=\"og:title\" content=\"Finanzkontrolle und Bek\u00e4mpfung der Schwarzarbeit\" \/>\n<meta property=\"og:description\" content=\"Finanzkontrolle Schwarzarbeit, Bek\u00e4mpfung der Schwarzarbeit, Finanzkontrolle Schwarzarbeit als neue Anklagebeh\u00f6rde\" \/>\n<meta property=\"og:url\" content=\"https:\/\/www.weberlaw.de\/de\/finanzkontrolle-schwarzarbeit-bekaempfung-der-schwarzarbeit-beitrag-im-datev-magazin-10-2020-s-24-26-von-ra-fastr-kostantin-weber\/\" \/>\n<meta property=\"og:site_name\" content=\"Weber | Recht &amp; Steuern\" \/>\n<meta property=\"article:published_time\" content=\"2020-10-13T11:12:38+00:00\" \/>\n<meta property=\"article:modified_time\" content=\"2024-05-10T19:59:04+00:00\" \/>\n<meta name=\"author\" content=\"Konstantin Weber\" \/>\n<meta name=\"twitter:card\" content=\"summary_large_image\" \/>\n<meta name=\"twitter:label1\" content=\"Verfasst von\" \/>\n\t<meta name=\"twitter:data1\" content=\"Konstantin Weber\" \/>\n\t<meta name=\"twitter:label2\" content=\"Gesch\u00e4tzte Lesezeit\" \/>\n\t<meta name=\"twitter:data2\" content=\"1\u00a0Minute\" \/>\n<script type=\"application\/ld+json\" class=\"yoast-schema-graph\">{\"@context\":\"https:\\\/\\\/schema.org\",\"@graph\":[{\"@type\":\"Article\",\"@id\":\"https:\\\/\\\/www.weberlaw.de\\\/de\\\/finanzkontrolle-schwarzarbeit-bekaempfung-der-schwarzarbeit-beitrag-im-datev-magazin-10-2020-s-24-26-von-ra-fastr-kostantin-weber\\\/#article\",\"isPartOf\":{\"@id\":\"https:\\\/\\\/www.weberlaw.de\\\/de\\\/finanzkontrolle-schwarzarbeit-bekaempfung-der-schwarzarbeit-beitrag-im-datev-magazin-10-2020-s-24-26-von-ra-fastr-kostantin-weber\\\/\"},\"author\":{\"name\":\"Konstantin Weber\",\"@id\":\"https:\\\/\\\/www.weberlaw.de\\\/de\\\/#\\\/schema\\\/person\\\/aa3de834799230a63dfdf264ad0a9f09\"},\"headline\":\"Finanzkontrolle Schwarzarbeit, Bek\u00e4mpfung der Schwarzarbeit; Beitrag im Datev-Magazin 10\\\/2020 (S. 24-26) von RA\\\/FAStR Kostantin Weber [\u2026] \u00bb\",\"datePublished\":\"2020-10-13T11:12:38+00:00\",\"dateModified\":\"2024-05-10T19:59:04+00:00\",\"mainEntityOfPage\":{\"@id\":\"https:\\\/\\\/www.weberlaw.de\\\/de\\\/finanzkontrolle-schwarzarbeit-bekaempfung-der-schwarzarbeit-beitrag-im-datev-magazin-10-2020-s-24-26-von-ra-fastr-kostantin-weber\\\/\"},\"wordCount\":111,\"publisher\":{\"@id\":\"https:\\\/\\\/www.weberlaw.de\\\/de\\\/#organization\"},\"articleSection\":[\"Newsletter\"],\"inLanguage\":\"de\"},{\"@type\":\"WebPage\",\"@id\":\"https:\\\/\\\/www.weberlaw.de\\\/de\\\/finanzkontrolle-schwarzarbeit-bekaempfung-der-schwarzarbeit-beitrag-im-datev-magazin-10-2020-s-24-26-von-ra-fastr-kostantin-weber\\\/\",\"url\":\"https:\\\/\\\/www.weberlaw.de\\\/de\\\/finanzkontrolle-schwarzarbeit-bekaempfung-der-schwarzarbeit-beitrag-im-datev-magazin-10-2020-s-24-26-von-ra-fastr-kostantin-weber\\\/\",\"name\":\"Finanzkontrolle und Bek\u00e4mpfung der Schwarzarbeit\",\"isPartOf\":{\"@id\":\"https:\\\/\\\/www.weberlaw.de\\\/de\\\/#website\"},\"datePublished\":\"2020-10-13T11:12:38+00:00\",\"dateModified\":\"2024-05-10T19:59:04+00:00\",\"description\":\"Finanzkontrolle Schwarzarbeit, Bek\u00e4mpfung der Schwarzarbeit, Finanzkontrolle Schwarzarbeit als neue Anklagebeh\u00f6rde\",\"breadcrumb\":{\"@id\":\"https:\\\/\\\/www.weberlaw.de\\\/de\\\/finanzkontrolle-schwarzarbeit-bekaempfung-der-schwarzarbeit-beitrag-im-datev-magazin-10-2020-s-24-26-von-ra-fastr-kostantin-weber\\\/#breadcrumb\"},\"inLanguage\":\"de\",\"potentialAction\":[{\"@type\":\"ReadAction\",\"target\":[\"https:\\\/\\\/www.weberlaw.de\\\/de\\\/finanzkontrolle-schwarzarbeit-bekaempfung-der-schwarzarbeit-beitrag-im-datev-magazin-10-2020-s-24-26-von-ra-fastr-kostantin-weber\\\/\"]}]},{\"@type\":\"BreadcrumbList\",\"@id\":\"https:\\\/\\\/www.weberlaw.de\\\/de\\\/finanzkontrolle-schwarzarbeit-bekaempfung-der-schwarzarbeit-beitrag-im-datev-magazin-10-2020-s-24-26-von-ra-fastr-kostantin-weber\\\/#breadcrumb\",\"itemListElement\":[{\"@type\":\"ListItem\",\"position\":1,\"name\":\"Kanzlei f\u00fcr Recht &amp; Steuern\",\"item\":\"https:\\\/\\\/www.weberlaw.de\\\/de\\\/fachanwalt-fuer-steuerrecht-in-karlsruhe-ettlingen-kanzlei-weber\\\/\"},{\"@type\":\"ListItem\",\"position\":2,\"name\":\"Finanzkontrolle Schwarzarbeit, Bek\u00e4mpfung der Schwarzarbeit; Beitrag im Datev-Magazin 10\\\/2020 (S. 24-26) von RA\\\/FAStR Kostantin Weber [\u2026] \u00bb\"}]},{\"@type\":\"WebSite\",\"@id\":\"https:\\\/\\\/www.weberlaw.de\\\/de\\\/#website\",\"url\":\"https:\\\/\\\/www.weberlaw.de\\\/de\\\/\",\"name\":\"Weber | Recht &amp; Steuern\",\"description\":\"Kanzlei f\u00fcr Wirtschafts- und Steuerrecht\",\"publisher\":{\"@id\":\"https:\\\/\\\/www.weberlaw.de\\\/de\\\/#organization\"},\"potentialAction\":[{\"@type\":\"SearchAction\",\"target\":{\"@type\":\"EntryPoint\",\"urlTemplate\":\"https:\\\/\\\/www.weberlaw.de\\\/de\\\/?s={search_term_string}\"},\"query-input\":{\"@type\":\"PropertyValueSpecification\",\"valueRequired\":true,\"valueName\":\"search_term_string\"}}],\"inLanguage\":\"de\"},{\"@type\":\"Organization\",\"@id\":\"https:\\\/\\\/www.weberlaw.de\\\/de\\\/#organization\",\"name\":\"Weber Recht & Steuern Kanzlei\",\"url\":\"https:\\\/\\\/www.weberlaw.de\\\/de\\\/\",\"logo\":{\"@type\":\"ImageObject\",\"inLanguage\":\"de\",\"@id\":\"https:\\\/\\\/www.weberlaw.de\\\/de\\\/#\\\/schema\\\/logo\\\/image\\\/\",\"url\":\"https:\\\/\\\/www.weberlaw.de\\\/wp-content\\\/uploads\\\/2020\\\/05\\\/weber-recht-steuern-karlsruhe-baden-baden-3.png\",\"contentUrl\":\"https:\\\/\\\/www.weberlaw.de\\\/wp-content\\\/uploads\\\/2020\\\/05\\\/weber-recht-steuern-karlsruhe-baden-baden-3.png\",\"width\":890,\"height\":200,\"caption\":\"Weber Recht & Steuern Kanzlei\"},\"image\":{\"@id\":\"https:\\\/\\\/www.weberlaw.de\\\/de\\\/#\\\/schema\\\/logo\\\/image\\\/\"},\"sameAs\":[\"https:\\\/\\\/de.linkedin.com\\\/in\\\/konstantinweber\"]},{\"@type\":\"Person\",\"@id\":\"https:\\\/\\\/www.weberlaw.de\\\/de\\\/#\\\/schema\\\/person\\\/aa3de834799230a63dfdf264ad0a9f09\",\"name\":\"Konstantin Weber\",\"image\":{\"@type\":\"ImageObject\",\"inLanguage\":\"de\",\"@id\":\"https:\\\/\\\/secure.gravatar.com\\\/avatar\\\/c729da3aba19b03c8c704e97d38ca7d4f52fc7a904621d45b197baee2c1ce0e0?s=96&d=mm&r=g\",\"url\":\"https:\\\/\\\/secure.gravatar.com\\\/avatar\\\/c729da3aba19b03c8c704e97d38ca7d4f52fc7a904621d45b197baee2c1ce0e0?s=96&d=mm&r=g\",\"contentUrl\":\"https:\\\/\\\/secure.gravatar.com\\\/avatar\\\/c729da3aba19b03c8c704e97d38ca7d4f52fc7a904621d45b197baee2c1ce0e0?s=96&d=mm&r=g\",\"caption\":\"Konstantin Weber\"},\"description\":\"Vita Studiert in Heidelberg, Rechtsreferendariat in Karlsruhe, Stuttgart und Providence (USA) abgeschlossen, lebend und arbeitend in Karlsruhe und Baden-Baden. Verheiratet und zwei Kinder, Fachautor und Vortragender im Umsatzsteuerrecht, Steuerstrafrecht, Steuerstreitrecht und Wirtschaftsstrafrecht. Mehr Information..\"}]}<\/script>\n<!-- \/ Yoast SEO plugin. -->","yoast_head_json":{"title":"Finanzkontrolle und Bek\u00e4mpfung der Schwarzarbeit","description":"Finanzkontrolle Schwarzarbeit, Bek\u00e4mpfung der Schwarzarbeit, Finanzkontrolle Schwarzarbeit als neue Anklagebeh\u00f6rde","robots":{"index":"index","follow":"follow","max-snippet":"max-snippet:-1","max-image-preview":"max-image-preview:large","max-video-preview":"max-video-preview:-1"},"canonical":"https:\/\/www.weberlaw.de\/de\/finanzkontrolle-schwarzarbeit-bekaempfung-der-schwarzarbeit-beitrag-im-datev-magazin-10-2020-s-24-26-von-ra-fastr-kostantin-weber\/","og_locale":"de_DE","og_type":"article","og_title":"Finanzkontrolle und Bek\u00e4mpfung der Schwarzarbeit","og_description":"Finanzkontrolle Schwarzarbeit, Bek\u00e4mpfung der Schwarzarbeit, Finanzkontrolle Schwarzarbeit als neue Anklagebeh\u00f6rde","og_url":"https:\/\/www.weberlaw.de\/de\/finanzkontrolle-schwarzarbeit-bekaempfung-der-schwarzarbeit-beitrag-im-datev-magazin-10-2020-s-24-26-von-ra-fastr-kostantin-weber\/","og_site_name":"Weber | Recht &amp; Steuern","article_published_time":"2020-10-13T11:12:38+00:00","article_modified_time":"2024-05-10T19:59:04+00:00","author":"Konstantin Weber","twitter_card":"summary_large_image","twitter_misc":{"Verfasst von":"Konstantin Weber","Gesch\u00e4tzte Lesezeit":"1\u00a0Minute"},"schema":{"@context":"https:\/\/schema.org","@graph":[{"@type":"Article","@id":"https:\/\/www.weberlaw.de\/de\/finanzkontrolle-schwarzarbeit-bekaempfung-der-schwarzarbeit-beitrag-im-datev-magazin-10-2020-s-24-26-von-ra-fastr-kostantin-weber\/#article","isPartOf":{"@id":"https:\/\/www.weberlaw.de\/de\/finanzkontrolle-schwarzarbeit-bekaempfung-der-schwarzarbeit-beitrag-im-datev-magazin-10-2020-s-24-26-von-ra-fastr-kostantin-weber\/"},"author":{"name":"Konstantin Weber","@id":"https:\/\/www.weberlaw.de\/de\/#\/schema\/person\/aa3de834799230a63dfdf264ad0a9f09"},"headline":"Finanzkontrolle Schwarzarbeit, Bek\u00e4mpfung der Schwarzarbeit; Beitrag im Datev-Magazin 10\/2020 (S. 24-26) von RA\/FAStR Kostantin Weber [\u2026] \u00bb","datePublished":"2020-10-13T11:12:38+00:00","dateModified":"2024-05-10T19:59:04+00:00","mainEntityOfPage":{"@id":"https:\/\/www.weberlaw.de\/de\/finanzkontrolle-schwarzarbeit-bekaempfung-der-schwarzarbeit-beitrag-im-datev-magazin-10-2020-s-24-26-von-ra-fastr-kostantin-weber\/"},"wordCount":111,"publisher":{"@id":"https:\/\/www.weberlaw.de\/de\/#organization"},"articleSection":["Newsletter"],"inLanguage":"de"},{"@type":"WebPage","@id":"https:\/\/www.weberlaw.de\/de\/finanzkontrolle-schwarzarbeit-bekaempfung-der-schwarzarbeit-beitrag-im-datev-magazin-10-2020-s-24-26-von-ra-fastr-kostantin-weber\/","url":"https:\/\/www.weberlaw.de\/de\/finanzkontrolle-schwarzarbeit-bekaempfung-der-schwarzarbeit-beitrag-im-datev-magazin-10-2020-s-24-26-von-ra-fastr-kostantin-weber\/","name":"Finanzkontrolle und Bek\u00e4mpfung der Schwarzarbeit","isPartOf":{"@id":"https:\/\/www.weberlaw.de\/de\/#website"},"datePublished":"2020-10-13T11:12:38+00:00","dateModified":"2024-05-10T19:59:04+00:00","description":"Finanzkontrolle Schwarzarbeit, Bek\u00e4mpfung der Schwarzarbeit, Finanzkontrolle Schwarzarbeit als neue Anklagebeh\u00f6rde","breadcrumb":{"@id":"https:\/\/www.weberlaw.de\/de\/finanzkontrolle-schwarzarbeit-bekaempfung-der-schwarzarbeit-beitrag-im-datev-magazin-10-2020-s-24-26-von-ra-fastr-kostantin-weber\/#breadcrumb"},"inLanguage":"de","potentialAction":[{"@type":"ReadAction","target":["https:\/\/www.weberlaw.de\/de\/finanzkontrolle-schwarzarbeit-bekaempfung-der-schwarzarbeit-beitrag-im-datev-magazin-10-2020-s-24-26-von-ra-fastr-kostantin-weber\/"]}]},{"@type":"BreadcrumbList","@id":"https:\/\/www.weberlaw.de\/de\/finanzkontrolle-schwarzarbeit-bekaempfung-der-schwarzarbeit-beitrag-im-datev-magazin-10-2020-s-24-26-von-ra-fastr-kostantin-weber\/#breadcrumb","itemListElement":[{"@type":"ListItem","position":1,"name":"Kanzlei f\u00fcr Recht &amp; Steuern","item":"https:\/\/www.weberlaw.de\/de\/fachanwalt-fuer-steuerrecht-in-karlsruhe-ettlingen-kanzlei-weber\/"},{"@type":"ListItem","position":2,"name":"Finanzkontrolle Schwarzarbeit, Bek\u00e4mpfung der Schwarzarbeit; Beitrag im Datev-Magazin 10\/2020 (S. 24-26) von RA\/FAStR Kostantin Weber [\u2026] \u00bb"}]},{"@type":"WebSite","@id":"https:\/\/www.weberlaw.de\/de\/#website","url":"https:\/\/www.weberlaw.de\/de\/","name":"Weber | Recht &amp; Steuern","description":"Kanzlei f\u00fcr Wirtschafts- und Steuerrecht","publisher":{"@id":"https:\/\/www.weberlaw.de\/de\/#organization"},"potentialAction":[{"@type":"SearchAction","target":{"@type":"EntryPoint","urlTemplate":"https:\/\/www.weberlaw.de\/de\/?s={search_term_string}"},"query-input":{"@type":"PropertyValueSpecification","valueRequired":true,"valueName":"search_term_string"}}],"inLanguage":"de"},{"@type":"Organization","@id":"https:\/\/www.weberlaw.de\/de\/#organization","name":"Weber Recht & Steuern Kanzlei","url":"https:\/\/www.weberlaw.de\/de\/","logo":{"@type":"ImageObject","inLanguage":"de","@id":"https:\/\/www.weberlaw.de\/de\/#\/schema\/logo\/image\/","url":"https:\/\/www.weberlaw.de\/wp-content\/uploads\/2020\/05\/weber-recht-steuern-karlsruhe-baden-baden-3.png","contentUrl":"https:\/\/www.weberlaw.de\/wp-content\/uploads\/2020\/05\/weber-recht-steuern-karlsruhe-baden-baden-3.png","width":890,"height":200,"caption":"Weber Recht & Steuern Kanzlei"},"image":{"@id":"https:\/\/www.weberlaw.de\/de\/#\/schema\/logo\/image\/"},"sameAs":["https:\/\/de.linkedin.com\/in\/konstantinweber"]},{"@type":"Person","@id":"https:\/\/www.weberlaw.de\/de\/#\/schema\/person\/aa3de834799230a63dfdf264ad0a9f09","name":"Konstantin Weber","image":{"@type":"ImageObject","inLanguage":"de","@id":"https:\/\/secure.gravatar.com\/avatar\/c729da3aba19b03c8c704e97d38ca7d4f52fc7a904621d45b197baee2c1ce0e0?s=96&d=mm&r=g","url":"https:\/\/secure.gravatar.com\/avatar\/c729da3aba19b03c8c704e97d38ca7d4f52fc7a904621d45b197baee2c1ce0e0?s=96&d=mm&r=g","contentUrl":"https:\/\/secure.gravatar.com\/avatar\/c729da3aba19b03c8c704e97d38ca7d4f52fc7a904621d45b197baee2c1ce0e0?s=96&d=mm&r=g","caption":"Konstantin Weber"},"description":"Vita Studiert in Heidelberg, Rechtsreferendariat in Karlsruhe, Stuttgart und Providence (USA) abgeschlossen, lebend und arbeitend in Karlsruhe und Baden-Baden. Verheiratet und zwei Kinder, Fachautor und Vortragender im Umsatzsteuerrecht, Steuerstrafrecht, Steuerstreitrecht und Wirtschaftsstrafrecht. Mehr Information.."}]}},"_links":{"self":[{"href":"https:\/\/www.weberlaw.de\/de\/wp-json\/wp\/v2\/posts\/798","targetHints":{"allow":["GET"]}}],"collection":[{"href":"https:\/\/www.weberlaw.de\/de\/wp-json\/wp\/v2\/posts"}],"about":[{"href":"https:\/\/www.weberlaw.de\/de\/wp-json\/wp\/v2\/types\/post"}],"author":[{"embeddable":true,"href":"https:\/\/www.weberlaw.de\/de\/wp-json\/wp\/v2\/users\/2"}],"replies":[{"embeddable":true,"href":"https:\/\/www.weberlaw.de\/de\/wp-json\/wp\/v2\/comments?post=798"}],"version-history":[{"count":2,"href":"https:\/\/www.weberlaw.de\/de\/wp-json\/wp\/v2\/posts\/798\/revisions"}],"predecessor-version":[{"id":2755,"href":"https:\/\/www.weberlaw.de\/de\/wp-json\/wp\/v2\/posts\/798\/revisions\/2755"}],"wp:attachment":[{"href":"https:\/\/www.weberlaw.de\/de\/wp-json\/wp\/v2\/media?parent=798"}],"wp:term":[{"taxonomy":"category","embeddable":true,"href":"https:\/\/www.weberlaw.de\/de\/wp-json\/wp\/v2\/categories?post=798"},{"taxonomy":"post_tag","embeddable":true,"href":"https:\/\/www.weberlaw.de\/de\/wp-json\/wp\/v2\/tags?post=798"}],"curies":[{"name":"wp","href":"https:\/\/api.w.org\/{rel}","templated":true}]}}