{"id":802,"date":"2025-11-03T13:46:20","date_gmt":"2025-11-03T13:46:20","guid":{"rendered":"https:\/\/www.weberlaw.de\/?p=802"},"modified":"2026-04-01T13:47:40","modified_gmt":"2026-04-01T13:47:40","slug":"verwechslung-des-reverse-charge-verfahrens","status":"publish","type":"post","link":"https:\/\/www.weberlaw.de\/de\/verwechslung-des-reverse-charge-verfahrens\/","title":{"rendered":"Verwechslung des Reverse-Charge-Verfahrens nach \u00a7 13b UStG und steuerstrafrechtliche Folgen; Beitrag im PStR (Praxis Steuerstrafrecht) 11\/2020 (S. 263-264) von RA\/FAStR Kostantin Weber [\u2026] \u00bb"},"content":{"rendered":"<h3 style=\"text-align: left;\"><strong>Verwechslung des Reverse-Charge-Verfahrens nach \u00a7 13b UStG und steuerstrafrechtliche Folgen:<\/strong><\/h3>\n<p style=\"text-align: left;\">Mit welchen steuerstrafrechtliche Folgen in Deutschland zu rechnen ist, wenn das Reverse-Charge-Verfahren verwechselt wurde und an Stelle nach \u00a7 13 b UStG (\u00dcbergang der Steuerschuldnerschaft auf den Leistungsempf\u00e4nger, Netto-Methode) irrt\u00fcmlicherweise nach der Brutto-Methode abgerechnet wurde, ist meinem Beitrag in der PStR, Praxis Steuerstrafrecht zu entnehmen.<\/p>\n<div class=\"entry-content\">\n<p style=\"text-align: left;\">Mehr dazu ist unter folgendem Link zu lesen:<\/p>\n<p style=\"text-align: left;\"><a href=\"https:\/\/www.iww.de\/pstr\/schwerpunktthema\/der-steuerberater-fragt-der-strafverteidiger-antwortet-verwechslung-des-reverse-charge-verfahrens-nach-13b-ustg-und-steuerstrafrechtliche-folgen-f133541\">https:\/\/www.iww.de\/pstr\/schwerpunktthema\/der-steuerberater-fragt-der-strafverteidiger-antwortet-verwechslung-des-reverse-charge-verfahrens-nach-13b-ustg-und-steuerstrafrechtliche-folgen-f133541<\/a><\/p>\n<p style=\"text-align: left;\">Ansprechpartner f\u00fcr Steuerstrafrecht, Wirtschaftsstrafrecht, Steuerstreitrecht (Einspruchs- und Finanzgerichtsverfahren) und Umsatzsteuerrecht, Seminare und Inhouse-Schulungen: Konstantin Weber, Rechtsanwalt und Fachanwalt f\u00fcr Steuerrecht, Karlsruhe und Baden-Baden<\/p>\n<p style=\"text-align: left;\">Kontakt:\u00a0<a href=\"https:\/\/www.weberlaw.de\/de\/\">https:\/\/www.weberlaw.de\/de\/<\/a><\/p>\n<\/div>\n","protected":false},"excerpt":{"rendered":"<p>Verwechslung des Reverse-Charge-Verfahrens nach \u00a7 13b UStG und steuerstrafrechtliche Folgen: Mit welchen steuerstrafrechtliche Folgen in Deutschland zu rechnen ist, wenn das Reverse-Charge-Verfahren verwechselt wurde und an Stelle nach \u00a7 13 b UStG (\u00dcbergang der Steuerschuldnerschaft auf den Leistungsempf\u00e4nger, Netto-Methode) irrt\u00fcmlicherweise nach der Brutto-Methode abgerechnet wurde, ist meinem Beitrag in der PStR, Praxis Steuerstrafrecht zu entnehmen. [&hellip;]<\/p>\n","protected":false},"author":2,"featured_media":0,"comment_status":"closed","ping_status":"closed","sticky":false,"template":"","format":"standard","meta":{"footnotes":""},"categories":[1],"tags":[],"class_list":["post-802","post","type-post","status-publish","format-standard","hentry","category-newsletter"],"yoast_head":"<!-- This site is optimized with the Yoast SEO plugin v27.3 - https:\/\/yoast.com\/product\/yoast-seo-wordpress\/ -->\n<title>Verwechslung des Reverse-Charge-Verfahrens, Rechtsfolgen<\/title>\n<meta name=\"description\" content=\"Verwechslung des Reverse-Charge-Verfahrens nach \u00a7 13b UStG (\u00dcbergang der Steuerschuldnerschaft auf den Leistungsempf\u00e4nger) und Rechtsfolgen\" \/>\n<meta name=\"robots\" content=\"index, follow, max-snippet:-1, max-image-preview:large, max-video-preview:-1\" \/>\n<link rel=\"canonical\" href=\"https:\/\/www.weberlaw.de\/de\/verwechslung-des-reverse-charge-verfahrens\/\" \/>\n<meta property=\"og:locale\" content=\"de_DE\" \/>\n<meta property=\"og:type\" content=\"article\" \/>\n<meta property=\"og:title\" content=\"Verwechslung des Reverse-Charge-Verfahrens, Rechtsfolgen\" \/>\n<meta property=\"og:description\" content=\"Verwechslung des Reverse-Charge-Verfahrens nach \u00a7 13b UStG (\u00dcbergang der Steuerschuldnerschaft auf den Leistungsempf\u00e4nger) und Rechtsfolgen\" \/>\n<meta property=\"og:url\" content=\"https:\/\/www.weberlaw.de\/de\/verwechslung-des-reverse-charge-verfahrens\/\" \/>\n<meta property=\"og:site_name\" content=\"Weber | Recht &amp; Steuern\" \/>\n<meta property=\"article:published_time\" content=\"2025-11-03T13:46:20+00:00\" \/>\n<meta property=\"article:modified_time\" content=\"2026-04-01T13:47:40+00:00\" \/>\n<meta name=\"author\" content=\"Konstantin Weber\" \/>\n<meta name=\"twitter:card\" content=\"summary_large_image\" \/>\n<meta name=\"twitter:label1\" content=\"Verfasst von\" \/>\n\t<meta name=\"twitter:data1\" content=\"Konstantin Weber\" \/>\n\t<meta name=\"twitter:label2\" content=\"Gesch\u00e4tzte Lesezeit\" \/>\n\t<meta name=\"twitter:data2\" content=\"1\u00a0Minute\" \/>\n<script type=\"application\/ld+json\" class=\"yoast-schema-graph\">{\"@context\":\"https:\\\/\\\/schema.org\",\"@graph\":[{\"@type\":\"Article\",\"@id\":\"https:\\\/\\\/www.weberlaw.de\\\/de\\\/verwechslung-des-reverse-charge-verfahrens\\\/#article\",\"isPartOf\":{\"@id\":\"https:\\\/\\\/www.weberlaw.de\\\/de\\\/verwechslung-des-reverse-charge-verfahrens\\\/\"},\"author\":{\"name\":\"Konstantin Weber\",\"@id\":\"https:\\\/\\\/www.weberlaw.de\\\/de\\\/#\\\/schema\\\/person\\\/aa3de834799230a63dfdf264ad0a9f09\"},\"headline\":\"Verwechslung des Reverse-Charge-Verfahrens nach \u00a7 13b UStG und steuerstrafrechtliche Folgen; Beitrag im PStR (Praxis Steuerstrafrecht) 11\\\/2020 (S. 263-264) von RA\\\/FAStR Kostantin Weber [\u2026] \u00bb\",\"datePublished\":\"2025-11-03T13:46:20+00:00\",\"dateModified\":\"2026-04-01T13:47:40+00:00\",\"mainEntityOfPage\":{\"@id\":\"https:\\\/\\\/www.weberlaw.de\\\/de\\\/verwechslung-des-reverse-charge-verfahrens\\\/\"},\"wordCount\":122,\"publisher\":{\"@id\":\"https:\\\/\\\/www.weberlaw.de\\\/de\\\/#organization\"},\"articleSection\":[\"Newsletter\"],\"inLanguage\":\"de\"},{\"@type\":\"WebPage\",\"@id\":\"https:\\\/\\\/www.weberlaw.de\\\/de\\\/verwechslung-des-reverse-charge-verfahrens\\\/\",\"url\":\"https:\\\/\\\/www.weberlaw.de\\\/de\\\/verwechslung-des-reverse-charge-verfahrens\\\/\",\"name\":\"Verwechslung des Reverse-Charge-Verfahrens, Rechtsfolgen\",\"isPartOf\":{\"@id\":\"https:\\\/\\\/www.weberlaw.de\\\/de\\\/#website\"},\"datePublished\":\"2025-11-03T13:46:20+00:00\",\"dateModified\":\"2026-04-01T13:47:40+00:00\",\"description\":\"Verwechslung des Reverse-Charge-Verfahrens nach \u00a7 13b UStG (\u00dcbergang der Steuerschuldnerschaft auf den Leistungsempf\u00e4nger) und Rechtsfolgen\",\"breadcrumb\":{\"@id\":\"https:\\\/\\\/www.weberlaw.de\\\/de\\\/verwechslung-des-reverse-charge-verfahrens\\\/#breadcrumb\"},\"inLanguage\":\"de\",\"potentialAction\":[{\"@type\":\"ReadAction\",\"target\":[\"https:\\\/\\\/www.weberlaw.de\\\/de\\\/verwechslung-des-reverse-charge-verfahrens\\\/\"]}]},{\"@type\":\"BreadcrumbList\",\"@id\":\"https:\\\/\\\/www.weberlaw.de\\\/de\\\/verwechslung-des-reverse-charge-verfahrens\\\/#breadcrumb\",\"itemListElement\":[{\"@type\":\"ListItem\",\"position\":1,\"name\":\"Kanzlei f\u00fcr Recht &amp; Steuern\",\"item\":\"https:\\\/\\\/www.weberlaw.de\\\/de\\\/fachanwalt-fuer-steuerrecht-in-karlsruhe-ettlingen-kanzlei-weber\\\/\"},{\"@type\":\"ListItem\",\"position\":2,\"name\":\"Verwechslung des Reverse-Charge-Verfahrens nach \u00a7 13b UStG und steuerstrafrechtliche Folgen; Beitrag im PStR (Praxis Steuerstrafrecht) 11\\\/2020 (S. 263-264) von RA\\\/FAStR Kostantin Weber [\u2026] \u00bb\"}]},{\"@type\":\"WebSite\",\"@id\":\"https:\\\/\\\/www.weberlaw.de\\\/de\\\/#website\",\"url\":\"https:\\\/\\\/www.weberlaw.de\\\/de\\\/\",\"name\":\"Weber | Recht &amp; Steuern\",\"description\":\"Kanzlei f\u00fcr Wirtschafts- und Steuerrecht\",\"publisher\":{\"@id\":\"https:\\\/\\\/www.weberlaw.de\\\/de\\\/#organization\"},\"potentialAction\":[{\"@type\":\"SearchAction\",\"target\":{\"@type\":\"EntryPoint\",\"urlTemplate\":\"https:\\\/\\\/www.weberlaw.de\\\/de\\\/?s={search_term_string}\"},\"query-input\":{\"@type\":\"PropertyValueSpecification\",\"valueRequired\":true,\"valueName\":\"search_term_string\"}}],\"inLanguage\":\"de\"},{\"@type\":\"Organization\",\"@id\":\"https:\\\/\\\/www.weberlaw.de\\\/de\\\/#organization\",\"name\":\"Weber Recht & Steuern Kanzlei\",\"url\":\"https:\\\/\\\/www.weberlaw.de\\\/de\\\/\",\"logo\":{\"@type\":\"ImageObject\",\"inLanguage\":\"de\",\"@id\":\"https:\\\/\\\/www.weberlaw.de\\\/de\\\/#\\\/schema\\\/logo\\\/image\\\/\",\"url\":\"https:\\\/\\\/www.weberlaw.de\\\/wp-content\\\/uploads\\\/2020\\\/05\\\/weber-recht-steuern-karlsruhe-baden-baden-3.png\",\"contentUrl\":\"https:\\\/\\\/www.weberlaw.de\\\/wp-content\\\/uploads\\\/2020\\\/05\\\/weber-recht-steuern-karlsruhe-baden-baden-3.png\",\"width\":890,\"height\":200,\"caption\":\"Weber Recht & Steuern Kanzlei\"},\"image\":{\"@id\":\"https:\\\/\\\/www.weberlaw.de\\\/de\\\/#\\\/schema\\\/logo\\\/image\\\/\"},\"sameAs\":[\"https:\\\/\\\/de.linkedin.com\\\/in\\\/konstantinweber\"]},{\"@type\":\"Person\",\"@id\":\"https:\\\/\\\/www.weberlaw.de\\\/de\\\/#\\\/schema\\\/person\\\/aa3de834799230a63dfdf264ad0a9f09\",\"name\":\"Konstantin Weber\",\"image\":{\"@type\":\"ImageObject\",\"inLanguage\":\"de\",\"@id\":\"https:\\\/\\\/secure.gravatar.com\\\/avatar\\\/c729da3aba19b03c8c704e97d38ca7d4f52fc7a904621d45b197baee2c1ce0e0?s=96&d=mm&r=g\",\"url\":\"https:\\\/\\\/secure.gravatar.com\\\/avatar\\\/c729da3aba19b03c8c704e97d38ca7d4f52fc7a904621d45b197baee2c1ce0e0?s=96&d=mm&r=g\",\"contentUrl\":\"https:\\\/\\\/secure.gravatar.com\\\/avatar\\\/c729da3aba19b03c8c704e97d38ca7d4f52fc7a904621d45b197baee2c1ce0e0?s=96&d=mm&r=g\",\"caption\":\"Konstantin Weber\"},\"description\":\"Vita Studiert in Heidelberg, Rechtsreferendariat in Karlsruhe, Stuttgart und Providence (USA) abgeschlossen, lebend und arbeitend in Karlsruhe und Baden-Baden. Verheiratet und zwei Kinder, Fachautor und Vortragender im Umsatzsteuerrecht, Steuerstrafrecht, Steuerstreitrecht und Wirtschaftsstrafrecht. Mehr Information..\"}]}<\/script>\n<!-- \/ Yoast SEO plugin. -->","yoast_head_json":{"title":"Verwechslung des Reverse-Charge-Verfahrens, Rechtsfolgen","description":"Verwechslung des Reverse-Charge-Verfahrens nach \u00a7 13b UStG (\u00dcbergang der Steuerschuldnerschaft auf den Leistungsempf\u00e4nger) und Rechtsfolgen","robots":{"index":"index","follow":"follow","max-snippet":"max-snippet:-1","max-image-preview":"max-image-preview:large","max-video-preview":"max-video-preview:-1"},"canonical":"https:\/\/www.weberlaw.de\/de\/verwechslung-des-reverse-charge-verfahrens\/","og_locale":"de_DE","og_type":"article","og_title":"Verwechslung des Reverse-Charge-Verfahrens, Rechtsfolgen","og_description":"Verwechslung des Reverse-Charge-Verfahrens nach \u00a7 13b UStG (\u00dcbergang der Steuerschuldnerschaft auf den Leistungsempf\u00e4nger) und Rechtsfolgen","og_url":"https:\/\/www.weberlaw.de\/de\/verwechslung-des-reverse-charge-verfahrens\/","og_site_name":"Weber | Recht &amp; Steuern","article_published_time":"2025-11-03T13:46:20+00:00","article_modified_time":"2026-04-01T13:47:40+00:00","author":"Konstantin Weber","twitter_card":"summary_large_image","twitter_misc":{"Verfasst von":"Konstantin Weber","Gesch\u00e4tzte Lesezeit":"1\u00a0Minute"},"schema":{"@context":"https:\/\/schema.org","@graph":[{"@type":"Article","@id":"https:\/\/www.weberlaw.de\/de\/verwechslung-des-reverse-charge-verfahrens\/#article","isPartOf":{"@id":"https:\/\/www.weberlaw.de\/de\/verwechslung-des-reverse-charge-verfahrens\/"},"author":{"name":"Konstantin Weber","@id":"https:\/\/www.weberlaw.de\/de\/#\/schema\/person\/aa3de834799230a63dfdf264ad0a9f09"},"headline":"Verwechslung des Reverse-Charge-Verfahrens nach \u00a7 13b UStG und steuerstrafrechtliche Folgen; Beitrag im PStR (Praxis Steuerstrafrecht) 11\/2020 (S. 263-264) von RA\/FAStR Kostantin Weber [\u2026] \u00bb","datePublished":"2025-11-03T13:46:20+00:00","dateModified":"2026-04-01T13:47:40+00:00","mainEntityOfPage":{"@id":"https:\/\/www.weberlaw.de\/de\/verwechslung-des-reverse-charge-verfahrens\/"},"wordCount":122,"publisher":{"@id":"https:\/\/www.weberlaw.de\/de\/#organization"},"articleSection":["Newsletter"],"inLanguage":"de"},{"@type":"WebPage","@id":"https:\/\/www.weberlaw.de\/de\/verwechslung-des-reverse-charge-verfahrens\/","url":"https:\/\/www.weberlaw.de\/de\/verwechslung-des-reverse-charge-verfahrens\/","name":"Verwechslung des Reverse-Charge-Verfahrens, Rechtsfolgen","isPartOf":{"@id":"https:\/\/www.weberlaw.de\/de\/#website"},"datePublished":"2025-11-03T13:46:20+00:00","dateModified":"2026-04-01T13:47:40+00:00","description":"Verwechslung des Reverse-Charge-Verfahrens nach \u00a7 13b UStG (\u00dcbergang der Steuerschuldnerschaft auf den Leistungsempf\u00e4nger) und Rechtsfolgen","breadcrumb":{"@id":"https:\/\/www.weberlaw.de\/de\/verwechslung-des-reverse-charge-verfahrens\/#breadcrumb"},"inLanguage":"de","potentialAction":[{"@type":"ReadAction","target":["https:\/\/www.weberlaw.de\/de\/verwechslung-des-reverse-charge-verfahrens\/"]}]},{"@type":"BreadcrumbList","@id":"https:\/\/www.weberlaw.de\/de\/verwechslung-des-reverse-charge-verfahrens\/#breadcrumb","itemListElement":[{"@type":"ListItem","position":1,"name":"Kanzlei f\u00fcr Recht &amp; Steuern","item":"https:\/\/www.weberlaw.de\/de\/fachanwalt-fuer-steuerrecht-in-karlsruhe-ettlingen-kanzlei-weber\/"},{"@type":"ListItem","position":2,"name":"Verwechslung des Reverse-Charge-Verfahrens nach \u00a7 13b UStG und steuerstrafrechtliche Folgen; Beitrag im PStR (Praxis Steuerstrafrecht) 11\/2020 (S. 263-264) von RA\/FAStR Kostantin Weber [\u2026] \u00bb"}]},{"@type":"WebSite","@id":"https:\/\/www.weberlaw.de\/de\/#website","url":"https:\/\/www.weberlaw.de\/de\/","name":"Weber | Recht &amp; Steuern","description":"Kanzlei f\u00fcr Wirtschafts- und Steuerrecht","publisher":{"@id":"https:\/\/www.weberlaw.de\/de\/#organization"},"potentialAction":[{"@type":"SearchAction","target":{"@type":"EntryPoint","urlTemplate":"https:\/\/www.weberlaw.de\/de\/?s={search_term_string}"},"query-input":{"@type":"PropertyValueSpecification","valueRequired":true,"valueName":"search_term_string"}}],"inLanguage":"de"},{"@type":"Organization","@id":"https:\/\/www.weberlaw.de\/de\/#organization","name":"Weber Recht & Steuern Kanzlei","url":"https:\/\/www.weberlaw.de\/de\/","logo":{"@type":"ImageObject","inLanguage":"de","@id":"https:\/\/www.weberlaw.de\/de\/#\/schema\/logo\/image\/","url":"https:\/\/www.weberlaw.de\/wp-content\/uploads\/2020\/05\/weber-recht-steuern-karlsruhe-baden-baden-3.png","contentUrl":"https:\/\/www.weberlaw.de\/wp-content\/uploads\/2020\/05\/weber-recht-steuern-karlsruhe-baden-baden-3.png","width":890,"height":200,"caption":"Weber Recht & Steuern Kanzlei"},"image":{"@id":"https:\/\/www.weberlaw.de\/de\/#\/schema\/logo\/image\/"},"sameAs":["https:\/\/de.linkedin.com\/in\/konstantinweber"]},{"@type":"Person","@id":"https:\/\/www.weberlaw.de\/de\/#\/schema\/person\/aa3de834799230a63dfdf264ad0a9f09","name":"Konstantin Weber","image":{"@type":"ImageObject","inLanguage":"de","@id":"https:\/\/secure.gravatar.com\/avatar\/c729da3aba19b03c8c704e97d38ca7d4f52fc7a904621d45b197baee2c1ce0e0?s=96&d=mm&r=g","url":"https:\/\/secure.gravatar.com\/avatar\/c729da3aba19b03c8c704e97d38ca7d4f52fc7a904621d45b197baee2c1ce0e0?s=96&d=mm&r=g","contentUrl":"https:\/\/secure.gravatar.com\/avatar\/c729da3aba19b03c8c704e97d38ca7d4f52fc7a904621d45b197baee2c1ce0e0?s=96&d=mm&r=g","caption":"Konstantin Weber"},"description":"Vita Studiert in Heidelberg, Rechtsreferendariat in Karlsruhe, Stuttgart und Providence (USA) abgeschlossen, lebend und arbeitend in Karlsruhe und Baden-Baden. Verheiratet und zwei Kinder, Fachautor und Vortragender im Umsatzsteuerrecht, Steuerstrafrecht, Steuerstreitrecht und Wirtschaftsstrafrecht. Mehr Information.."}]}},"_links":{"self":[{"href":"https:\/\/www.weberlaw.de\/de\/wp-json\/wp\/v2\/posts\/802","targetHints":{"allow":["GET"]}}],"collection":[{"href":"https:\/\/www.weberlaw.de\/de\/wp-json\/wp\/v2\/posts"}],"about":[{"href":"https:\/\/www.weberlaw.de\/de\/wp-json\/wp\/v2\/types\/post"}],"author":[{"embeddable":true,"href":"https:\/\/www.weberlaw.de\/de\/wp-json\/wp\/v2\/users\/2"}],"replies":[{"embeddable":true,"href":"https:\/\/www.weberlaw.de\/de\/wp-json\/wp\/v2\/comments?post=802"}],"version-history":[{"count":5,"href":"https:\/\/www.weberlaw.de\/de\/wp-json\/wp\/v2\/posts\/802\/revisions"}],"predecessor-version":[{"id":2683,"href":"https:\/\/www.weberlaw.de\/de\/wp-json\/wp\/v2\/posts\/802\/revisions\/2683"}],"wp:attachment":[{"href":"https:\/\/www.weberlaw.de\/de\/wp-json\/wp\/v2\/media?parent=802"}],"wp:term":[{"taxonomy":"category","embeddable":true,"href":"https:\/\/www.weberlaw.de\/de\/wp-json\/wp\/v2\/categories?post=802"},{"taxonomy":"post_tag","embeddable":true,"href":"https:\/\/www.weberlaw.de\/de\/wp-json\/wp\/v2\/tags?post=802"}],"curies":[{"name":"wp","href":"https:\/\/api.w.org\/{rel}","templated":true}]}}