{"id":807,"date":"2020-01-13T16:34:06","date_gmt":"2020-01-13T16:34:06","guid":{"rendered":"https:\/\/www.weberlaw.de\/?p=807"},"modified":"2026-04-01T13:43:36","modified_gmt":"2026-04-01T13:43:36","slug":"konsignationslager-neuer-%c2%a7-6b-ustg","status":"publish","type":"post","link":"https:\/\/www.weberlaw.de\/de\/konsignationslager-neuer-%c2%a7-6b-ustg\/","title":{"rendered":"Konsignationslager, neuer \u00a7 6b UStG, Beitrag im Datev-Magazin 11\/2020 (S. 22-25) von RA\/FAStR Konstantin Weber [\u2026] \u00bb"},"content":{"rendered":"<div class=\"entry-content\">\n<h3 style=\"text-align: left;\"><strong>Konsignationslager, neuer \u00a7 6b UStG:<\/strong><\/h3>\n<\/div>\n<p style=\"text-align: left;\">Zu Beginn des Jahres 2020 sind neue Umsatzsteuer-Gesetze zur Besteuerung von Ums\u00e4tzen \u00fcber Konsignationslager in Deutschland in Kraft treten.<\/p>\n<p style=\"text-align: left;\">Mehr dazu ist in meinem Beitrag (Datev-Magazin) unter folgendem Link kostenlos zu lesen:<\/p>\n<div class=\"entry-content\">\n<p style=\"text-align: left;\"><a href=\"https:\/\/www.datev-magazin.de\/praxis\/steuerberatung\/ein-neues-buerokratiemonster-34983?fbclid=IwAR3ehxD6WjubPLqGw78EtFZOQwIpIm-_RFkNsSOIqLTJNqN1CQuXL4Qaex4\">https:\/\/www.datev-magazin.de\/praxis\/steuerberatung\/ein-neues-buerokratiemonster-34983?fbclid=IwAR3ehxD6WjubPLqGw78EtFZOQwIpIm-_RFkNsSOIqLTJNqN1CQuXL4Qaex4<\/a><\/p>\n<p style=\"text-align: left;\">Ansprechpartner f\u00fcr Umsatzsteuerrecht, Steuerstrafrecht, Wirtschaftsstrafrecht und Steuerstreitrecht (Einspruchs- und Finanzgerichtsverfahren), Seminare und Inhouse-Schulungen: Konstantin Weber, Rechtsanwalt und Fachanwalt f\u00fcr Steuerrecht, Karlsruhe und Baden-Baden<\/p>\n<p style=\"text-align: left;\">Kontakt:\u00a0<a href=\"https:\/\/www.weberlaw.de\/de\/\">https:\/\/www.weberlaw.de\/de\/<\/a><\/p>\n<p style=\"text-align: left;\">Karlsruhe, Bruchsal, Rastatt, Ettlingen, Offenburg, Pforzheim, Baden-Baden, Speyer, B\u00fchl, Gaggenau, Freudenstadt, Nagold, Horb am Neckar, Rheinstetten, Bretten, Wagh\u00e4usel, Landau in der Pfalz, Germersheim, Neustadt an der Weinstra\u00dfe, Ludwigshafen am Rhein, Frankenthal (Pfalz), Ludwigshafen am Rhein, Mannheim, Schwetzingen, Heidelberg, Hockenheim, Wiesloch, Sinsheim, Mosbach, Neckargm\u00fcnd, Bad Rappenau, Eppingen, Heilbronn, Ludwigsburg, Stuttgart<\/p>\n<\/div>\n","protected":false},"excerpt":{"rendered":"<p>Konsignationslager, neuer \u00a7 6b UStG: Zu Beginn des Jahres 2020 sind neue Umsatzsteuer-Gesetze zur Besteuerung von Ums\u00e4tzen \u00fcber Konsignationslager in Deutschland in Kraft treten. Mehr dazu ist in meinem Beitrag (Datev-Magazin) unter folgendem Link kostenlos zu lesen: https:\/\/www.datev-magazin.de\/praxis\/steuerberatung\/ein-neues-buerokratiemonster-34983?fbclid=IwAR3ehxD6WjubPLqGw78EtFZOQwIpIm-_RFkNsSOIqLTJNqN1CQuXL4Qaex4 Ansprechpartner f\u00fcr Umsatzsteuerrecht, Steuerstrafrecht, Wirtschaftsstrafrecht und Steuerstreitrecht (Einspruchs- und Finanzgerichtsverfahren), Seminare und Inhouse-Schulungen: Konstantin Weber, Rechtsanwalt und [&hellip;]<\/p>\n","protected":false},"author":2,"featured_media":0,"comment_status":"closed","ping_status":"closed","sticky":false,"template":"","format":"standard","meta":{"footnotes":""},"categories":[1],"tags":[],"class_list":["post-807","post","type-post","status-publish","format-standard","hentry","category-newsletter"],"yoast_head":"<!-- This site is optimized with the Yoast SEO plugin v27.3 - https:\/\/yoast.com\/product\/yoast-seo-wordpress\/ -->\n<title>Konsignationslager neuer \u00a7 6b UStG, Besteuerung von Ums\u00e4tzen<\/title>\n<meta name=\"description\" content=\"Konsignationslager neuer \u00a7 6b UStG, neue Besteuerung von Ums\u00e4tzen \u00fcber Konsignationslager in Deutschland in Kraft treten.\" \/>\n<meta name=\"robots\" content=\"index, follow, max-snippet:-1, max-image-preview:large, max-video-preview:-1\" \/>\n<link rel=\"canonical\" href=\"https:\/\/www.weberlaw.de\/de\/konsignationslager-neuer-\u00a7-6b-ustg\/\" \/>\n<meta property=\"og:locale\" content=\"de_DE\" \/>\n<meta property=\"og:type\" content=\"article\" \/>\n<meta property=\"og:title\" content=\"Konsignationslager neuer \u00a7 6b UStG, Besteuerung von Ums\u00e4tzen\" \/>\n<meta property=\"og:description\" content=\"Konsignationslager neuer \u00a7 6b UStG, neue Besteuerung von Ums\u00e4tzen \u00fcber Konsignationslager in Deutschland in Kraft treten.\" \/>\n<meta property=\"og:url\" content=\"https:\/\/www.weberlaw.de\/de\/konsignationslager-neuer-\u00a7-6b-ustg\/\" \/>\n<meta property=\"og:site_name\" content=\"Weber | Recht &amp; Steuern\" \/>\n<meta property=\"article:published_time\" content=\"2020-01-13T16:34:06+00:00\" \/>\n<meta property=\"article:modified_time\" content=\"2026-04-01T13:43:36+00:00\" \/>\n<meta name=\"author\" content=\"Konstantin Weber\" \/>\n<meta name=\"twitter:card\" content=\"summary_large_image\" \/>\n<meta name=\"twitter:label1\" content=\"Verfasst von\" \/>\n\t<meta name=\"twitter:data1\" content=\"Konstantin Weber\" \/>\n\t<meta name=\"twitter:label2\" content=\"Gesch\u00e4tzte Lesezeit\" \/>\n\t<meta name=\"twitter:data2\" content=\"1\u00a0Minute\" \/>\n<script type=\"application\/ld+json\" class=\"yoast-schema-graph\">{\"@context\":\"https:\\\/\\\/schema.org\",\"@graph\":[{\"@type\":\"Article\",\"@id\":\"https:\\\/\\\/www.weberlaw.de\\\/de\\\/konsignationslager-neuer-%c2%a7-6b-ustg\\\/#article\",\"isPartOf\":{\"@id\":\"https:\\\/\\\/www.weberlaw.de\\\/de\\\/konsignationslager-neuer-%c2%a7-6b-ustg\\\/\"},\"author\":{\"name\":\"Konstantin Weber\",\"@id\":\"https:\\\/\\\/www.weberlaw.de\\\/de\\\/#\\\/schema\\\/person\\\/aa3de834799230a63dfdf264ad0a9f09\"},\"headline\":\"Konsignationslager, neuer \u00a7 6b UStG, Beitrag im Datev-Magazin 11\\\/2020 (S. 22-25) von RA\\\/FAStR Konstantin Weber [\u2026] \u00bb\",\"datePublished\":\"2020-01-13T16:34:06+00:00\",\"dateModified\":\"2026-04-01T13:43:36+00:00\",\"mainEntityOfPage\":{\"@id\":\"https:\\\/\\\/www.weberlaw.de\\\/de\\\/konsignationslager-neuer-%c2%a7-6b-ustg\\\/\"},\"wordCount\":149,\"publisher\":{\"@id\":\"https:\\\/\\\/www.weberlaw.de\\\/de\\\/#organization\"},\"articleSection\":[\"Newsletter\"],\"inLanguage\":\"de\"},{\"@type\":\"WebPage\",\"@id\":\"https:\\\/\\\/www.weberlaw.de\\\/de\\\/konsignationslager-neuer-%c2%a7-6b-ustg\\\/\",\"url\":\"https:\\\/\\\/www.weberlaw.de\\\/de\\\/konsignationslager-neuer-%c2%a7-6b-ustg\\\/\",\"name\":\"Konsignationslager neuer \u00a7 6b UStG, Besteuerung von Ums\u00e4tzen\",\"isPartOf\":{\"@id\":\"https:\\\/\\\/www.weberlaw.de\\\/de\\\/#website\"},\"datePublished\":\"2020-01-13T16:34:06+00:00\",\"dateModified\":\"2026-04-01T13:43:36+00:00\",\"description\":\"Konsignationslager neuer \u00a7 6b UStG, neue Besteuerung von Ums\u00e4tzen \u00fcber Konsignationslager in Deutschland in Kraft treten.\",\"breadcrumb\":{\"@id\":\"https:\\\/\\\/www.weberlaw.de\\\/de\\\/konsignationslager-neuer-%c2%a7-6b-ustg\\\/#breadcrumb\"},\"inLanguage\":\"de\",\"potentialAction\":[{\"@type\":\"ReadAction\",\"target\":[\"https:\\\/\\\/www.weberlaw.de\\\/de\\\/konsignationslager-neuer-%c2%a7-6b-ustg\\\/\"]}]},{\"@type\":\"BreadcrumbList\",\"@id\":\"https:\\\/\\\/www.weberlaw.de\\\/de\\\/konsignationslager-neuer-%c2%a7-6b-ustg\\\/#breadcrumb\",\"itemListElement\":[{\"@type\":\"ListItem\",\"position\":1,\"name\":\"Kanzlei f\u00fcr Recht &amp; Steuern\",\"item\":\"https:\\\/\\\/www.weberlaw.de\\\/de\\\/fachanwalt-fuer-steuerrecht-in-karlsruhe-ettlingen-kanzlei-weber\\\/\"},{\"@type\":\"ListItem\",\"position\":2,\"name\":\"Konsignationslager, neuer \u00a7 6b UStG, Beitrag im Datev-Magazin 11\\\/2020 (S. 22-25) von RA\\\/FAStR Konstantin Weber [\u2026] \u00bb\"}]},{\"@type\":\"WebSite\",\"@id\":\"https:\\\/\\\/www.weberlaw.de\\\/de\\\/#website\",\"url\":\"https:\\\/\\\/www.weberlaw.de\\\/de\\\/\",\"name\":\"Weber | Recht &amp; Steuern\",\"description\":\"Kanzlei f\u00fcr Wirtschafts- und Steuerrecht\",\"publisher\":{\"@id\":\"https:\\\/\\\/www.weberlaw.de\\\/de\\\/#organization\"},\"potentialAction\":[{\"@type\":\"SearchAction\",\"target\":{\"@type\":\"EntryPoint\",\"urlTemplate\":\"https:\\\/\\\/www.weberlaw.de\\\/de\\\/?s={search_term_string}\"},\"query-input\":{\"@type\":\"PropertyValueSpecification\",\"valueRequired\":true,\"valueName\":\"search_term_string\"}}],\"inLanguage\":\"de\"},{\"@type\":\"Organization\",\"@id\":\"https:\\\/\\\/www.weberlaw.de\\\/de\\\/#organization\",\"name\":\"Weber Recht & Steuern Kanzlei\",\"url\":\"https:\\\/\\\/www.weberlaw.de\\\/de\\\/\",\"logo\":{\"@type\":\"ImageObject\",\"inLanguage\":\"de\",\"@id\":\"https:\\\/\\\/www.weberlaw.de\\\/de\\\/#\\\/schema\\\/logo\\\/image\\\/\",\"url\":\"https:\\\/\\\/www.weberlaw.de\\\/wp-content\\\/uploads\\\/2020\\\/05\\\/weber-recht-steuern-karlsruhe-baden-baden-3.png\",\"contentUrl\":\"https:\\\/\\\/www.weberlaw.de\\\/wp-content\\\/uploads\\\/2020\\\/05\\\/weber-recht-steuern-karlsruhe-baden-baden-3.png\",\"width\":890,\"height\":200,\"caption\":\"Weber Recht & Steuern Kanzlei\"},\"image\":{\"@id\":\"https:\\\/\\\/www.weberlaw.de\\\/de\\\/#\\\/schema\\\/logo\\\/image\\\/\"},\"sameAs\":[\"https:\\\/\\\/de.linkedin.com\\\/in\\\/konstantinweber\"]},{\"@type\":\"Person\",\"@id\":\"https:\\\/\\\/www.weberlaw.de\\\/de\\\/#\\\/schema\\\/person\\\/aa3de834799230a63dfdf264ad0a9f09\",\"name\":\"Konstantin Weber\",\"image\":{\"@type\":\"ImageObject\",\"inLanguage\":\"de\",\"@id\":\"https:\\\/\\\/secure.gravatar.com\\\/avatar\\\/c729da3aba19b03c8c704e97d38ca7d4f52fc7a904621d45b197baee2c1ce0e0?s=96&d=mm&r=g\",\"url\":\"https:\\\/\\\/secure.gravatar.com\\\/avatar\\\/c729da3aba19b03c8c704e97d38ca7d4f52fc7a904621d45b197baee2c1ce0e0?s=96&d=mm&r=g\",\"contentUrl\":\"https:\\\/\\\/secure.gravatar.com\\\/avatar\\\/c729da3aba19b03c8c704e97d38ca7d4f52fc7a904621d45b197baee2c1ce0e0?s=96&d=mm&r=g\",\"caption\":\"Konstantin Weber\"},\"description\":\"Vita Studiert in Heidelberg, Rechtsreferendariat in Karlsruhe, Stuttgart und Providence (USA) abgeschlossen, lebend und arbeitend in Karlsruhe und Baden-Baden. Verheiratet und zwei Kinder, Fachautor und Vortragender im Umsatzsteuerrecht, Steuerstrafrecht, Steuerstreitrecht und Wirtschaftsstrafrecht. Mehr Information..\"}]}<\/script>\n<!-- \/ Yoast SEO plugin. -->","yoast_head_json":{"title":"Konsignationslager neuer \u00a7 6b UStG, Besteuerung von Ums\u00e4tzen","description":"Konsignationslager neuer \u00a7 6b UStG, neue Besteuerung von Ums\u00e4tzen \u00fcber Konsignationslager in Deutschland in Kraft treten.","robots":{"index":"index","follow":"follow","max-snippet":"max-snippet:-1","max-image-preview":"max-image-preview:large","max-video-preview":"max-video-preview:-1"},"canonical":"https:\/\/www.weberlaw.de\/de\/konsignationslager-neuer-\u00a7-6b-ustg\/","og_locale":"de_DE","og_type":"article","og_title":"Konsignationslager neuer \u00a7 6b UStG, Besteuerung von Ums\u00e4tzen","og_description":"Konsignationslager neuer \u00a7 6b UStG, neue Besteuerung von Ums\u00e4tzen \u00fcber Konsignationslager in Deutschland in Kraft treten.","og_url":"https:\/\/www.weberlaw.de\/de\/konsignationslager-neuer-\u00a7-6b-ustg\/","og_site_name":"Weber | Recht &amp; Steuern","article_published_time":"2020-01-13T16:34:06+00:00","article_modified_time":"2026-04-01T13:43:36+00:00","author":"Konstantin Weber","twitter_card":"summary_large_image","twitter_misc":{"Verfasst von":"Konstantin Weber","Gesch\u00e4tzte Lesezeit":"1\u00a0Minute"},"schema":{"@context":"https:\/\/schema.org","@graph":[{"@type":"Article","@id":"https:\/\/www.weberlaw.de\/de\/konsignationslager-neuer-%c2%a7-6b-ustg\/#article","isPartOf":{"@id":"https:\/\/www.weberlaw.de\/de\/konsignationslager-neuer-%c2%a7-6b-ustg\/"},"author":{"name":"Konstantin Weber","@id":"https:\/\/www.weberlaw.de\/de\/#\/schema\/person\/aa3de834799230a63dfdf264ad0a9f09"},"headline":"Konsignationslager, neuer \u00a7 6b UStG, Beitrag im Datev-Magazin 11\/2020 (S. 22-25) von RA\/FAStR Konstantin Weber [\u2026] \u00bb","datePublished":"2020-01-13T16:34:06+00:00","dateModified":"2026-04-01T13:43:36+00:00","mainEntityOfPage":{"@id":"https:\/\/www.weberlaw.de\/de\/konsignationslager-neuer-%c2%a7-6b-ustg\/"},"wordCount":149,"publisher":{"@id":"https:\/\/www.weberlaw.de\/de\/#organization"},"articleSection":["Newsletter"],"inLanguage":"de"},{"@type":"WebPage","@id":"https:\/\/www.weberlaw.de\/de\/konsignationslager-neuer-%c2%a7-6b-ustg\/","url":"https:\/\/www.weberlaw.de\/de\/konsignationslager-neuer-%c2%a7-6b-ustg\/","name":"Konsignationslager neuer \u00a7 6b UStG, Besteuerung von Ums\u00e4tzen","isPartOf":{"@id":"https:\/\/www.weberlaw.de\/de\/#website"},"datePublished":"2020-01-13T16:34:06+00:00","dateModified":"2026-04-01T13:43:36+00:00","description":"Konsignationslager neuer \u00a7 6b UStG, neue Besteuerung von Ums\u00e4tzen \u00fcber Konsignationslager in Deutschland in Kraft treten.","breadcrumb":{"@id":"https:\/\/www.weberlaw.de\/de\/konsignationslager-neuer-%c2%a7-6b-ustg\/#breadcrumb"},"inLanguage":"de","potentialAction":[{"@type":"ReadAction","target":["https:\/\/www.weberlaw.de\/de\/konsignationslager-neuer-%c2%a7-6b-ustg\/"]}]},{"@type":"BreadcrumbList","@id":"https:\/\/www.weberlaw.de\/de\/konsignationslager-neuer-%c2%a7-6b-ustg\/#breadcrumb","itemListElement":[{"@type":"ListItem","position":1,"name":"Kanzlei f\u00fcr Recht &amp; Steuern","item":"https:\/\/www.weberlaw.de\/de\/fachanwalt-fuer-steuerrecht-in-karlsruhe-ettlingen-kanzlei-weber\/"},{"@type":"ListItem","position":2,"name":"Konsignationslager, neuer \u00a7 6b UStG, Beitrag im Datev-Magazin 11\/2020 (S. 22-25) von RA\/FAStR Konstantin Weber [\u2026] \u00bb"}]},{"@type":"WebSite","@id":"https:\/\/www.weberlaw.de\/de\/#website","url":"https:\/\/www.weberlaw.de\/de\/","name":"Weber | Recht &amp; Steuern","description":"Kanzlei f\u00fcr Wirtschafts- und Steuerrecht","publisher":{"@id":"https:\/\/www.weberlaw.de\/de\/#organization"},"potentialAction":[{"@type":"SearchAction","target":{"@type":"EntryPoint","urlTemplate":"https:\/\/www.weberlaw.de\/de\/?s={search_term_string}"},"query-input":{"@type":"PropertyValueSpecification","valueRequired":true,"valueName":"search_term_string"}}],"inLanguage":"de"},{"@type":"Organization","@id":"https:\/\/www.weberlaw.de\/de\/#organization","name":"Weber Recht & Steuern Kanzlei","url":"https:\/\/www.weberlaw.de\/de\/","logo":{"@type":"ImageObject","inLanguage":"de","@id":"https:\/\/www.weberlaw.de\/de\/#\/schema\/logo\/image\/","url":"https:\/\/www.weberlaw.de\/wp-content\/uploads\/2020\/05\/weber-recht-steuern-karlsruhe-baden-baden-3.png","contentUrl":"https:\/\/www.weberlaw.de\/wp-content\/uploads\/2020\/05\/weber-recht-steuern-karlsruhe-baden-baden-3.png","width":890,"height":200,"caption":"Weber Recht & Steuern Kanzlei"},"image":{"@id":"https:\/\/www.weberlaw.de\/de\/#\/schema\/logo\/image\/"},"sameAs":["https:\/\/de.linkedin.com\/in\/konstantinweber"]},{"@type":"Person","@id":"https:\/\/www.weberlaw.de\/de\/#\/schema\/person\/aa3de834799230a63dfdf264ad0a9f09","name":"Konstantin Weber","image":{"@type":"ImageObject","inLanguage":"de","@id":"https:\/\/secure.gravatar.com\/avatar\/c729da3aba19b03c8c704e97d38ca7d4f52fc7a904621d45b197baee2c1ce0e0?s=96&d=mm&r=g","url":"https:\/\/secure.gravatar.com\/avatar\/c729da3aba19b03c8c704e97d38ca7d4f52fc7a904621d45b197baee2c1ce0e0?s=96&d=mm&r=g","contentUrl":"https:\/\/secure.gravatar.com\/avatar\/c729da3aba19b03c8c704e97d38ca7d4f52fc7a904621d45b197baee2c1ce0e0?s=96&d=mm&r=g","caption":"Konstantin Weber"},"description":"Vita Studiert in Heidelberg, Rechtsreferendariat in Karlsruhe, Stuttgart und Providence (USA) abgeschlossen, lebend und arbeitend in Karlsruhe und Baden-Baden. Verheiratet und zwei Kinder, Fachautor und Vortragender im Umsatzsteuerrecht, Steuerstrafrecht, Steuerstreitrecht und Wirtschaftsstrafrecht. Mehr Information.."}]}},"_links":{"self":[{"href":"https:\/\/www.weberlaw.de\/de\/wp-json\/wp\/v2\/posts\/807","targetHints":{"allow":["GET"]}}],"collection":[{"href":"https:\/\/www.weberlaw.de\/de\/wp-json\/wp\/v2\/posts"}],"about":[{"href":"https:\/\/www.weberlaw.de\/de\/wp-json\/wp\/v2\/types\/post"}],"author":[{"embeddable":true,"href":"https:\/\/www.weberlaw.de\/de\/wp-json\/wp\/v2\/users\/2"}],"replies":[{"embeddable":true,"href":"https:\/\/www.weberlaw.de\/de\/wp-json\/wp\/v2\/comments?post=807"}],"version-history":[{"count":4,"href":"https:\/\/www.weberlaw.de\/de\/wp-json\/wp\/v2\/posts\/807\/revisions"}],"predecessor-version":[{"id":2763,"href":"https:\/\/www.weberlaw.de\/de\/wp-json\/wp\/v2\/posts\/807\/revisions\/2763"}],"wp:attachment":[{"href":"https:\/\/www.weberlaw.de\/de\/wp-json\/wp\/v2\/media?parent=807"}],"wp:term":[{"taxonomy":"category","embeddable":true,"href":"https:\/\/www.weberlaw.de\/de\/wp-json\/wp\/v2\/categories?post=807"},{"taxonomy":"post_tag","embeddable":true,"href":"https:\/\/www.weberlaw.de\/de\/wp-json\/wp\/v2\/tags?post=807"}],"curies":[{"name":"wp","href":"https:\/\/api.w.org\/{rel}","templated":true}]}}