{"id":1636,"date":"2024-06-04T15:19:32","date_gmt":"2024-06-04T15:19:32","guid":{"rendered":"https:\/\/www.weberlaw.de\/?p=1636"},"modified":"2024-06-05T12:45:22","modified_gmt":"2024-06-05T12:45:22","slug":"verfolgungsverjaehrung-im-steuerstrafrecht-nwb-steuer-und-wirtschafsrecht-nr-22-2024-s-1526-1535-%cb%83","status":"publish","type":"post","link":"https:\/\/www.weberlaw.de\/en\/verfolgungsverjaehrung-im-steuerstrafrecht-nwb-steuer-und-wirtschafsrecht-nr-22-2024-s-1526-1535-%cb%83\/","title":{"rendered":"Verfolgungsverj\u00e4hrung im Steuerstrafrecht, NWB Steuer- und Wirtschafsrecht Nr. 22\/2024 S. 1526-1535 [\u2026] \u02c3"},"content":{"rendered":"<p style=\"text-align: left;\">Im Jahr 2020 sind die gesetzlichen Vorschriften \u00fcber die Verfolgungsverj\u00e4hrung bei Steuerhinterziehung und die Einziehung von Tatertr\u00e4gen versch\u00e4rft worden.<\/p>\n<p style=\"text-align: left;\">Dem nachfolgenden von mir verfassten Beitrag &#8220;Verfolgungsverj\u00e4hrung im Steuerstrafrecht&#8221; in der Fachzeitschrift &#8220;NWB Steuer-und Wirtschaftsrecht 22\/2024&#8221; sind Praxishinweise und Beispiele zu entnehmen, die versch\u00e4rften Vorschriften der Verfolgungsverj\u00e4hrung im Steuerstrafrecht betreffen.<\/p>\n<p style=\"text-align: left;\">Dieser Beitrag ist nachfolgend in voller L\u00e4nge und f\u00fcr bestimmte Zeit kostenlos abrufbar:<\/p>\n<p style=\"text-align: left;\"><strong><a href=\"https:\/\/datenbank.nwb.de\/start\/showdoi\/?doi=XAAAJ-67478&amp;starter=autoren&amp;date=20241203&amp;sig=Hm6YBTeJdbIKVdhS1ygEyDzEm733cuD5s1oSS44cfnBrkQUueEpV1PJJlGaMsC1TjpP0HqgalfdXWvSmtVwqtC\">Verfolgungsverj\u00e4hrung im Steuerstrafrecht &#8211; NWB Zeitschriften<\/a><\/strong><\/p>\n<p style=\"text-align: left;\">Gem\u00e4\u00df \u00a7 376 Abs. 1 AO betr\u00e4gt die Verj\u00e4hrungsfrist 15 Jahre in den F\u00e4llen der besonders schwerer Steuerhinterziehung nach \u00a7 370 Abs. 3 Satz 2 Nr.1-Nr.6 AO.<\/p>\n<p style=\"text-align: left;\">Die regul\u00e4re Verfolgungsverj\u00e4hrung von besonders schweren F\u00e4llen der Steuerhinterziehung nach \u00a7 370 Abs. 3 Satz 2 Nr.1-Nr.6 AO betrug noch im Jahr 2008 10 Jahre (vgl. JStG 2009 v.19.12. 2008, BGBl. 2008, 2794 = BStBl. I 2009, 74).<\/p>\n<p style=\"text-align: left;\">Die Verl\u00e4ngerung der Verj\u00e4hrungsfrist auf 15 Jahre (vgl. JStG 2020 v.21.12.2020, BGBl. 2020,2396 = BStBl. I 2021, 6) hatte vor allem einen politischen Hintergrund, da dadurch die Strafverfolgung der sogenannten Cum-Ex-Gesch\u00e4fte erm\u00f6glicht werden sollte (vgl. BVerfG, Beschluss v. 7.4.2022 &#8211; 2 BvR 2194\/21).<\/p>\n<p style=\"text-align: left;\">Es ist zu ber\u00fccksichtigen, dass die verl\u00e4ngerte Verj\u00e4hrungsfrist von 15 Jahren auf alle F\u00e4lle anzuwenden ist, die bei dem Inkrafttreten der gesetzlichen \u00c4nderung des JStG 2020 am 29.12.2020 noch nicht verj\u00e4hrt waren (vgl. Artikel 97 \u00a7 23 EGAO analog).<\/p>\n<p style=\"text-align: left;\">Die Verj\u00e4hrungsfrist f\u00fcr jedes der verletzten Strafgesetze bestimmt sich bei der Tateinheit nach dessen Grunds\u00e4tzen (vgl. BGH, Beschluss v. 22.10.2008 \u2013 1 StR 503\/08).<\/p>\n<p style=\"text-align: left;\">Ansprechpartner f\u00fcr Steuerstrafrecht, Wirtschaftsstrafrecht, Steuerstreitrecht (Einspruchs- und Finanzgerichtsverfahren), Seminare und Inhouse-Schulungen: Konstantin Weber, Rechtsanwalt und Fachanwalt f\u00fcr Steuerrecht, Karlsruhe, Bruchsal, Rastatt, Ettlingen, Offenburg, Pforzheim, Baden-Baden, Speyer, B\u00fchl, Gaggenau, Freudenstadt, Nagold, Horb am Neckar, Rheinstetten, Bretten, Wagh\u00e4usel, Landau in der Pfalz, Germersheim, Neustadt an der Weinstra\u00dfe, Ludwigshafen am Rhein, Frankenthal (Pfalz), Ludwigshafen am Rhein, Mannheim, Schwetzingen, Heidelberg, Hockenheim, Wiesloch, Sinsheim, Mosbach, Neckargm\u00fcnd, Bad Rappenau, Eppingen, Heilbronn, Ludwigsburg, Stuttgart<\/p>\n<p style=\"text-align: left;\">Kontakt:\u00a0<strong><a href=\"https:\/\/www.weberlaw.de\/de\/\">https:\/\/www.weberlaw.de\/de\/<\/a><\/strong><\/p>\n<p>&nbsp;<\/p>\n","protected":false},"excerpt":{"rendered":"<p>Im Jahr 2020 sind die gesetzlichen Vorschriften \u00fcber die Verfolgungsverj\u00e4hrung bei Steuerhinterziehung und die Einziehung von Tatertr\u00e4gen versch\u00e4rft worden. Dem nachfolgenden von mir verfassten Beitrag &#8220;Verfolgungsverj\u00e4hrung im Steuerstrafrecht&#8221; in der Fachzeitschrift &#8220;NWB Steuer-und Wirtschaftsrecht 22\/2024&#8221; sind Praxishinweise und Beispiele zu entnehmen, die versch\u00e4rften Vorschriften der Verfolgungsverj\u00e4hrung im Steuerstrafrecht betreffen. Dieser Beitrag ist nachfolgend in voller [&hellip;]<\/p>\n","protected":false},"author":1,"featured_media":0,"comment_status":"closed","ping_status":"closed","sticky":false,"template":"","format":"standard","meta":{"footnotes":""},"categories":[1],"tags":[],"class_list":["post-1636","post","type-post","status-publish","format-standard","hentry","category-newsletter"],"yoast_head":"<!-- This site is optimized with the Yoast SEO plugin v27.3 - https:\/\/yoast.com\/product\/yoast-seo-wordpress\/ -->\n<title>Verfolgungsverj\u00e4hrung im Steuerstrafrecht<\/title>\n<meta name=\"description\" content=\"Verfolgungsverj\u00e4hrung im Steuerstrafrecht, Versch\u00e4rfung des Gesetzes in F\u00e4llen der besonders schwerer Steuerhinterziehung\" \/>\n<meta name=\"robots\" content=\"index, follow, max-snippet:-1, max-image-preview:large, max-video-preview:-1\" \/>\n<link rel=\"canonical\" href=\"https:\/\/www.weberlaw.de\/de\/verfolgungsverjaehrung-im-steuerstrafrecht-nwb-steuer-und-wirtschafsrecht-nr-22-2024-s-1526-1535-\u02c3\/\" \/>\n<meta property=\"og:locale\" content=\"en_US\" \/>\n<meta property=\"og:type\" content=\"article\" \/>\n<meta property=\"og:title\" content=\"Verfolgungsverj\u00e4hrung im Steuerstrafrecht\" \/>\n<meta property=\"og:description\" content=\"Verfolgungsverj\u00e4hrung im Steuerstrafrecht, Versch\u00e4rfung des Gesetzes in F\u00e4llen der besonders schwerer Steuerhinterziehung\" \/>\n<meta property=\"og:url\" content=\"https:\/\/www.weberlaw.de\/de\/verfolgungsverjaehrung-im-steuerstrafrecht-nwb-steuer-und-wirtschafsrecht-nr-22-2024-s-1526-1535-\u02c3\/\" \/>\n<meta property=\"og:site_name\" content=\"Weber | Recht &amp; Steuern\" \/>\n<meta property=\"article:published_time\" content=\"2024-06-04T15:19:32+00:00\" \/>\n<meta property=\"article:modified_time\" content=\"2024-06-05T12:45:22+00:00\" \/>\n<meta name=\"author\" content=\"schilling\" \/>\n<meta name=\"twitter:card\" content=\"summary_large_image\" \/>\n<meta name=\"twitter:label1\" content=\"Written by\" \/>\n\t<meta name=\"twitter:data1\" content=\"schilling\" \/>\n\t<meta name=\"twitter:label2\" content=\"Est. reading time\" \/>\n\t<meta name=\"twitter:data2\" content=\"2 minutes\" \/>\n<script type=\"application\/ld+json\" class=\"yoast-schema-graph\">{\"@context\":\"https:\\\/\\\/schema.org\",\"@graph\":[{\"@type\":\"Article\",\"@id\":\"https:\\\/\\\/www.weberlaw.de\\\/de\\\/verfolgungsverjaehrung-im-steuerstrafrecht-nwb-steuer-und-wirtschafsrecht-nr-22-2024-s-1526-1535-%cb%83\\\/#article\",\"isPartOf\":{\"@id\":\"https:\\\/\\\/www.weberlaw.de\\\/de\\\/verfolgungsverjaehrung-im-steuerstrafrecht-nwb-steuer-und-wirtschafsrecht-nr-22-2024-s-1526-1535-%cb%83\\\/\"},\"author\":{\"name\":\"schilling\",\"@id\":\"https:\\\/\\\/www.weberlaw.de\\\/de\\\/#\\\/schema\\\/person\\\/f306a27e3ce3ce7f30ea9f3842a105f1\"},\"headline\":\"Verfolgungsverj\u00e4hrung im Steuerstrafrecht, NWB Steuer- und Wirtschafsrecht Nr. 22\\\/2024 S. 1526-1535 [\u2026] \u02c3\",\"datePublished\":\"2024-06-04T15:19:32+00:00\",\"dateModified\":\"2024-06-05T12:45:22+00:00\",\"mainEntityOfPage\":{\"@id\":\"https:\\\/\\\/www.weberlaw.de\\\/de\\\/verfolgungsverjaehrung-im-steuerstrafrecht-nwb-steuer-und-wirtschafsrecht-nr-22-2024-s-1526-1535-%cb%83\\\/\"},\"wordCount\":317,\"publisher\":{\"@id\":\"https:\\\/\\\/www.weberlaw.de\\\/de\\\/#organization\"},\"articleSection\":[\"Newsletter\"],\"inLanguage\":\"en-US\"},{\"@type\":\"WebPage\",\"@id\":\"https:\\\/\\\/www.weberlaw.de\\\/de\\\/verfolgungsverjaehrung-im-steuerstrafrecht-nwb-steuer-und-wirtschafsrecht-nr-22-2024-s-1526-1535-%cb%83\\\/\",\"url\":\"https:\\\/\\\/www.weberlaw.de\\\/de\\\/verfolgungsverjaehrung-im-steuerstrafrecht-nwb-steuer-und-wirtschafsrecht-nr-22-2024-s-1526-1535-%cb%83\\\/\",\"name\":\"Verfolgungsverj\u00e4hrung im Steuerstrafrecht\",\"isPartOf\":{\"@id\":\"https:\\\/\\\/www.weberlaw.de\\\/de\\\/#website\"},\"datePublished\":\"2024-06-04T15:19:32+00:00\",\"dateModified\":\"2024-06-05T12:45:22+00:00\",\"description\":\"Verfolgungsverj\u00e4hrung im Steuerstrafrecht, Versch\u00e4rfung des Gesetzes in F\u00e4llen der besonders schwerer Steuerhinterziehung\",\"breadcrumb\":{\"@id\":\"https:\\\/\\\/www.weberlaw.de\\\/de\\\/verfolgungsverjaehrung-im-steuerstrafrecht-nwb-steuer-und-wirtschafsrecht-nr-22-2024-s-1526-1535-%cb%83\\\/#breadcrumb\"},\"inLanguage\":\"en-US\",\"potentialAction\":[{\"@type\":\"ReadAction\",\"target\":[\"https:\\\/\\\/www.weberlaw.de\\\/de\\\/verfolgungsverjaehrung-im-steuerstrafrecht-nwb-steuer-und-wirtschafsrecht-nr-22-2024-s-1526-1535-%cb%83\\\/\"]}]},{\"@type\":\"BreadcrumbList\",\"@id\":\"https:\\\/\\\/www.weberlaw.de\\\/de\\\/verfolgungsverjaehrung-im-steuerstrafrecht-nwb-steuer-und-wirtschafsrecht-nr-22-2024-s-1526-1535-%cb%83\\\/#breadcrumb\",\"itemListElement\":[{\"@type\":\"ListItem\",\"position\":1,\"name\":\"Kanzlei f\u00fcr Recht &amp; Steuern\",\"item\":\"https:\\\/\\\/www.weberlaw.de\\\/en\\\/law-tax-office-karlsruhe-germany\\\/\"},{\"@type\":\"ListItem\",\"position\":2,\"name\":\"Verfolgungsverj\u00e4hrung im Steuerstrafrecht, NWB Steuer- und Wirtschafsrecht Nr. 22\\\/2024 S. 1526-1535 [\u2026] \u02c3\"}]},{\"@type\":\"WebSite\",\"@id\":\"https:\\\/\\\/www.weberlaw.de\\\/de\\\/#website\",\"url\":\"https:\\\/\\\/www.weberlaw.de\\\/de\\\/\",\"name\":\"Weber | Recht &amp; Steuern\",\"description\":\"Kanzlei f\u00fcr Wirtschafts- und Steuerrecht\",\"publisher\":{\"@id\":\"https:\\\/\\\/www.weberlaw.de\\\/de\\\/#organization\"},\"potentialAction\":[{\"@type\":\"SearchAction\",\"target\":{\"@type\":\"EntryPoint\",\"urlTemplate\":\"https:\\\/\\\/www.weberlaw.de\\\/de\\\/?s={search_term_string}\"},\"query-input\":{\"@type\":\"PropertyValueSpecification\",\"valueRequired\":true,\"valueName\":\"search_term_string\"}}],\"inLanguage\":\"en-US\"},{\"@type\":\"Organization\",\"@id\":\"https:\\\/\\\/www.weberlaw.de\\\/de\\\/#organization\",\"name\":\"Weber Recht & Steuern Kanzlei\",\"url\":\"https:\\\/\\\/www.weberlaw.de\\\/de\\\/\",\"logo\":{\"@type\":\"ImageObject\",\"inLanguage\":\"en-US\",\"@id\":\"https:\\\/\\\/www.weberlaw.de\\\/de\\\/#\\\/schema\\\/logo\\\/image\\\/\",\"url\":\"https:\\\/\\\/www.weberlaw.de\\\/wp-content\\\/uploads\\\/2020\\\/05\\\/weber-recht-steuern-karlsruhe-baden-baden-3.png\",\"contentUrl\":\"https:\\\/\\\/www.weberlaw.de\\\/wp-content\\\/uploads\\\/2020\\\/05\\\/weber-recht-steuern-karlsruhe-baden-baden-3.png\",\"width\":890,\"height\":200,\"caption\":\"Weber Recht & Steuern Kanzlei\"},\"image\":{\"@id\":\"https:\\\/\\\/www.weberlaw.de\\\/de\\\/#\\\/schema\\\/logo\\\/image\\\/\"},\"sameAs\":[\"https:\\\/\\\/de.linkedin.com\\\/in\\\/konstantinweber\"]},{\"@type\":\"Person\",\"@id\":\"https:\\\/\\\/www.weberlaw.de\\\/de\\\/#\\\/schema\\\/person\\\/f306a27e3ce3ce7f30ea9f3842a105f1\",\"name\":\"schilling\",\"image\":{\"@type\":\"ImageObject\",\"inLanguage\":\"en-US\",\"@id\":\"https:\\\/\\\/secure.gravatar.com\\\/avatar\\\/7243dca98927f4c0495fb7ed4e5184bf2f4c35b7fb602ba5b17423291fb905e3?s=96&d=mm&r=g\",\"url\":\"https:\\\/\\\/secure.gravatar.com\\\/avatar\\\/7243dca98927f4c0495fb7ed4e5184bf2f4c35b7fb602ba5b17423291fb905e3?s=96&d=mm&r=g\",\"contentUrl\":\"https:\\\/\\\/secure.gravatar.com\\\/avatar\\\/7243dca98927f4c0495fb7ed4e5184bf2f4c35b7fb602ba5b17423291fb905e3?s=96&d=mm&r=g\",\"caption\":\"schilling\"}}]}<\/script>\n<!-- \/ Yoast SEO plugin. -->","yoast_head_json":{"title":"Verfolgungsverj\u00e4hrung im Steuerstrafrecht","description":"Verfolgungsverj\u00e4hrung im Steuerstrafrecht, Versch\u00e4rfung des Gesetzes in F\u00e4llen der besonders schwerer Steuerhinterziehung","robots":{"index":"index","follow":"follow","max-snippet":"max-snippet:-1","max-image-preview":"max-image-preview:large","max-video-preview":"max-video-preview:-1"},"canonical":"https:\/\/www.weberlaw.de\/de\/verfolgungsverjaehrung-im-steuerstrafrecht-nwb-steuer-und-wirtschafsrecht-nr-22-2024-s-1526-1535-\u02c3\/","og_locale":"en_US","og_type":"article","og_title":"Verfolgungsverj\u00e4hrung im Steuerstrafrecht","og_description":"Verfolgungsverj\u00e4hrung im Steuerstrafrecht, Versch\u00e4rfung des Gesetzes in F\u00e4llen der besonders schwerer Steuerhinterziehung","og_url":"https:\/\/www.weberlaw.de\/de\/verfolgungsverjaehrung-im-steuerstrafrecht-nwb-steuer-und-wirtschafsrecht-nr-22-2024-s-1526-1535-\u02c3\/","og_site_name":"Weber | Recht &amp; Steuern","article_published_time":"2024-06-04T15:19:32+00:00","article_modified_time":"2024-06-05T12:45:22+00:00","author":"schilling","twitter_card":"summary_large_image","twitter_misc":{"Written by":"schilling","Est. reading time":"2 minutes"},"schema":{"@context":"https:\/\/schema.org","@graph":[{"@type":"Article","@id":"https:\/\/www.weberlaw.de\/de\/verfolgungsverjaehrung-im-steuerstrafrecht-nwb-steuer-und-wirtschafsrecht-nr-22-2024-s-1526-1535-%cb%83\/#article","isPartOf":{"@id":"https:\/\/www.weberlaw.de\/de\/verfolgungsverjaehrung-im-steuerstrafrecht-nwb-steuer-und-wirtschafsrecht-nr-22-2024-s-1526-1535-%cb%83\/"},"author":{"name":"schilling","@id":"https:\/\/www.weberlaw.de\/de\/#\/schema\/person\/f306a27e3ce3ce7f30ea9f3842a105f1"},"headline":"Verfolgungsverj\u00e4hrung im Steuerstrafrecht, NWB Steuer- und Wirtschafsrecht Nr. 22\/2024 S. 1526-1535 [\u2026] \u02c3","datePublished":"2024-06-04T15:19:32+00:00","dateModified":"2024-06-05T12:45:22+00:00","mainEntityOfPage":{"@id":"https:\/\/www.weberlaw.de\/de\/verfolgungsverjaehrung-im-steuerstrafrecht-nwb-steuer-und-wirtschafsrecht-nr-22-2024-s-1526-1535-%cb%83\/"},"wordCount":317,"publisher":{"@id":"https:\/\/www.weberlaw.de\/de\/#organization"},"articleSection":["Newsletter"],"inLanguage":"en-US"},{"@type":"WebPage","@id":"https:\/\/www.weberlaw.de\/de\/verfolgungsverjaehrung-im-steuerstrafrecht-nwb-steuer-und-wirtschafsrecht-nr-22-2024-s-1526-1535-%cb%83\/","url":"https:\/\/www.weberlaw.de\/de\/verfolgungsverjaehrung-im-steuerstrafrecht-nwb-steuer-und-wirtschafsrecht-nr-22-2024-s-1526-1535-%cb%83\/","name":"Verfolgungsverj\u00e4hrung im Steuerstrafrecht","isPartOf":{"@id":"https:\/\/www.weberlaw.de\/de\/#website"},"datePublished":"2024-06-04T15:19:32+00:00","dateModified":"2024-06-05T12:45:22+00:00","description":"Verfolgungsverj\u00e4hrung im Steuerstrafrecht, Versch\u00e4rfung des Gesetzes in F\u00e4llen der besonders schwerer Steuerhinterziehung","breadcrumb":{"@id":"https:\/\/www.weberlaw.de\/de\/verfolgungsverjaehrung-im-steuerstrafrecht-nwb-steuer-und-wirtschafsrecht-nr-22-2024-s-1526-1535-%cb%83\/#breadcrumb"},"inLanguage":"en-US","potentialAction":[{"@type":"ReadAction","target":["https:\/\/www.weberlaw.de\/de\/verfolgungsverjaehrung-im-steuerstrafrecht-nwb-steuer-und-wirtschafsrecht-nr-22-2024-s-1526-1535-%cb%83\/"]}]},{"@type":"BreadcrumbList","@id":"https:\/\/www.weberlaw.de\/de\/verfolgungsverjaehrung-im-steuerstrafrecht-nwb-steuer-und-wirtschafsrecht-nr-22-2024-s-1526-1535-%cb%83\/#breadcrumb","itemListElement":[{"@type":"ListItem","position":1,"name":"Kanzlei f\u00fcr Recht &amp; Steuern","item":"https:\/\/www.weberlaw.de\/en\/law-tax-office-karlsruhe-germany\/"},{"@type":"ListItem","position":2,"name":"Verfolgungsverj\u00e4hrung im Steuerstrafrecht, NWB Steuer- und Wirtschafsrecht Nr. 22\/2024 S. 1526-1535 [\u2026] \u02c3"}]},{"@type":"WebSite","@id":"https:\/\/www.weberlaw.de\/de\/#website","url":"https:\/\/www.weberlaw.de\/de\/","name":"Weber | Recht &amp; Steuern","description":"Kanzlei f\u00fcr Wirtschafts- und Steuerrecht","publisher":{"@id":"https:\/\/www.weberlaw.de\/de\/#organization"},"potentialAction":[{"@type":"SearchAction","target":{"@type":"EntryPoint","urlTemplate":"https:\/\/www.weberlaw.de\/de\/?s={search_term_string}"},"query-input":{"@type":"PropertyValueSpecification","valueRequired":true,"valueName":"search_term_string"}}],"inLanguage":"en-US"},{"@type":"Organization","@id":"https:\/\/www.weberlaw.de\/de\/#organization","name":"Weber Recht & Steuern Kanzlei","url":"https:\/\/www.weberlaw.de\/de\/","logo":{"@type":"ImageObject","inLanguage":"en-US","@id":"https:\/\/www.weberlaw.de\/de\/#\/schema\/logo\/image\/","url":"https:\/\/www.weberlaw.de\/wp-content\/uploads\/2020\/05\/weber-recht-steuern-karlsruhe-baden-baden-3.png","contentUrl":"https:\/\/www.weberlaw.de\/wp-content\/uploads\/2020\/05\/weber-recht-steuern-karlsruhe-baden-baden-3.png","width":890,"height":200,"caption":"Weber Recht & Steuern Kanzlei"},"image":{"@id":"https:\/\/www.weberlaw.de\/de\/#\/schema\/logo\/image\/"},"sameAs":["https:\/\/de.linkedin.com\/in\/konstantinweber"]},{"@type":"Person","@id":"https:\/\/www.weberlaw.de\/de\/#\/schema\/person\/f306a27e3ce3ce7f30ea9f3842a105f1","name":"schilling","image":{"@type":"ImageObject","inLanguage":"en-US","@id":"https:\/\/secure.gravatar.com\/avatar\/7243dca98927f4c0495fb7ed4e5184bf2f4c35b7fb602ba5b17423291fb905e3?s=96&d=mm&r=g","url":"https:\/\/secure.gravatar.com\/avatar\/7243dca98927f4c0495fb7ed4e5184bf2f4c35b7fb602ba5b17423291fb905e3?s=96&d=mm&r=g","contentUrl":"https:\/\/secure.gravatar.com\/avatar\/7243dca98927f4c0495fb7ed4e5184bf2f4c35b7fb602ba5b17423291fb905e3?s=96&d=mm&r=g","caption":"schilling"}}]}},"_links":{"self":[{"href":"https:\/\/www.weberlaw.de\/en\/wp-json\/wp\/v2\/posts\/1636","targetHints":{"allow":["GET"]}}],"collection":[{"href":"https:\/\/www.weberlaw.de\/en\/wp-json\/wp\/v2\/posts"}],"about":[{"href":"https:\/\/www.weberlaw.de\/en\/wp-json\/wp\/v2\/types\/post"}],"author":[{"embeddable":true,"href":"https:\/\/www.weberlaw.de\/en\/wp-json\/wp\/v2\/users\/1"}],"replies":[{"embeddable":true,"href":"https:\/\/www.weberlaw.de\/en\/wp-json\/wp\/v2\/comments?post=1636"}],"version-history":[{"count":3,"href":"https:\/\/www.weberlaw.de\/en\/wp-json\/wp\/v2\/posts\/1636\/revisions"}],"predecessor-version":[{"id":1640,"href":"https:\/\/www.weberlaw.de\/en\/wp-json\/wp\/v2\/posts\/1636\/revisions\/1640"}],"wp:attachment":[{"href":"https:\/\/www.weberlaw.de\/en\/wp-json\/wp\/v2\/media?parent=1636"}],"wp:term":[{"taxonomy":"category","embeddable":true,"href":"https:\/\/www.weberlaw.de\/en\/wp-json\/wp\/v2\/categories?post=1636"},{"taxonomy":"post_tag","embeddable":true,"href":"https:\/\/www.weberlaw.de\/en\/wp-json\/wp\/v2\/tags?post=1636"}],"curies":[{"name":"wp","href":"https:\/\/api.w.org\/{rel}","templated":true}]}}