{"id":671,"date":"2019-12-03T16:30:51","date_gmt":"2019-12-03T16:30:51","guid":{"rendered":"https:\/\/weberlaw.de\/de\/news-blog\/157-anhebung-des-umsatzes-bei-kleinunternehmern-und-vereinfachung-der-umsatzsteuer-voranmeldungen-bei-neugr%C3%BCndungen-in-deutschland-%E2%80%93-drittes-b%C3%BCrokratieentlastungsgesetz-%E2%80%A6-%C2%BB"},"modified":"2024-05-17T15:12:31","modified_gmt":"2024-05-17T15:12:31","slug":"anhebung-des-umsatzes-bei-kleinunternehmern-und-vereinfachung-der-umsatzsteuer-voranmeldungen-bei-neugruendungen-in-deutschland","status":"publish","type":"post","link":"https:\/\/www.weberlaw.de\/en\/anhebung-des-umsatzes-bei-kleinunternehmern-und-vereinfachung-der-umsatzsteuer-voranmeldungen-bei-neugruendungen-in-deutschland\/","title":{"rendered":"Anhebung des Umsatzes bei Kleinunternehmern und Vereinfachung der Umsatzsteuer-Voranmeldungen bei Neugr\u00fcndungen in Deutschland [\u2026] \u00bb"},"content":{"rendered":"<p style=\"text-align: left;\"><strong>Der Bundesrat hat dem vom Bundestag beschlossenen Dritten B\u00fcrokratieentlastungsgesetz am 8.11.2019 zugestimmt, das am 1.1.2020 in Kraft treten soll.<\/strong><\/p>\n<p style=\"text-align: left;\"><strong>Kleinunternehmerregelung:<\/strong><\/p>\n<p style=\"text-align: left;\">Bisher regelte \u00a7 19 Abs.1 S.1 UStG, dass die geschuldete Umsatzsteuer nicht erhoben wird, wenn der Umsatz zuz\u00fcglich der darauf entfallenden Steuer im vorangegangenen Kalenderjahr 17.500\u00a0\u20ac nicht \u00fcberstiegen hat und im laufenden Kalenderjahr 50.000 \u20ac voraussichtlich nicht \u00fcbersteigen wird.<\/p>\n<p style=\"text-align: left;\">Nun wird \u00a7 19 Abs.1 S.1 UStG dahingehend ge\u00e4ndert, dass 17.500 \u20ac durch <strong>22.000 \u20ac<\/strong> ersetzt werden.<\/p>\n<p style=\"text-align: left;\">Der Vorjahresumsatz wird daher auf 22.000 \u20ac angehoben.<\/p>\n<p style=\"text-align: left;\">Die Neuregelung ist ab dem Kalenderjahr 2020 anzuwenden. Kleinunternehmer k\u00f6nnen aber bereits im laufenden Jahr 2019 einen Umsatz bis 22.000\u00a0\u20ac erzielen, ohne dadurch die Anwendung der Kleinunternehmerregelung ab 2020 zu gef\u00e4hrden.<\/p>\n<p style=\"text-align: left;\"><strong>Umsatzsteuer-Voranmeldungen bei Neugr\u00fcndungen:<\/strong><\/p>\n<p style=\"text-align: left;\">Bisher regelte \u00a7 18 Abs.2 S.4 UStG, dass Unternehmen im Jahr der Gr\u00fcndung und im Folgejahr von der Verpflichtung, <strong>monatliche<\/strong> Umsatzsteuer-Voranmeldungen abzugeben, befreit wurden.<\/p>\n<p style=\"text-align: left;\">Nun wird in \u00a7 18 Abs.2 S.4 UStG dahingehend geregelt, dass Unternehmen im Jahr der Gr\u00fcndung und im Folgejahr von der Verpflichtung, <strong>viertelj\u00e4hrlich<\/strong> Umsatzsteuer-Voranmeldungen abzugeben, befreit werden.<\/p>\n<p style=\"text-align: left;\">Allerdings gilt die neue Regelung erst f\u00fcr die Jahre 2021 bis 2026.<\/p>\n<p>Ansprechpartner f\u00fcr Steuerstrafrecht, Wirtschaftsstrafrecht, Steuerstreitrecht und Umsatzsteuerrecht, Seminare und Inhouse-Schulungen: Konstantin Weber, Rechtsanwalt und Fachanwalt f\u00fcr Steuerrecht, Karlsruhe, Bruchsal, Rastatt, Ettlingen, Offenburg, Pforzheim, Baden-Baden, Speyer, B\u00fchl, Gaggenau, Freudenstadt, Nagold, Horb am Neckar, Rheinstetten, Bretten, Wagh\u00e4usel, Landau in der Pfalz, Germersheim, Neustadt an der Weinstra\u00dfe, Ludwigshafen am Rhein, Frankenthal (Pfalz), Ludwigshafen am Rhein, Mannheim, Schwetzingen, Heidelberg, Hockenheim, Wiesloch, Sinsheim, Mosbach, Neckargm\u00fcnd, Bad Rappenau, Eppingen, Heilbronn, Ludwigsburg, Stuttgart<\/p>\n<p>Kontakt:\u00a0<a href=\"https:\/\/www.weberlaw.de\/de\/\"><strong>https:\/\/www.weberlaw.de\/de\/<\/strong><\/a><\/p>\n","protected":false},"excerpt":{"rendered":"<p>Der Bundesrat hat dem vom Bundestag beschlossenen Dritten B\u00fcrokratieentlastungsgesetz am 8.11.2019 zugestimmt, das am 1.1.2020 in Kraft treten soll. Kleinunternehmerregelung: Bisher regelte \u00a7 19 Abs.1 S.1 UStG, dass die geschuldete Umsatzsteuer nicht erhoben wird, wenn der Umsatz zuz\u00fcglich der darauf entfallenden Steuer im vorangegangenen Kalenderjahr 17.500\u00a0\u20ac nicht \u00fcberstiegen hat und im laufenden Kalenderjahr 50.000 \u20ac [&hellip;]<\/p>\n","protected":false},"author":2,"featured_media":0,"comment_status":"closed","ping_status":"closed","sticky":false,"template":"","format":"standard","meta":{"footnotes":""},"categories":[1],"tags":[],"class_list":["post-671","post","type-post","status-publish","format-standard","hentry","category-newsletter"],"yoast_head":"<!-- This site is optimized with the Yoast SEO plugin v27.3 - https:\/\/yoast.com\/product\/yoast-seo-wordpress\/ -->\n<title>Kleinunternehmer und Neugr\u00fcndungen<\/title>\n<meta name=\"description\" content=\"Umsatzsteuer, Anhebung des Umsatzes bei Kleinunternehmern, Vereinfachung der Umsatzsteuer-Voranmeldungen, B\u00fcrokratieentlastungsgesetz\" \/>\n<meta name=\"robots\" content=\"index, follow, max-snippet:-1, max-image-preview:large, max-video-preview:-1\" \/>\n<link rel=\"canonical\" href=\"https:\/\/www.weberlaw.de\/de\/anhebung-des-umsatzes-bei-kleinunternehmern-und-vereinfachung-der-umsatzsteuer-voranmeldungen-bei-neugruendungen-in-deutschland\/\" \/>\n<meta property=\"og:locale\" content=\"en_US\" \/>\n<meta property=\"og:type\" content=\"article\" \/>\n<meta property=\"og:title\" content=\"Kleinunternehmer und Neugr\u00fcndungen\" \/>\n<meta property=\"og:description\" content=\"Umsatzsteuer, Anhebung des Umsatzes bei Kleinunternehmern, Vereinfachung der Umsatzsteuer-Voranmeldungen, B\u00fcrokratieentlastungsgesetz\" \/>\n<meta property=\"og:url\" content=\"https:\/\/www.weberlaw.de\/de\/anhebung-des-umsatzes-bei-kleinunternehmern-und-vereinfachung-der-umsatzsteuer-voranmeldungen-bei-neugruendungen-in-deutschland\/\" \/>\n<meta property=\"og:site_name\" content=\"Weber | Recht &amp; Steuern\" \/>\n<meta property=\"article:published_time\" content=\"2019-12-03T16:30:51+00:00\" \/>\n<meta property=\"article:modified_time\" content=\"2024-05-17T15:12:31+00:00\" \/>\n<meta name=\"author\" content=\"Konstantin Weber\" \/>\n<meta name=\"twitter:card\" content=\"summary_large_image\" \/>\n<meta name=\"twitter:label1\" content=\"Written by\" \/>\n\t<meta name=\"twitter:data1\" content=\"Konstantin Weber\" \/>\n\t<meta name=\"twitter:label2\" content=\"Est. reading time\" \/>\n\t<meta name=\"twitter:data2\" content=\"2 minutes\" \/>\n<script type=\"application\/ld+json\" class=\"yoast-schema-graph\">{\"@context\":\"https:\\\/\\\/schema.org\",\"@graph\":[{\"@type\":\"Article\",\"@id\":\"https:\\\/\\\/www.weberlaw.de\\\/de\\\/anhebung-des-umsatzes-bei-kleinunternehmern-und-vereinfachung-der-umsatzsteuer-voranmeldungen-bei-neugruendungen-in-deutschland\\\/#article\",\"isPartOf\":{\"@id\":\"https:\\\/\\\/www.weberlaw.de\\\/de\\\/anhebung-des-umsatzes-bei-kleinunternehmern-und-vereinfachung-der-umsatzsteuer-voranmeldungen-bei-neugruendungen-in-deutschland\\\/\"},\"author\":{\"name\":\"Konstantin Weber\",\"@id\":\"https:\\\/\\\/www.weberlaw.de\\\/de\\\/#\\\/schema\\\/person\\\/aa3de834799230a63dfdf264ad0a9f09\"},\"headline\":\"Anhebung des Umsatzes bei Kleinunternehmern und Vereinfachung der Umsatzsteuer-Voranmeldungen bei Neugr\u00fcndungen in Deutschland [\u2026] \u00bb\",\"datePublished\":\"2019-12-03T16:30:51+00:00\",\"dateModified\":\"2024-05-17T15:12:31+00:00\",\"mainEntityOfPage\":{\"@id\":\"https:\\\/\\\/www.weberlaw.de\\\/de\\\/anhebung-des-umsatzes-bei-kleinunternehmern-und-vereinfachung-der-umsatzsteuer-voranmeldungen-bei-neugruendungen-in-deutschland\\\/\"},\"wordCount\":258,\"publisher\":{\"@id\":\"https:\\\/\\\/www.weberlaw.de\\\/de\\\/#organization\"},\"articleSection\":[\"Newsletter\"],\"inLanguage\":\"en-US\"},{\"@type\":\"WebPage\",\"@id\":\"https:\\\/\\\/www.weberlaw.de\\\/de\\\/anhebung-des-umsatzes-bei-kleinunternehmern-und-vereinfachung-der-umsatzsteuer-voranmeldungen-bei-neugruendungen-in-deutschland\\\/\",\"url\":\"https:\\\/\\\/www.weberlaw.de\\\/de\\\/anhebung-des-umsatzes-bei-kleinunternehmern-und-vereinfachung-der-umsatzsteuer-voranmeldungen-bei-neugruendungen-in-deutschland\\\/\",\"name\":\"Kleinunternehmer und Neugr\u00fcndungen\",\"isPartOf\":{\"@id\":\"https:\\\/\\\/www.weberlaw.de\\\/de\\\/#website\"},\"datePublished\":\"2019-12-03T16:30:51+00:00\",\"dateModified\":\"2024-05-17T15:12:31+00:00\",\"description\":\"Umsatzsteuer, Anhebung des Umsatzes bei Kleinunternehmern, Vereinfachung der Umsatzsteuer-Voranmeldungen, B\u00fcrokratieentlastungsgesetz\",\"breadcrumb\":{\"@id\":\"https:\\\/\\\/www.weberlaw.de\\\/de\\\/anhebung-des-umsatzes-bei-kleinunternehmern-und-vereinfachung-der-umsatzsteuer-voranmeldungen-bei-neugruendungen-in-deutschland\\\/#breadcrumb\"},\"inLanguage\":\"en-US\",\"potentialAction\":[{\"@type\":\"ReadAction\",\"target\":[\"https:\\\/\\\/www.weberlaw.de\\\/de\\\/anhebung-des-umsatzes-bei-kleinunternehmern-und-vereinfachung-der-umsatzsteuer-voranmeldungen-bei-neugruendungen-in-deutschland\\\/\"]}]},{\"@type\":\"BreadcrumbList\",\"@id\":\"https:\\\/\\\/www.weberlaw.de\\\/de\\\/anhebung-des-umsatzes-bei-kleinunternehmern-und-vereinfachung-der-umsatzsteuer-voranmeldungen-bei-neugruendungen-in-deutschland\\\/#breadcrumb\",\"itemListElement\":[{\"@type\":\"ListItem\",\"position\":1,\"name\":\"Kanzlei f\u00fcr Recht &amp; Steuern\",\"item\":\"https:\\\/\\\/www.weberlaw.de\\\/en\\\/law-tax-office-karlsruhe-germany\\\/\"},{\"@type\":\"ListItem\",\"position\":2,\"name\":\"Anhebung des Umsatzes bei Kleinunternehmern und Vereinfachung der Umsatzsteuer-Voranmeldungen bei Neugr\u00fcndungen in Deutschland [\u2026] \u00bb\"}]},{\"@type\":\"WebSite\",\"@id\":\"https:\\\/\\\/www.weberlaw.de\\\/de\\\/#website\",\"url\":\"https:\\\/\\\/www.weberlaw.de\\\/de\\\/\",\"name\":\"Weber | Recht &amp; Steuern\",\"description\":\"Kanzlei f\u00fcr Wirtschafts- und Steuerrecht\",\"publisher\":{\"@id\":\"https:\\\/\\\/www.weberlaw.de\\\/de\\\/#organization\"},\"potentialAction\":[{\"@type\":\"SearchAction\",\"target\":{\"@type\":\"EntryPoint\",\"urlTemplate\":\"https:\\\/\\\/www.weberlaw.de\\\/de\\\/?s={search_term_string}\"},\"query-input\":{\"@type\":\"PropertyValueSpecification\",\"valueRequired\":true,\"valueName\":\"search_term_string\"}}],\"inLanguage\":\"en-US\"},{\"@type\":\"Organization\",\"@id\":\"https:\\\/\\\/www.weberlaw.de\\\/de\\\/#organization\",\"name\":\"Weber Recht & Steuern Kanzlei\",\"url\":\"https:\\\/\\\/www.weberlaw.de\\\/de\\\/\",\"logo\":{\"@type\":\"ImageObject\",\"inLanguage\":\"en-US\",\"@id\":\"https:\\\/\\\/www.weberlaw.de\\\/de\\\/#\\\/schema\\\/logo\\\/image\\\/\",\"url\":\"https:\\\/\\\/www.weberlaw.de\\\/wp-content\\\/uploads\\\/2020\\\/05\\\/weber-recht-steuern-karlsruhe-baden-baden-3.png\",\"contentUrl\":\"https:\\\/\\\/www.weberlaw.de\\\/wp-content\\\/uploads\\\/2020\\\/05\\\/weber-recht-steuern-karlsruhe-baden-baden-3.png\",\"width\":890,\"height\":200,\"caption\":\"Weber Recht & Steuern Kanzlei\"},\"image\":{\"@id\":\"https:\\\/\\\/www.weberlaw.de\\\/de\\\/#\\\/schema\\\/logo\\\/image\\\/\"},\"sameAs\":[\"https:\\\/\\\/de.linkedin.com\\\/in\\\/konstantinweber\"]},{\"@type\":\"Person\",\"@id\":\"https:\\\/\\\/www.weberlaw.de\\\/de\\\/#\\\/schema\\\/person\\\/aa3de834799230a63dfdf264ad0a9f09\",\"name\":\"Konstantin Weber\",\"image\":{\"@type\":\"ImageObject\",\"inLanguage\":\"en-US\",\"@id\":\"https:\\\/\\\/secure.gravatar.com\\\/avatar\\\/c729da3aba19b03c8c704e97d38ca7d4f52fc7a904621d45b197baee2c1ce0e0?s=96&d=mm&r=g\",\"url\":\"https:\\\/\\\/secure.gravatar.com\\\/avatar\\\/c729da3aba19b03c8c704e97d38ca7d4f52fc7a904621d45b197baee2c1ce0e0?s=96&d=mm&r=g\",\"contentUrl\":\"https:\\\/\\\/secure.gravatar.com\\\/avatar\\\/c729da3aba19b03c8c704e97d38ca7d4f52fc7a904621d45b197baee2c1ce0e0?s=96&d=mm&r=g\",\"caption\":\"Konstantin Weber\"},\"description\":\"Vita Studiert in Heidelberg, Rechtsreferendariat in Karlsruhe, Stuttgart und Providence (USA) abgeschlossen, lebend und arbeitend in Karlsruhe und Baden-Baden. Verheiratet und zwei Kinder, Fachautor und Vortragender im Umsatzsteuerrecht, Steuerstrafrecht, Steuerstreitrecht und Wirtschaftsstrafrecht. Mehr Information..\"}]}<\/script>\n<!-- \/ Yoast SEO plugin. -->","yoast_head_json":{"title":"Kleinunternehmer und Neugr\u00fcndungen","description":"Umsatzsteuer, Anhebung des Umsatzes bei Kleinunternehmern, Vereinfachung der Umsatzsteuer-Voranmeldungen, B\u00fcrokratieentlastungsgesetz","robots":{"index":"index","follow":"follow","max-snippet":"max-snippet:-1","max-image-preview":"max-image-preview:large","max-video-preview":"max-video-preview:-1"},"canonical":"https:\/\/www.weberlaw.de\/de\/anhebung-des-umsatzes-bei-kleinunternehmern-und-vereinfachung-der-umsatzsteuer-voranmeldungen-bei-neugruendungen-in-deutschland\/","og_locale":"en_US","og_type":"article","og_title":"Kleinunternehmer und Neugr\u00fcndungen","og_description":"Umsatzsteuer, Anhebung des Umsatzes bei Kleinunternehmern, Vereinfachung der Umsatzsteuer-Voranmeldungen, B\u00fcrokratieentlastungsgesetz","og_url":"https:\/\/www.weberlaw.de\/de\/anhebung-des-umsatzes-bei-kleinunternehmern-und-vereinfachung-der-umsatzsteuer-voranmeldungen-bei-neugruendungen-in-deutschland\/","og_site_name":"Weber | Recht &amp; Steuern","article_published_time":"2019-12-03T16:30:51+00:00","article_modified_time":"2024-05-17T15:12:31+00:00","author":"Konstantin Weber","twitter_card":"summary_large_image","twitter_misc":{"Written by":"Konstantin Weber","Est. reading time":"2 minutes"},"schema":{"@context":"https:\/\/schema.org","@graph":[{"@type":"Article","@id":"https:\/\/www.weberlaw.de\/de\/anhebung-des-umsatzes-bei-kleinunternehmern-und-vereinfachung-der-umsatzsteuer-voranmeldungen-bei-neugruendungen-in-deutschland\/#article","isPartOf":{"@id":"https:\/\/www.weberlaw.de\/de\/anhebung-des-umsatzes-bei-kleinunternehmern-und-vereinfachung-der-umsatzsteuer-voranmeldungen-bei-neugruendungen-in-deutschland\/"},"author":{"name":"Konstantin Weber","@id":"https:\/\/www.weberlaw.de\/de\/#\/schema\/person\/aa3de834799230a63dfdf264ad0a9f09"},"headline":"Anhebung des Umsatzes bei Kleinunternehmern und Vereinfachung der Umsatzsteuer-Voranmeldungen bei Neugr\u00fcndungen in Deutschland [\u2026] \u00bb","datePublished":"2019-12-03T16:30:51+00:00","dateModified":"2024-05-17T15:12:31+00:00","mainEntityOfPage":{"@id":"https:\/\/www.weberlaw.de\/de\/anhebung-des-umsatzes-bei-kleinunternehmern-und-vereinfachung-der-umsatzsteuer-voranmeldungen-bei-neugruendungen-in-deutschland\/"},"wordCount":258,"publisher":{"@id":"https:\/\/www.weberlaw.de\/de\/#organization"},"articleSection":["Newsletter"],"inLanguage":"en-US"},{"@type":"WebPage","@id":"https:\/\/www.weberlaw.de\/de\/anhebung-des-umsatzes-bei-kleinunternehmern-und-vereinfachung-der-umsatzsteuer-voranmeldungen-bei-neugruendungen-in-deutschland\/","url":"https:\/\/www.weberlaw.de\/de\/anhebung-des-umsatzes-bei-kleinunternehmern-und-vereinfachung-der-umsatzsteuer-voranmeldungen-bei-neugruendungen-in-deutschland\/","name":"Kleinunternehmer und Neugr\u00fcndungen","isPartOf":{"@id":"https:\/\/www.weberlaw.de\/de\/#website"},"datePublished":"2019-12-03T16:30:51+00:00","dateModified":"2024-05-17T15:12:31+00:00","description":"Umsatzsteuer, Anhebung des Umsatzes bei Kleinunternehmern, Vereinfachung der Umsatzsteuer-Voranmeldungen, B\u00fcrokratieentlastungsgesetz","breadcrumb":{"@id":"https:\/\/www.weberlaw.de\/de\/anhebung-des-umsatzes-bei-kleinunternehmern-und-vereinfachung-der-umsatzsteuer-voranmeldungen-bei-neugruendungen-in-deutschland\/#breadcrumb"},"inLanguage":"en-US","potentialAction":[{"@type":"ReadAction","target":["https:\/\/www.weberlaw.de\/de\/anhebung-des-umsatzes-bei-kleinunternehmern-und-vereinfachung-der-umsatzsteuer-voranmeldungen-bei-neugruendungen-in-deutschland\/"]}]},{"@type":"BreadcrumbList","@id":"https:\/\/www.weberlaw.de\/de\/anhebung-des-umsatzes-bei-kleinunternehmern-und-vereinfachung-der-umsatzsteuer-voranmeldungen-bei-neugruendungen-in-deutschland\/#breadcrumb","itemListElement":[{"@type":"ListItem","position":1,"name":"Kanzlei f\u00fcr Recht &amp; Steuern","item":"https:\/\/www.weberlaw.de\/en\/law-tax-office-karlsruhe-germany\/"},{"@type":"ListItem","position":2,"name":"Anhebung des Umsatzes bei Kleinunternehmern und Vereinfachung der Umsatzsteuer-Voranmeldungen bei Neugr\u00fcndungen in Deutschland [\u2026] \u00bb"}]},{"@type":"WebSite","@id":"https:\/\/www.weberlaw.de\/de\/#website","url":"https:\/\/www.weberlaw.de\/de\/","name":"Weber | Recht &amp; Steuern","description":"Kanzlei f\u00fcr Wirtschafts- und Steuerrecht","publisher":{"@id":"https:\/\/www.weberlaw.de\/de\/#organization"},"potentialAction":[{"@type":"SearchAction","target":{"@type":"EntryPoint","urlTemplate":"https:\/\/www.weberlaw.de\/de\/?s={search_term_string}"},"query-input":{"@type":"PropertyValueSpecification","valueRequired":true,"valueName":"search_term_string"}}],"inLanguage":"en-US"},{"@type":"Organization","@id":"https:\/\/www.weberlaw.de\/de\/#organization","name":"Weber Recht & Steuern Kanzlei","url":"https:\/\/www.weberlaw.de\/de\/","logo":{"@type":"ImageObject","inLanguage":"en-US","@id":"https:\/\/www.weberlaw.de\/de\/#\/schema\/logo\/image\/","url":"https:\/\/www.weberlaw.de\/wp-content\/uploads\/2020\/05\/weber-recht-steuern-karlsruhe-baden-baden-3.png","contentUrl":"https:\/\/www.weberlaw.de\/wp-content\/uploads\/2020\/05\/weber-recht-steuern-karlsruhe-baden-baden-3.png","width":890,"height":200,"caption":"Weber Recht & Steuern Kanzlei"},"image":{"@id":"https:\/\/www.weberlaw.de\/de\/#\/schema\/logo\/image\/"},"sameAs":["https:\/\/de.linkedin.com\/in\/konstantinweber"]},{"@type":"Person","@id":"https:\/\/www.weberlaw.de\/de\/#\/schema\/person\/aa3de834799230a63dfdf264ad0a9f09","name":"Konstantin Weber","image":{"@type":"ImageObject","inLanguage":"en-US","@id":"https:\/\/secure.gravatar.com\/avatar\/c729da3aba19b03c8c704e97d38ca7d4f52fc7a904621d45b197baee2c1ce0e0?s=96&d=mm&r=g","url":"https:\/\/secure.gravatar.com\/avatar\/c729da3aba19b03c8c704e97d38ca7d4f52fc7a904621d45b197baee2c1ce0e0?s=96&d=mm&r=g","contentUrl":"https:\/\/secure.gravatar.com\/avatar\/c729da3aba19b03c8c704e97d38ca7d4f52fc7a904621d45b197baee2c1ce0e0?s=96&d=mm&r=g","caption":"Konstantin Weber"},"description":"Vita Studiert in Heidelberg, Rechtsreferendariat in Karlsruhe, Stuttgart und Providence (USA) abgeschlossen, lebend und arbeitend in Karlsruhe und Baden-Baden. Verheiratet und zwei Kinder, Fachautor und Vortragender im Umsatzsteuerrecht, Steuerstrafrecht, Steuerstreitrecht und Wirtschaftsstrafrecht. Mehr Information.."}]}},"_links":{"self":[{"href":"https:\/\/www.weberlaw.de\/en\/wp-json\/wp\/v2\/posts\/671","targetHints":{"allow":["GET"]}}],"collection":[{"href":"https:\/\/www.weberlaw.de\/en\/wp-json\/wp\/v2\/posts"}],"about":[{"href":"https:\/\/www.weberlaw.de\/en\/wp-json\/wp\/v2\/types\/post"}],"author":[{"embeddable":true,"href":"https:\/\/www.weberlaw.de\/en\/wp-json\/wp\/v2\/users\/2"}],"replies":[{"embeddable":true,"href":"https:\/\/www.weberlaw.de\/en\/wp-json\/wp\/v2\/comments?post=671"}],"version-history":[{"count":4,"href":"https:\/\/www.weberlaw.de\/en\/wp-json\/wp\/v2\/posts\/671\/revisions"}],"predecessor-version":[{"id":2764,"href":"https:\/\/www.weberlaw.de\/en\/wp-json\/wp\/v2\/posts\/671\/revisions\/2764"}],"wp:attachment":[{"href":"https:\/\/www.weberlaw.de\/en\/wp-json\/wp\/v2\/media?parent=671"}],"wp:term":[{"taxonomy":"category","embeddable":true,"href":"https:\/\/www.weberlaw.de\/en\/wp-json\/wp\/v2\/categories?post=671"},{"taxonomy":"post_tag","embeddable":true,"href":"https:\/\/www.weberlaw.de\/en\/wp-json\/wp\/v2\/tags?post=671"}],"curies":[{"name":"wp","href":"https:\/\/api.w.org\/{rel}","templated":true}]}}