{"id":675,"date":"2025-11-07T13:08:25","date_gmt":"2025-11-07T13:08:25","guid":{"rendered":"https:\/\/weberlaw.de\/de\/news-blog\/153-umsatzsteuer-voraussetzungen-f%C3%BCr-den-vorsteuerabzug-in-f%C3%A4llen-der-umsatzsteuerkarussellen-nach-rspr-des-bfh-%E2%80%A6-%C2%BB"},"modified":"2026-03-30T22:10:35","modified_gmt":"2026-03-30T22:10:35","slug":"umsatzsteuer-voraussetzungen-fuer-den-vorsteuerabzug-in-faellen-der-umsatzsteuerkarussellen-nach-rspr-des-bfh","status":"publish","type":"post","link":"https:\/\/www.weberlaw.de\/en\/umsatzsteuer-voraussetzungen-fuer-den-vorsteuerabzug-in-faellen-der-umsatzsteuerkarussellen-nach-rspr-des-bfh\/","title":{"rendered":"Umsatzsteuer: Voraussetzungen f\u00fcr den Vorsteuerabzug in F\u00e4llen der Umsatzsteuerkarussellen nach Rechtsprechung des BFH [\u2026] \u00bb"},"content":{"rendered":"<p>Dem BFH (<em>BFH-Urteil vom 14.02.2019, Az.: V R 47\/16<\/em>) lag ein Sachverhalt zugrunde, in dem der leistende Unternehmer und der Rechnungsaussteller nicht identisch waren. Der Kl\u00e4ger verlangte als deutscher Unternehmer den Vorsteuerabzug aus den Rechnungen der zwei Firmen, die als sog. <em>missing Trader<\/em> (Nichtunternehmer) und der Kl\u00e4ger als sog. <em>buffer<\/em> (Zwischenh\u00e4ndler) in eine umsatzsteuerliche Betrugskette im Zusammenhang mit den Lieferungen von bestimmten Artikeln eingebunden waren.<\/p>\n<p>Die Lieferungen zwischen den o.g. zwei Firmen und dem Kl\u00e4ger wurden unbestritten nie ausgef\u00fchrt.<\/p>\n<p>Nach deutschem Rechtsverst\u00e4ndnis setzt die Aus\u00fcbung des Vorsteuerabzugs voraus, dass der Unternehmer eine nach den \u00a7\u00a7\u00a014, 14a UStG ausgestellte Rechnung besitzt (\u00a7\u00a015 Abs.\u00a01 Satz\u00a01 Nr.\u00a01 Satz\u00a02 UStG).<\/p>\n<p>In dieser Rechnung m\u00fcssen insbesondere die Angaben \u00fcber den leistenden Unternehmer nach \u00a7\u00a014 Abs.\u00a04 Satz\u00a01 Nr.\u00a01 UStG enthalten sein.<\/p>\n<p>Der Rechnungsaussteller und der leistende Unternehmer m\u00fcssen nach st\u00e4ndiger BFH-Rspr. grds. identisch sind, damit der Leistungsempf\u00e4nger in den Genuss des Vorsteuerabzugs kommen kann (vgl. zuletzt <em>BFH-Urteil vom 10.9.2015 Az.: V R 17\/14<\/em>).<\/p>\n<p>Der BFH stellte fest, dass es an der notwendigen Identit\u00e4t vom leistenden Unternehmer und dem Rechnungsaussteller fehlt, weil die Lieferungen nicht ausgef\u00fchrt wurden, so dass der Vorsteuerabzug dem Kl\u00e4ger aus den Rechnungen der beiden Firmen zu versagen war.<\/p>\n<p>Auch ein Vorsteuerabzug unter Voraussetzungen des Billigkeitsverfahrens nach \u00a7\u00a7 163, 227 AO kam nach dem BFH-Urteil nicht in Betracht, da bei dieser Fallkonstellation jede Grundlage f\u00fcr den Vertrauensschutz als notwendige Voraussetzung des Billigkeitsverfahrens fehlt.<\/p>\n<p>Denn die Gew\u00e4hrung des Vorsteuerabzugs im Rahmen des Billigkeitsverfahrens setzt nach st\u00e4ndiger BFH-Rspr. voraus, dass der Kl\u00e4ger gutgl\u00e4ubig war und er alle erforderlichen Ma\u00dfnahmen zur \u00dcberzeugung der Richtigkeit der Rechnungsabgaben ergriff und die Beteiligung des Kl\u00e4gers an einem Betrug ausgeschlossen war.<\/p>\n<p><strong>Fazit:<\/strong> Bei fehlender Identit\u00e4t zwischen dem leistenden Unternehmer und dem Rechnungsaussteller sowie bei den daraus verfolgten betr\u00fcgerischen Machenschaften der beteiligten Unternehmern ist der Vorsteuerabzug demjenigen Unternehmer zu versagen, an den angeblich die Lieferungen in den betr\u00fcgerischen Absichten auszuf\u00fchren waren.<\/p>\n<p><strong>Ansprechperson:\u00a0Umsatzsteuerberatung, Vertretung vor Finanzgerichten in Umsatzsteuersachen, Umsatzsteuerstrafrecht, Seminare und Inhouse-Schulungen:<\/strong><\/p>\n<p>Konstantin Weber, Rechtsanwalt und Fachanwalt f\u00fcr Steuerrecht, Karlsruhe und Baden-Baden, Deutschland<\/p>\n<p><strong>Kontakt:<\/strong> <a href=\"https:\/\/www.weberlaw.de\/de\/\">https:\/\/www.weberlaw.de\/de\/<\/a> <strong>E-Mail:<\/strong> <a href=\"mailto:kw@weberlaw.de\">kw@weberlaw.de<\/a><\/p>\n","protected":false},"excerpt":{"rendered":"<p>Dem BFH (BFH-Urteil vom 14.02.2019, Az.: V R 47\/16) lag ein Sachverhalt zugrunde, in dem der leistende Unternehmer und der Rechnungsaussteller nicht identisch waren. Der Kl\u00e4ger verlangte als deutscher Unternehmer den Vorsteuerabzug aus den Rechnungen der zwei Firmen, die als sog. missing Trader (Nichtunternehmer) und der Kl\u00e4ger als sog. buffer (Zwischenh\u00e4ndler) in eine umsatzsteuerliche Betrugskette [&hellip;]<\/p>\n","protected":false},"author":2,"featured_media":0,"comment_status":"closed","ping_status":"closed","sticky":false,"template":"","format":"standard","meta":{"footnotes":""},"categories":[1],"tags":[],"class_list":["post-675","post","type-post","status-publish","format-standard","hentry","category-newsletter"],"yoast_head":"<!-- This site is optimized with the Yoast SEO plugin v27.3 - https:\/\/yoast.com\/product\/yoast-seo-wordpress\/ -->\n<title>Voraussetzungen f\u00fcr Vorsteuerabzug in Umsatzsteuerkarussellen<\/title>\n<meta name=\"description\" content=\"Voraussetzungen f\u00fcr den Vorsteuerabzug in F\u00e4llen der Umsatzsteuerkarussellen nach Rechtsprechung des BFH, Aus\u00fcbung des Vorsteuerabzugs\" \/>\n<meta name=\"robots\" content=\"index, follow, max-snippet:-1, max-image-preview:large, max-video-preview:-1\" \/>\n<link rel=\"canonical\" href=\"https:\/\/www.weberlaw.de\/de\/umsatzsteuer-voraussetzungen-fuer-den-vorsteuerabzug-in-faellen-der-umsatzsteuerkarussellen-nach-rspr-des-bfh\/\" \/>\n<meta property=\"og:locale\" content=\"en_US\" \/>\n<meta property=\"og:type\" content=\"article\" \/>\n<meta property=\"og:title\" content=\"Voraussetzungen f\u00fcr Vorsteuerabzug in Umsatzsteuerkarussellen\" \/>\n<meta property=\"og:description\" content=\"Voraussetzungen f\u00fcr den Vorsteuerabzug in F\u00e4llen der Umsatzsteuerkarussellen nach Rechtsprechung des BFH, Aus\u00fcbung des Vorsteuerabzugs\" \/>\n<meta property=\"og:url\" content=\"https:\/\/www.weberlaw.de\/de\/umsatzsteuer-voraussetzungen-fuer-den-vorsteuerabzug-in-faellen-der-umsatzsteuerkarussellen-nach-rspr-des-bfh\/\" \/>\n<meta property=\"og:site_name\" content=\"Weber | Recht &amp; Steuern\" \/>\n<meta property=\"article:published_time\" content=\"2025-11-07T13:08:25+00:00\" \/>\n<meta property=\"article:modified_time\" content=\"2026-03-30T22:10:35+00:00\" \/>\n<meta name=\"author\" content=\"Konstantin Weber\" \/>\n<meta name=\"twitter:card\" content=\"summary_large_image\" \/>\n<meta name=\"twitter:label1\" content=\"Written by\" \/>\n\t<meta name=\"twitter:data1\" content=\"Konstantin Weber\" \/>\n\t<meta name=\"twitter:label2\" content=\"Est. reading time\" \/>\n\t<meta name=\"twitter:data2\" content=\"2 minutes\" \/>\n<script type=\"application\/ld+json\" class=\"yoast-schema-graph\">{\"@context\":\"https:\\\/\\\/schema.org\",\"@graph\":[{\"@type\":\"Article\",\"@id\":\"https:\\\/\\\/www.weberlaw.de\\\/de\\\/umsatzsteuer-voraussetzungen-fuer-den-vorsteuerabzug-in-faellen-der-umsatzsteuerkarussellen-nach-rspr-des-bfh\\\/#article\",\"isPartOf\":{\"@id\":\"https:\\\/\\\/www.weberlaw.de\\\/de\\\/umsatzsteuer-voraussetzungen-fuer-den-vorsteuerabzug-in-faellen-der-umsatzsteuerkarussellen-nach-rspr-des-bfh\\\/\"},\"author\":{\"name\":\"Konstantin Weber\",\"@id\":\"https:\\\/\\\/www.weberlaw.de\\\/de\\\/#\\\/schema\\\/person\\\/aa3de834799230a63dfdf264ad0a9f09\"},\"headline\":\"Umsatzsteuer: Voraussetzungen f\u00fcr den Vorsteuerabzug in F\u00e4llen der Umsatzsteuerkarussellen nach Rechtsprechung des BFH [\u2026] \u00bb\",\"datePublished\":\"2025-11-07T13:08:25+00:00\",\"dateModified\":\"2026-03-30T22:10:35+00:00\",\"mainEntityOfPage\":{\"@id\":\"https:\\\/\\\/www.weberlaw.de\\\/de\\\/umsatzsteuer-voraussetzungen-fuer-den-vorsteuerabzug-in-faellen-der-umsatzsteuerkarussellen-nach-rspr-des-bfh\\\/\"},\"wordCount\":373,\"publisher\":{\"@id\":\"https:\\\/\\\/www.weberlaw.de\\\/de\\\/#organization\"},\"articleSection\":[\"Newsletter\"],\"inLanguage\":\"en-US\"},{\"@type\":\"WebPage\",\"@id\":\"https:\\\/\\\/www.weberlaw.de\\\/de\\\/umsatzsteuer-voraussetzungen-fuer-den-vorsteuerabzug-in-faellen-der-umsatzsteuerkarussellen-nach-rspr-des-bfh\\\/\",\"url\":\"https:\\\/\\\/www.weberlaw.de\\\/de\\\/umsatzsteuer-voraussetzungen-fuer-den-vorsteuerabzug-in-faellen-der-umsatzsteuerkarussellen-nach-rspr-des-bfh\\\/\",\"name\":\"Voraussetzungen f\u00fcr Vorsteuerabzug in Umsatzsteuerkarussellen\",\"isPartOf\":{\"@id\":\"https:\\\/\\\/www.weberlaw.de\\\/de\\\/#website\"},\"datePublished\":\"2025-11-07T13:08:25+00:00\",\"dateModified\":\"2026-03-30T22:10:35+00:00\",\"description\":\"Voraussetzungen f\u00fcr den Vorsteuerabzug in F\u00e4llen der Umsatzsteuerkarussellen nach Rechtsprechung des BFH, Aus\u00fcbung des Vorsteuerabzugs\",\"breadcrumb\":{\"@id\":\"https:\\\/\\\/www.weberlaw.de\\\/de\\\/umsatzsteuer-voraussetzungen-fuer-den-vorsteuerabzug-in-faellen-der-umsatzsteuerkarussellen-nach-rspr-des-bfh\\\/#breadcrumb\"},\"inLanguage\":\"en-US\",\"potentialAction\":[{\"@type\":\"ReadAction\",\"target\":[\"https:\\\/\\\/www.weberlaw.de\\\/de\\\/umsatzsteuer-voraussetzungen-fuer-den-vorsteuerabzug-in-faellen-der-umsatzsteuerkarussellen-nach-rspr-des-bfh\\\/\"]}]},{\"@type\":\"BreadcrumbList\",\"@id\":\"https:\\\/\\\/www.weberlaw.de\\\/de\\\/umsatzsteuer-voraussetzungen-fuer-den-vorsteuerabzug-in-faellen-der-umsatzsteuerkarussellen-nach-rspr-des-bfh\\\/#breadcrumb\",\"itemListElement\":[{\"@type\":\"ListItem\",\"position\":1,\"name\":\"Kanzlei f\u00fcr Recht &amp; Steuern\",\"item\":\"https:\\\/\\\/www.weberlaw.de\\\/en\\\/law-tax-office-karlsruhe-germany\\\/\"},{\"@type\":\"ListItem\",\"position\":2,\"name\":\"Umsatzsteuer: Voraussetzungen f\u00fcr den Vorsteuerabzug in F\u00e4llen der Umsatzsteuerkarussellen nach Rechtsprechung des BFH [\u2026] \u00bb\"}]},{\"@type\":\"WebSite\",\"@id\":\"https:\\\/\\\/www.weberlaw.de\\\/de\\\/#website\",\"url\":\"https:\\\/\\\/www.weberlaw.de\\\/de\\\/\",\"name\":\"Weber | Recht &amp; Steuern\",\"description\":\"Kanzlei f\u00fcr Wirtschafts- und Steuerrecht\",\"publisher\":{\"@id\":\"https:\\\/\\\/www.weberlaw.de\\\/de\\\/#organization\"},\"potentialAction\":[{\"@type\":\"SearchAction\",\"target\":{\"@type\":\"EntryPoint\",\"urlTemplate\":\"https:\\\/\\\/www.weberlaw.de\\\/de\\\/?s={search_term_string}\"},\"query-input\":{\"@type\":\"PropertyValueSpecification\",\"valueRequired\":true,\"valueName\":\"search_term_string\"}}],\"inLanguage\":\"en-US\"},{\"@type\":\"Organization\",\"@id\":\"https:\\\/\\\/www.weberlaw.de\\\/de\\\/#organization\",\"name\":\"Weber Recht & Steuern Kanzlei\",\"url\":\"https:\\\/\\\/www.weberlaw.de\\\/de\\\/\",\"logo\":{\"@type\":\"ImageObject\",\"inLanguage\":\"en-US\",\"@id\":\"https:\\\/\\\/www.weberlaw.de\\\/de\\\/#\\\/schema\\\/logo\\\/image\\\/\",\"url\":\"https:\\\/\\\/www.weberlaw.de\\\/wp-content\\\/uploads\\\/2020\\\/05\\\/weber-recht-steuern-karlsruhe-baden-baden-3.png\",\"contentUrl\":\"https:\\\/\\\/www.weberlaw.de\\\/wp-content\\\/uploads\\\/2020\\\/05\\\/weber-recht-steuern-karlsruhe-baden-baden-3.png\",\"width\":890,\"height\":200,\"caption\":\"Weber Recht & Steuern Kanzlei\"},\"image\":{\"@id\":\"https:\\\/\\\/www.weberlaw.de\\\/de\\\/#\\\/schema\\\/logo\\\/image\\\/\"},\"sameAs\":[\"https:\\\/\\\/de.linkedin.com\\\/in\\\/konstantinweber\"]},{\"@type\":\"Person\",\"@id\":\"https:\\\/\\\/www.weberlaw.de\\\/de\\\/#\\\/schema\\\/person\\\/aa3de834799230a63dfdf264ad0a9f09\",\"name\":\"Konstantin Weber\",\"image\":{\"@type\":\"ImageObject\",\"inLanguage\":\"en-US\",\"@id\":\"https:\\\/\\\/secure.gravatar.com\\\/avatar\\\/c729da3aba19b03c8c704e97d38ca7d4f52fc7a904621d45b197baee2c1ce0e0?s=96&d=mm&r=g\",\"url\":\"https:\\\/\\\/secure.gravatar.com\\\/avatar\\\/c729da3aba19b03c8c704e97d38ca7d4f52fc7a904621d45b197baee2c1ce0e0?s=96&d=mm&r=g\",\"contentUrl\":\"https:\\\/\\\/secure.gravatar.com\\\/avatar\\\/c729da3aba19b03c8c704e97d38ca7d4f52fc7a904621d45b197baee2c1ce0e0?s=96&d=mm&r=g\",\"caption\":\"Konstantin Weber\"},\"description\":\"Vita Studiert in Heidelberg, Rechtsreferendariat in Karlsruhe, Stuttgart und Providence (USA) abgeschlossen, lebend und arbeitend in Karlsruhe und Baden-Baden. Verheiratet und zwei Kinder, Fachautor und Vortragender im Umsatzsteuerrecht, Steuerstrafrecht, Steuerstreitrecht und Wirtschaftsstrafrecht. Mehr Information..\"}]}<\/script>\n<!-- \/ Yoast SEO plugin. -->","yoast_head_json":{"title":"Voraussetzungen f\u00fcr Vorsteuerabzug in Umsatzsteuerkarussellen","description":"Voraussetzungen f\u00fcr den Vorsteuerabzug in F\u00e4llen der Umsatzsteuerkarussellen nach Rechtsprechung des BFH, Aus\u00fcbung des Vorsteuerabzugs","robots":{"index":"index","follow":"follow","max-snippet":"max-snippet:-1","max-image-preview":"max-image-preview:large","max-video-preview":"max-video-preview:-1"},"canonical":"https:\/\/www.weberlaw.de\/de\/umsatzsteuer-voraussetzungen-fuer-den-vorsteuerabzug-in-faellen-der-umsatzsteuerkarussellen-nach-rspr-des-bfh\/","og_locale":"en_US","og_type":"article","og_title":"Voraussetzungen f\u00fcr Vorsteuerabzug in Umsatzsteuerkarussellen","og_description":"Voraussetzungen f\u00fcr den Vorsteuerabzug in F\u00e4llen der Umsatzsteuerkarussellen nach Rechtsprechung des BFH, Aus\u00fcbung des Vorsteuerabzugs","og_url":"https:\/\/www.weberlaw.de\/de\/umsatzsteuer-voraussetzungen-fuer-den-vorsteuerabzug-in-faellen-der-umsatzsteuerkarussellen-nach-rspr-des-bfh\/","og_site_name":"Weber | Recht &amp; Steuern","article_published_time":"2025-11-07T13:08:25+00:00","article_modified_time":"2026-03-30T22:10:35+00:00","author":"Konstantin Weber","twitter_card":"summary_large_image","twitter_misc":{"Written by":"Konstantin Weber","Est. reading time":"2 minutes"},"schema":{"@context":"https:\/\/schema.org","@graph":[{"@type":"Article","@id":"https:\/\/www.weberlaw.de\/de\/umsatzsteuer-voraussetzungen-fuer-den-vorsteuerabzug-in-faellen-der-umsatzsteuerkarussellen-nach-rspr-des-bfh\/#article","isPartOf":{"@id":"https:\/\/www.weberlaw.de\/de\/umsatzsteuer-voraussetzungen-fuer-den-vorsteuerabzug-in-faellen-der-umsatzsteuerkarussellen-nach-rspr-des-bfh\/"},"author":{"name":"Konstantin Weber","@id":"https:\/\/www.weberlaw.de\/de\/#\/schema\/person\/aa3de834799230a63dfdf264ad0a9f09"},"headline":"Umsatzsteuer: Voraussetzungen f\u00fcr den Vorsteuerabzug in F\u00e4llen der Umsatzsteuerkarussellen nach Rechtsprechung des BFH [\u2026] \u00bb","datePublished":"2025-11-07T13:08:25+00:00","dateModified":"2026-03-30T22:10:35+00:00","mainEntityOfPage":{"@id":"https:\/\/www.weberlaw.de\/de\/umsatzsteuer-voraussetzungen-fuer-den-vorsteuerabzug-in-faellen-der-umsatzsteuerkarussellen-nach-rspr-des-bfh\/"},"wordCount":373,"publisher":{"@id":"https:\/\/www.weberlaw.de\/de\/#organization"},"articleSection":["Newsletter"],"inLanguage":"en-US"},{"@type":"WebPage","@id":"https:\/\/www.weberlaw.de\/de\/umsatzsteuer-voraussetzungen-fuer-den-vorsteuerabzug-in-faellen-der-umsatzsteuerkarussellen-nach-rspr-des-bfh\/","url":"https:\/\/www.weberlaw.de\/de\/umsatzsteuer-voraussetzungen-fuer-den-vorsteuerabzug-in-faellen-der-umsatzsteuerkarussellen-nach-rspr-des-bfh\/","name":"Voraussetzungen f\u00fcr Vorsteuerabzug in Umsatzsteuerkarussellen","isPartOf":{"@id":"https:\/\/www.weberlaw.de\/de\/#website"},"datePublished":"2025-11-07T13:08:25+00:00","dateModified":"2026-03-30T22:10:35+00:00","description":"Voraussetzungen f\u00fcr den Vorsteuerabzug in F\u00e4llen der Umsatzsteuerkarussellen nach Rechtsprechung des BFH, Aus\u00fcbung des Vorsteuerabzugs","breadcrumb":{"@id":"https:\/\/www.weberlaw.de\/de\/umsatzsteuer-voraussetzungen-fuer-den-vorsteuerabzug-in-faellen-der-umsatzsteuerkarussellen-nach-rspr-des-bfh\/#breadcrumb"},"inLanguage":"en-US","potentialAction":[{"@type":"ReadAction","target":["https:\/\/www.weberlaw.de\/de\/umsatzsteuer-voraussetzungen-fuer-den-vorsteuerabzug-in-faellen-der-umsatzsteuerkarussellen-nach-rspr-des-bfh\/"]}]},{"@type":"BreadcrumbList","@id":"https:\/\/www.weberlaw.de\/de\/umsatzsteuer-voraussetzungen-fuer-den-vorsteuerabzug-in-faellen-der-umsatzsteuerkarussellen-nach-rspr-des-bfh\/#breadcrumb","itemListElement":[{"@type":"ListItem","position":1,"name":"Kanzlei f\u00fcr Recht &amp; Steuern","item":"https:\/\/www.weberlaw.de\/en\/law-tax-office-karlsruhe-germany\/"},{"@type":"ListItem","position":2,"name":"Umsatzsteuer: Voraussetzungen f\u00fcr den Vorsteuerabzug in F\u00e4llen der Umsatzsteuerkarussellen nach Rechtsprechung des BFH [\u2026] \u00bb"}]},{"@type":"WebSite","@id":"https:\/\/www.weberlaw.de\/de\/#website","url":"https:\/\/www.weberlaw.de\/de\/","name":"Weber | Recht &amp; Steuern","description":"Kanzlei f\u00fcr Wirtschafts- und Steuerrecht","publisher":{"@id":"https:\/\/www.weberlaw.de\/de\/#organization"},"potentialAction":[{"@type":"SearchAction","target":{"@type":"EntryPoint","urlTemplate":"https:\/\/www.weberlaw.de\/de\/?s={search_term_string}"},"query-input":{"@type":"PropertyValueSpecification","valueRequired":true,"valueName":"search_term_string"}}],"inLanguage":"en-US"},{"@type":"Organization","@id":"https:\/\/www.weberlaw.de\/de\/#organization","name":"Weber Recht & Steuern Kanzlei","url":"https:\/\/www.weberlaw.de\/de\/","logo":{"@type":"ImageObject","inLanguage":"en-US","@id":"https:\/\/www.weberlaw.de\/de\/#\/schema\/logo\/image\/","url":"https:\/\/www.weberlaw.de\/wp-content\/uploads\/2020\/05\/weber-recht-steuern-karlsruhe-baden-baden-3.png","contentUrl":"https:\/\/www.weberlaw.de\/wp-content\/uploads\/2020\/05\/weber-recht-steuern-karlsruhe-baden-baden-3.png","width":890,"height":200,"caption":"Weber Recht & Steuern Kanzlei"},"image":{"@id":"https:\/\/www.weberlaw.de\/de\/#\/schema\/logo\/image\/"},"sameAs":["https:\/\/de.linkedin.com\/in\/konstantinweber"]},{"@type":"Person","@id":"https:\/\/www.weberlaw.de\/de\/#\/schema\/person\/aa3de834799230a63dfdf264ad0a9f09","name":"Konstantin Weber","image":{"@type":"ImageObject","inLanguage":"en-US","@id":"https:\/\/secure.gravatar.com\/avatar\/c729da3aba19b03c8c704e97d38ca7d4f52fc7a904621d45b197baee2c1ce0e0?s=96&d=mm&r=g","url":"https:\/\/secure.gravatar.com\/avatar\/c729da3aba19b03c8c704e97d38ca7d4f52fc7a904621d45b197baee2c1ce0e0?s=96&d=mm&r=g","contentUrl":"https:\/\/secure.gravatar.com\/avatar\/c729da3aba19b03c8c704e97d38ca7d4f52fc7a904621d45b197baee2c1ce0e0?s=96&d=mm&r=g","caption":"Konstantin Weber"},"description":"Vita Studiert in Heidelberg, Rechtsreferendariat in Karlsruhe, Stuttgart und Providence (USA) abgeschlossen, lebend und arbeitend in Karlsruhe und Baden-Baden. Verheiratet und zwei Kinder, Fachautor und Vortragender im Umsatzsteuerrecht, Steuerstrafrecht, Steuerstreitrecht und Wirtschaftsstrafrecht. Mehr Information.."}]}},"_links":{"self":[{"href":"https:\/\/www.weberlaw.de\/en\/wp-json\/wp\/v2\/posts\/675","targetHints":{"allow":["GET"]}}],"collection":[{"href":"https:\/\/www.weberlaw.de\/en\/wp-json\/wp\/v2\/posts"}],"about":[{"href":"https:\/\/www.weberlaw.de\/en\/wp-json\/wp\/v2\/types\/post"}],"author":[{"embeddable":true,"href":"https:\/\/www.weberlaw.de\/en\/wp-json\/wp\/v2\/users\/2"}],"replies":[{"embeddable":true,"href":"https:\/\/www.weberlaw.de\/en\/wp-json\/wp\/v2\/comments?post=675"}],"version-history":[{"count":3,"href":"https:\/\/www.weberlaw.de\/en\/wp-json\/wp\/v2\/posts\/675\/revisions"}],"predecessor-version":[{"id":2545,"href":"https:\/\/www.weberlaw.de\/en\/wp-json\/wp\/v2\/posts\/675\/revisions\/2545"}],"wp:attachment":[{"href":"https:\/\/www.weberlaw.de\/en\/wp-json\/wp\/v2\/media?parent=675"}],"wp:term":[{"taxonomy":"category","embeddable":true,"href":"https:\/\/www.weberlaw.de\/en\/wp-json\/wp\/v2\/categories?post=675"},{"taxonomy":"post_tag","embeddable":true,"href":"https:\/\/www.weberlaw.de\/en\/wp-json\/wp\/v2\/tags?post=675"}],"curies":[{"name":"wp","href":"https:\/\/api.w.org\/{rel}","templated":true}]}}